{"id":977,"date":"2020-10-05T10:05:56","date_gmt":"2020-10-05T08:05:56","guid":{"rendered":"http:\/\/www.gimnasticna-zveza.si\/?p=977"},"modified":"2020-10-05T22:07:43","modified_gmt":"2020-10-05T20:07:43","slug":"gimnasticni-svetovni-pokal-se-vraca-v-slovenijo","status":"publish","type":"post","link":"https:\/\/www.gimnasticna-zveza.si\/index.php\/2020\/10\/05\/gimnasticni-svetovni-pokal-se-vraca-v-slovenijo\/","title":{"rendered":"Gimnasti\u010dni svetovni pokal se vra\u010da v Slovenijo"},"content":{"rendered":"\n<p>Ljubljana, 05. oktobra (STA) &#8211; Letos je koronavirusna pandemija odnesla \u0161tevilna \u0161portna tekmovanja, poletne olimpijske igre Tokio 2020 so morali zaradi covida-19 prelo\u017eiti za leto dni, ena od \u017ertev pandemije je bil tudi tradicionalni svetovni pokal v mo\u0161ki in \u017eenski \u0161portni gimnastiki na slovenskih tleh. A se vra\u010da \u017ee prihodnje leto; tokrat prvi\u010d v jesenskem terminu.<\/p>\n\n\n\n<p>Pri Gimnasti\u010dni zvezi Slovenije (GZS) so se ob nastopu koronske krize kot \u0161e ve\u010dina drugih z le eno izjemo odlo\u010dili, da svetovnega pokala s spomladanskega ne bodo le prelo\u017eili na jesensko obdobje, ampak za letos odpovedali.<\/p>\n\n\n\n<p>Tak\u0161no usodo so delila tudi vsa preostala gimnasti\u010dna tekmovanja za svetovni pokal z izjemo Sombotela, kjer je minuli konec tedna Rok Klavora zmagal na parterju, Luka Bojanc pa je bil \u0161esti na krogih.<\/p>\n\n\n\n<p>&#8220;Glede na to, kako se v danih razmerah obna\u0161ajo pri Mednarodni gimnasti\u010dni zvezi (Fig, op. STA), je bila odlo\u010ditev, da smo letos svetovni pokal odpovedali, pravilna. A vra\u010damo se spet prihodnje leto,&#8221; je za STA uvodoma dejala direktorica GZS \u0160pela Hus.<\/p>\n\n\n\n<p>Novost pa je jesenski termin. Ponavadi je bil slovenski svetovni pokal ali zadnja tekma pred evropskim prvenstvom ali proti koncu spomladanske sezone, prihodnje leto bo prvi\u010d v zgodnji jeseni. Po novem bo Koper namre\u010d svetovni pokal gostil od 2. do 5. septembra 2021, so potrdili pri krovni mednarodni zvezi.<\/p>\n\n\n\n<p>Se pravi, da bo Slovenija vabila najbolj\u0161e telovadce sveta po koncu poletnih olimpijskih iger v Tokiu.<\/p>\n\n\n\n<p>&#8220;V bistvu nam pri Figu niso dali veliko manevrskega prostora. Na voljo so nam dali nekaj terminov, po ve\u010d kot mesecu dni usklajevanja nam je uspelo dolo\u010diti najustreznej\u0161ega. A jesenski termin je z vidika polo\u017eaja glede pandemije covida-19 zagotovo bolj primeren,&#8221; je bila odkrita Husova.<\/p>\n\n\n\n<p>&#8220;Mi ra\u010dunamo, da se bodo ljudje \u017ee malo sprostili po tem te\u017ekem letu. Pa tudi na to, da si bo marsikatera zvezda svetovne gimnastike morda pri nas ob morju \u017eelela mirno kon\u010dati naporno olimpijsko sezono, ki se bo vlekla dve leti,&#8221; je dodala direktorica zveze.<\/p>\n\n\n\n<p>Danes bo predvidoma znana tudi odlo\u010ditev o tem, ali bo Evropska gimnastika (UEG) v letu 2020 priredila prvenstvo stare celine ali ne. Kon\u010dno odlo\u010ditev o usodi EP v mo\u0161ki in \u017eenski \u0161portni gimnastiki bi morala sicer sporo\u010diti \u017ee prej\u0161nji teden, a je dala zeleno lu\u010d za zdaj le EP v ritmi\u010dni gimnastiki, ki bo novembra v Kijevu.<\/p>\n\n\n\n<p>Za obe EP v \u0161portni gimnastiki pa je odlo\u010ditev prestavila na danes. Neuradno je bilo v gimnasti\u010dnih krogih mo\u010d sli\u0161ati, da so namesto Bakuja, ki je odpovedal decembrsko organizacijo, kandidaturo pripravljeni prevzeti Mad\u017eari ali Turki. Prvi niso dobili dovoljenja oblasti, z drugimi se UEG \u0161e pogaja za izvedbo.<\/p>\n\n\n\n<p>O kandidaturi za organizacijo decembrskega EP so sicer razmi\u0161ljali tudi pri slovenski zvezi in se o tem \u017ee pogovarjali z UEG, je za STA potrdila Husova.<\/p>\n\n\n\n<p>&#8220;Dobili smo dovoljenje UEG, da bi lahko prvenstvo organizirali v nekak\u0161nem karantenskem mehur\u010dku po vzoru nekaterih drugih ve\u010djih tekmovanj. Najve\u010dji problem za nas so \u0161tirje kompleti popolnih gimnasti\u010dnih orodij, ki jih za razliko od Mad\u017earske in Tur\u010dije v Sloveniji nimamo. Najem pa je zelo drag. \u010ce bi \u0161li v organizacijo, bi bil eden od na\u0161ih pogojev tudi ta, da zadr\u017eimo dva kompleta orodij. A nismo pri\u0161li tako dale\u010d, pogoji UEG za nas \u017eal niso bili ustrezni,&#8221; \u0161e pravi direktorica GZS, ki meni, da je evropski zvezi vseeno v interesu, da obe tekmovanji izpelje.<\/p>\n\n\n\n<p>Danes se tako pri\u010dakuje kon\u010dna odlo\u010ditev, Husova si tako kot ve\u010dina \u0161portnikov, ki so zaradi koronske krize izgubili ve\u010d kot pol leta tekmovanj, \u017eeli, da prvenstvo tudi v letu 2020 bo.<\/p>\n","protected":false},"excerpt":{"rendered":"<p>Ljubljana, 05. oktobra (STA) &#8211; Letos je koronavirusna pandemija odnesla<span class=\"excerpt-hellip\"> [\u2026]<\/span><\/p>\n","protected":false},"author":3,"featured_media":978,"comment_status":"open","ping_status":"open","sticky":false,"template":"","format":"standard","meta":{"_monsterinsights_skip_tracking":false,"_monsterinsights_sitenote_active":false,"_monsterinsights_sitenote_note":"","_monsterinsights_sitenote_category":0,"footnotes":""},"categories":[30],"tags":[],"class_list":["post-977","post","type-post","status-publish","format-standard","has-post-thumbnail","hentry","category-svetovni-pokal-v-sportni-gimnastiki"],"_links":{"self":[{"href":"https:\/\/www.gimnasticna-zveza.si\/index.php\/wp-json\/wp\/v2\/posts\/977","targetHints":{"allow":["GET"]}}],"collection":[{"href":"https:\/\/www.gimnasticna-zveza.si\/index.php\/wp-json\/wp\/v2\/posts"}],"about":[{"href":"https:\/\/www.gimnasticna-zveza.si\/index.php\/wp-json\/wp\/v2\/types\/post"}],"author":[{"embeddable":true,"href":"https:\/\/www.gimnasticna-zveza.si\/index.php\/wp-json\/wp\/v2\/users\/3"}],"replies":[{"embeddable":true,"href":"https:\/\/www.gimnasticna-zveza.si\/index.php\/wp-json\/wp\/v2\/comments?post=977"}],"version-history":[{"count":1,"href":"https:\/\/www.gimnasticna-zveza.si\/index.php\/wp-json\/wp\/v2\/posts\/977\/revisions"}],"predecessor-version":[{"id":979,"href":"https:\/\/www.gimnasticna-zveza.si\/index.php\/wp-json\/wp\/v2\/posts\/977\/revisions\/979"}],"wp:featuredmedia":[{"embeddable":true,"href":"https:\/\/www.gimnasticna-zveza.si\/index.php\/wp-json\/wp\/v2\/media\/978"}],"wp:attachment":[{"href":"https:\/\/www.gimnasticna-zveza.si\/index.php\/wp-json\/wp\/v2\/media?parent=977"}],"wp:term":[{"taxonomy":"category","embeddable":true,"href":"https:\/\/www.gimnasticna-zveza.si\/index.php\/wp-json\/wp\/v2\/categories?post=977"},{"taxonomy":"post_tag","embeddable":true,"href":"https:\/\/www.gimnasticna-zveza.si\/index.php\/wp-json\/wp\/v2\/tags?post=977"}],"curies":[{"name":"wp","href":"https:\/\/api.w.org\/{rel}","templated":true}]}}