{"id":965,"date":"2020-10-02T19:08:52","date_gmt":"2020-10-02T17:08:52","guid":{"rendered":"http:\/\/www.gimnasticna-zveza.si\/?p=965"},"modified":"2020-10-02T19:08:57","modified_gmt":"2020-10-02T17:08:57","slug":"klavora-in-bojanc-finalista-sombotela","status":"publish","type":"post","link":"https:\/\/www.gimnasticna-zveza.si\/index.php\/2020\/10\/02\/klavora-in-bojanc-finalista-sombotela\/","title":{"rendered":"Klavora in Bojanc finalista Sombotela"},"content":{"rendered":"\n<p>Sombotel, 02. oktobra (STA) &#8211; Slovenska telovadca Rok Klavora na parterju in Luka Bojanc na krogih sta si v dana\u0161njih kvalifikacijah svetovnega izziva v Sombotelu pritelovadila finalna nastopa najbolj\u0161e osmerice. Na prvi ve\u010dji tekmi v svetu po koronskem premoru je tekmovalo pet Slovencev, v sobotnih finalih po orodjih pa bosta nastopila Klavora s sedmo in Bojanc z osmo oceno.<\/p>\n\n\n\n<p>Svetovni pokal v Sombotelu ima dolgo tradicijo. Potem ko so zaradi koronavirusne pandemije spomladi in jeseni odpadla skoraj vsa gimnasti\u010dna tekmovanja, so mad\u017earski prireditelji vztrajali. Udele\u017eencem so sicer nalo\u017eili nekaj pogojev, ki jih morajo izpolniti, a na tekmi je kljub temu nastopilo nekaj zvene\u010dih imen svetovne gimnastike.<\/p>\n\n\n\n<p>&#8220;Imamo dva finalista, Klavora si je priboril finale parterja, Bojanc pa se bo \u0161e enkrat predstavil na krogih. Preostali fantje so svoje sestave prikazali solidno, ampak za finale svetovnega pokala ni bilo dovolj. Zlasti mo\u010dna je bila zasedba na parterju in konju z ro\u010daji. \u010ceprav konkurenca ni tako mo\u010dna, kot je bila lani, pa je precej bolj\u0161a zasedba, kot sem pri\u010dakoval,&#8221; je iz Sombotela za STA sporo\u010dil selektor slovenske vrste Sebastijan Pileti\u010d.<\/p>\n\n\n\n<p>&#8220;Rok je sestavo na parterju pokazal lepo, na koncu pa je naredil slab seskok in padel ven. Zato je proti pri\u010dakovanjem dolgo trepetal, kaj bo s finalom, a ima jutri \u0161e eno prilo\u017enost. Luka pa se je prvi\u010d v karieri uvrstil v finale svetovnega pokala. Ni \u0161e pokazal vsega, kar zna na krogih. \u010ce mu bo jutri to uspelo, ocenjujem, da lahko pose\u017ee nekje od tretjega do petega mesta,&#8221; je dodal Pileti\u010d.<\/p>\n\n\n\n<p>Prvo ime slovenske vrste Klavora, poleg njega in Bojanca so na Mad\u017earskem tekmovali Jure Weingerl (parter), Luka Ki\u0161ek in Jure Pavlica (oba konj z ro\u010daji), je po tekmi priznal, da je imel po tako dolgem premoru kar nekaj treme.<\/p>\n\n\n\n<p>&#8220;Ve\u010d kot pol leta nisem tekmoval in tega ob\u010dutka nisem vajen. Vajo na parterju sem naredil zelo lepo, a na koncu se mi je pripetila velika napaka, ki mi je odnesla precej pri oceni. Priznam, da sem vseeno pri\u010dakoval vi\u0161jo,&#8221; pa je za STA po uspe\u0161nih kvalifikacijah dejal Klavora, ki si \u017eeli v soboto popraviti napako.<\/p>\n\n\n\n<p>Vseeno je izku\u0161eni telovadec zelo u\u017eival v tekmi. &#8220;Res sem mo\u010dno pogre\u0161al tekmovanja in te ob\u010dutke adrenalina. Super je bilo, prava ekipa smo tu in veselim se finala,&#8221; je \u0161e dejal Ljubljan\u010dan.<\/p>\n\n\n\n<p>Slovenska mo\u0161ka vrsta v Sombotelu nastopa brez najbolj\u0161ega telovadca Sa\u0161a Bertonclja, ki tekmuje v nem\u0161ki ligi, ob po\u0161kodbah najbolj\u0161ih Teje Belak, Tja\u0161e Kysselef in Lucije Hribar pa je ostala brez predstavnice v \u017eenski konkurenci.<\/p>\n\n\n\n<p>Sobotni finali se bodo v dvorani Arena Savaria za\u010deli ob 15. uri.<\/p>\n","protected":false},"excerpt":{"rendered":"<p>Sombotel, 02. oktobra (STA) &#8211; Slovenska telovadca Rok Klavora na<span class=\"excerpt-hellip\"> [\u2026]<\/span><\/p>\n","protected":false},"author":3,"featured_media":966,"comment_status":"open","ping_status":"open","sticky":false,"template":"","format":"standard","meta":{"_monsterinsights_skip_tracking":false,"_monsterinsights_sitenote_active":false,"_monsterinsights_sitenote_note":"","_monsterinsights_sitenote_category":0,"footnotes":""},"categories":[28],"tags":[],"class_list":["post-965","post","type-post","status-publish","format-standard","has-post-thumbnail","hentry","category-vrhunski-sport"],"_links":{"self":[{"href":"https:\/\/www.gimnasticna-zveza.si\/index.php\/wp-json\/wp\/v2\/posts\/965","targetHints":{"allow":["GET"]}}],"collection":[{"href":"https:\/\/www.gimnasticna-zveza.si\/index.php\/wp-json\/wp\/v2\/posts"}],"about":[{"href":"https:\/\/www.gimnasticna-zveza.si\/index.php\/wp-json\/wp\/v2\/types\/post"}],"author":[{"embeddable":true,"href":"https:\/\/www.gimnasticna-zveza.si\/index.php\/wp-json\/wp\/v2\/users\/3"}],"replies":[{"embeddable":true,"href":"https:\/\/www.gimnasticna-zveza.si\/index.php\/wp-json\/wp\/v2\/comments?post=965"}],"version-history":[{"count":1,"href":"https:\/\/www.gimnasticna-zveza.si\/index.php\/wp-json\/wp\/v2\/posts\/965\/revisions"}],"predecessor-version":[{"id":967,"href":"https:\/\/www.gimnasticna-zveza.si\/index.php\/wp-json\/wp\/v2\/posts\/965\/revisions\/967"}],"wp:featuredmedia":[{"embeddable":true,"href":"https:\/\/www.gimnasticna-zveza.si\/index.php\/wp-json\/wp\/v2\/media\/966"}],"wp:attachment":[{"href":"https:\/\/www.gimnasticna-zveza.si\/index.php\/wp-json\/wp\/v2\/media?parent=965"}],"wp:term":[{"taxonomy":"category","embeddable":true,"href":"https:\/\/www.gimnasticna-zveza.si\/index.php\/wp-json\/wp\/v2\/categories?post=965"},{"taxonomy":"post_tag","embeddable":true,"href":"https:\/\/www.gimnasticna-zveza.si\/index.php\/wp-json\/wp\/v2\/tags?post=965"}],"curies":[{"name":"wp","href":"https:\/\/api.w.org\/{rel}","templated":true}]}}