{"id":960,"date":"2020-10-02T18:50:17","date_gmt":"2020-10-02T16:50:17","guid":{"rendered":"http:\/\/www.gimnasticna-zveza.si\/?p=960"},"modified":"2020-10-02T18:50:22","modified_gmt":"2020-10-02T16:50:22","slug":"imamo-nov-datum-16-svetovnega-pokala-v-sportni-gimnastiki","status":"publish","type":"post","link":"https:\/\/www.gimnasticna-zveza.si\/index.php\/2020\/10\/02\/imamo-nov-datum-16-svetovnega-pokala-v-sportni-gimnastiki\/","title":{"rendered":"Imamo nov datum 16. svetovnega pokala v \u0161portni gimnastiki"},"content":{"rendered":"\n<p>Po prvotni odpovedi 16. zaporednega svetovnega pokala v \u0161portni gimnastiki, ki bi prvotno moralo potekati junija 2020, imamo nov datum najve\u010djega gimnasti\u010dnega tekmovanja pri nas.<\/p>\n\n\n\n<p>To bo potekalo med <strong>2. in 5. septembrom 2021<\/strong> v obalni prestolnici, Kopru. Ve\u010d informacij sledi, do takrat pa lahko spremljate doma\u010da tekmovanja v vseh gimnasti\u010dnih panogah.<\/p>\n","protected":false},"excerpt":{"rendered":"<p>Po prvotni odpovedi 16. zaporednega svetovnega pokala v \u0161portni gimnastiki,<span class=\"excerpt-hellip\"> [\u2026]<\/span><\/p>\n","protected":false},"author":3,"featured_media":962,"comment_status":"open","ping_status":"open","sticky":false,"template":"","format":"standard","meta":{"_monsterinsights_skip_tracking":false,"_monsterinsights_sitenote_active":false,"_monsterinsights_sitenote_note":"","_monsterinsights_sitenote_category":0,"footnotes":""},"categories":[30],"tags":[],"class_list":["post-960","post","type-post","status-publish","format-standard","has-post-thumbnail","hentry","category-svetovni-pokal-v-sportni-gimnastiki"],"_links":{"self":[{"href":"https:\/\/www.gimnasticna-zveza.si\/index.php\/wp-json\/wp\/v2\/posts\/960","targetHints":{"allow":["GET"]}}],"collection":[{"href":"https:\/\/www.gimnasticna-zveza.si\/index.php\/wp-json\/wp\/v2\/posts"}],"about":[{"href":"https:\/\/www.gimnasticna-zveza.si\/index.php\/wp-json\/wp\/v2\/types\/post"}],"author":[{"embeddable":true,"href":"https:\/\/www.gimnasticna-zveza.si\/index.php\/wp-json\/wp\/v2\/users\/3"}],"replies":[{"embeddable":true,"href":"https:\/\/www.gimnasticna-zveza.si\/index.php\/wp-json\/wp\/v2\/comments?post=960"}],"version-history":[{"count":1,"href":"https:\/\/www.gimnasticna-zveza.si\/index.php\/wp-json\/wp\/v2\/posts\/960\/revisions"}],"predecessor-version":[{"id":964,"href":"https:\/\/www.gimnasticna-zveza.si\/index.php\/wp-json\/wp\/v2\/posts\/960\/revisions\/964"}],"wp:featuredmedia":[{"embeddable":true,"href":"https:\/\/www.gimnasticna-zveza.si\/index.php\/wp-json\/wp\/v2\/media\/962"}],"wp:attachment":[{"href":"https:\/\/www.gimnasticna-zveza.si\/index.php\/wp-json\/wp\/v2\/media?parent=960"}],"wp:term":[{"taxonomy":"category","embeddable":true,"href":"https:\/\/www.gimnasticna-zveza.si\/index.php\/wp-json\/wp\/v2\/categories?post=960"},{"taxonomy":"post_tag","embeddable":true,"href":"https:\/\/www.gimnasticna-zveza.si\/index.php\/wp-json\/wp\/v2\/tags?post=960"}],"curies":[{"name":"wp","href":"https:\/\/api.w.org\/{rel}","templated":true}]}}