{"id":9255,"date":"2026-04-04T19:12:00","date_gmt":"2026-04-04T17:12:00","guid":{"rendered":"https:\/\/www.gimnasticna-zveza.si\/?p=9255"},"modified":"2026-04-07T09:12:50","modified_gmt":"2026-04-07T07:12:50","slug":"zala-trtnik-in-vita-prijanovic-neuspesni-v-lovu-na-finale","status":"publish","type":"post","link":"https:\/\/www.gimnasticna-zveza.si\/index.php\/2026\/04\/04\/zala-trtnik-in-vita-prijanovic-neuspesni-v-lovu-na-finale\/","title":{"rendered":"Zala Trtnik in Vita Prijanovi\u010d neuspe\u0161ni v lovu na finale"},"content":{"rendered":"\n<p><strong>Kairo, 04. aprila (STA in GZS) &#8211; Mladi slovenski telovadki Zala Trtnik in Vita Prijanovi\u010d drugi dan kvalifikacij svetovnega pokala v Kairu nista telovadili po \u017eeljah. Nobeni od njiju se ni uspelo prebiti v ponedeljkov finale. \u017de v nedeljo pa boji za kolajne \u010dakajo Tejo Belak, Gregorja Rakovi\u010da in Lucijo Hribar.<\/strong><\/p>\n\n\n\n<p>Tako <strong>Trtnik <\/strong>kot <strong>Prijanovi\u010d <\/strong>sta najprej nastopili v kvalifikacijah gredi. Po besedah trenerja <strong>Urbana Severja <\/strong>ne ena ne druga nista dobro tekmovali, na koncu je Prijanovi\u010d (11,800 to\u010dke) zasedla 15. mesto, Trtnik (11,366) pa je bila 20.<\/p>\n\n\n\n<p>Prijanovi\u010d se je predstavila tudi na parterju, kjer je z 11,566 tekmovanje kon\u010dala na 16. mestu.<\/p>\n\n\n\n<p><em>&#8220;Danes se nam nastopi na gredi niso iz\u0161li po na\u010drtih, tako Zala kot Vita sta imeli po en padec, obe pri akrobatskih serijah. Trenutno na gredi ne najdemo nekega jasnega vzroka za malo slab\u0161e rezultate, ker na\u010deloma dekleti na treningih vaje opravljata brez velikih napak in zelo dobro,&#8221; <\/em>je po nastopih za STA povedal Sever.<\/p>\n\n\n\n<p><em>&#8220;Zdaj moramo ugotoviti, kaj vpliva na druga\u010dno po\u010dutje deklet na tekmi, da bosta lahko dobre nastope prenesli tudi na tekmo. Vemo namre\u010d, da sta sposobni na tem orodju narediti veliko ve\u010d. Kar se ti\u010de Vite na parterju, je pa svojo vajo izvedla korektno, z manj\u0161imi napakami pri doskokih, kar je zadostovalo za 16. mesto,&#8221;<\/em> je \u0161e dodal trener.<\/p>\n\n\n\n<p>Kairo je po odpovedi finala v Dohi zaradi razmer na Bli\u017enjem vzhodu predzadnja postaja sezone. Prihodnji konec tedna bo nadomestni finale gostil Osijek.<\/p>\n\n\n\n<figure class=\"wp-block-image size-large\"><img fetchpriority=\"high\" decoding=\"async\" width=\"1024\" height=\"717\" src=\"https:\/\/www.gimnasticna-zveza.si\/wp-content\/uploads\/2026\/02\/12_sponzorji_gzs_banner_mailchimp_februar-2026-1024x717.jpg\" alt=\"\" class=\"wp-image-9068\" srcset=\"https:\/\/www.gimnasticna-zveza.si\/wp-content\/uploads\/2026\/02\/12_sponzorji_gzs_banner_mailchimp_februar-2026-1024x717.jpg 1024w, https:\/\/www.gimnasticna-zveza.si\/wp-content\/uploads\/2026\/02\/12_sponzorji_gzs_banner_mailchimp_februar-2026-300x210.jpg 300w, https:\/\/www.gimnasticna-zveza.si\/wp-content\/uploads\/2026\/02\/12_sponzorji_gzs_banner_mailchimp_februar-2026-768x538.jpg 768w, https:\/\/www.gimnasticna-zveza.si\/wp-content\/uploads\/2026\/02\/12_sponzorji_gzs_banner_mailchimp_februar-2026-107x75.jpg 107w, https:\/\/www.gimnasticna-zveza.si\/wp-content\/uploads\/2026\/02\/12_sponzorji_gzs_banner_mailchimp_februar-2026-480x336.jpg 480w, https:\/\/www.gimnasticna-zveza.si\/wp-content\/uploads\/2026\/02\/12_sponzorji_gzs_banner_mailchimp_februar-2026.jpg 1417w\" sizes=\"(max-width:767px) 480px, (max-width:1024px) 100vw, 1024px\" \/><\/figure>\n","protected":false},"excerpt":{"rendered":"<p>Kairo, 04. aprila (STA in GZS) &#8211; Mladi slovenski telovadki<span class=\"excerpt-hellip\"> [\u2026]<\/span><\/p>\n","protected":false},"author":8,"featured_media":9264,"comment_status":"open","ping_status":"open","sticky":false,"template":"","format":"standard","meta":{"_monsterinsights_skip_tracking":false,"_monsterinsights_sitenote_active":false,"_monsterinsights_sitenote_note":"","_monsterinsights_sitenote_category":0,"footnotes":""},"categories":[31],"tags":[],"class_list":["post-9255","post","type-post","status-publish","format-standard","has-post-thumbnail","hentry","category-gimnastika"],"_links":{"self":[{"href":"https:\/\/www.gimnasticna-zveza.si\/index.php\/wp-json\/wp\/v2\/posts\/9255","targetHints":{"allow":["GET"]}}],"collection":[{"href":"https:\/\/www.gimnasticna-zveza.si\/index.php\/wp-json\/wp\/v2\/posts"}],"about":[{"href":"https:\/\/www.gimnasticna-zveza.si\/index.php\/wp-json\/wp\/v2\/types\/post"}],"author":[{"embeddable":true,"href":"https:\/\/www.gimnasticna-zveza.si\/index.php\/wp-json\/wp\/v2\/users\/8"}],"replies":[{"embeddable":true,"href":"https:\/\/www.gimnasticna-zveza.si\/index.php\/wp-json\/wp\/v2\/comments?post=9255"}],"version-history":[{"count":2,"href":"https:\/\/www.gimnasticna-zveza.si\/index.php\/wp-json\/wp\/v2\/posts\/9255\/revisions"}],"predecessor-version":[{"id":9263,"href":"https:\/\/www.gimnasticna-zveza.si\/index.php\/wp-json\/wp\/v2\/posts\/9255\/revisions\/9263"}],"wp:featuredmedia":[{"embeddable":true,"href":"https:\/\/www.gimnasticna-zveza.si\/index.php\/wp-json\/wp\/v2\/media\/9264"}],"wp:attachment":[{"href":"https:\/\/www.gimnasticna-zveza.si\/index.php\/wp-json\/wp\/v2\/media?parent=9255"}],"wp:term":[{"taxonomy":"category","embeddable":true,"href":"https:\/\/www.gimnasticna-zveza.si\/index.php\/wp-json\/wp\/v2\/categories?post=9255"},{"taxonomy":"post_tag","embeddable":true,"href":"https:\/\/www.gimnasticna-zveza.si\/index.php\/wp-json\/wp\/v2\/tags?post=9255"}],"curies":[{"name":"wp","href":"https:\/\/api.w.org\/{rel}","templated":true}]}}