{"id":9158,"date":"2026-03-14T20:25:17","date_gmt":"2026-03-14T18:25:17","guid":{"rendered":"https:\/\/www.gimnasticna-zveza.si\/?p=9158"},"modified":"2026-03-14T20:25:18","modified_gmt":"2026-03-14T18:25:18","slug":"teja-belak-in-lucija-hribar-na-zmagovalnem-odru-v-antalyi","status":"publish","type":"post","link":"https:\/\/www.gimnasticna-zveza.si\/index.php\/2026\/03\/14\/teja-belak-in-lucija-hribar-na-zmagovalnem-odru-v-antalyi\/","title":{"rendered":"Teja Belak in Lucija Hribar na zmagovalnem odru v Antalyi"},"content":{"rendered":"\n<p><strong>Antalya, 14. marca (STA in GZS) &#8211; Telovadki Teja Belak in Lucija Hribar sta blesteli v finalih svetovnega pokala v Antalyi in se povzpeli na zmagovalni oder. Belak je druge stopni\u010dke to sezono na preskoku osvojila z najvi\u0161jo oceno tekmovanja (13,483), zmaga pa je po pravilu krovne svetovne zveze pripadla Rusinji Ljudmili Ro\u0161\u010dini. Hribar (13,333) pa je bila bronasta na bradlji.<\/strong><\/p>\n\n\n\n<p>Belak je \u0161e na drugi od dosedanjih treh tekem najvi\u0161je ravni to sezono stopila na zmagovalni oder. Danes je po odli\u010dnem nastopu na preskoku vse kazalo na zmago 31-letne Slovenke, saj je bilo &#8211; sploh pri prvem skoku &#8211; pri\u010dakovati \u0161e nekaj vi\u0161jo oceno.<\/p>\n\n\n\n<p>Na koncu sta z rusko tekmico prejeli do tiso\u010dinke to\u010dke isti oceni, 13,483, vendar je zmaga zaradi pravila, da je v prednosti telovadka, ki ima med vsemi \u0161tirimi skoki (\u0161tejejo tudi kvalifikacije) vi\u0161jo oceno, pripadla Ro\u0161\u010dini.<\/p>\n\n\n\n<p><em>&#8220;Z dana\u0161njim nastopom sem v bistvu zelo zadovoljna, sploh prvi skok mi je res uspel sanjsko, tako da sem pri\u010dakovala vi\u0161jo ceno. Naredila sem zelo lep skok, ni bil za 1,2 to\u010dke odbitka, ampak na preskoku se \u017eal ve\u010dkrat kaj spregleda. Drugi skok je bil tudi zelo lep, visok, ampak me je korak pri doskoku stal zanesljive zmage,&#8221; <\/em>je uspe\u0161no tekmo za STA ocenila Belak.<\/p>\n\n\n\n<p>Kot je priznala po tekmi, vseeno \u010duti malo razo\u010daranja zaradi na\u010dina, kako je izgubila zmago.<em> &#8220;Sprva sploh nisem vedela, da imava z Rusinjo isto oceno. Seveda sem zadovoljna, po drugi strani pa malo razo\u010darana zaradi razpleta. Morda preve\u010d zahtevam od sebe, ampak po vsem, kar se je dogajalo od Bakuja dalje, sem danes res dobro sko\u010dila,&#8221;<\/em> je bila vseeno zelo zadovoljna.<\/p>\n\n\n\n<p>Od sre\u010de je sijala tudi 24-letna Hribar, ki se je po finalu na gredi v Tur\u010diji prvi\u010d to sezono uvrstila \u0161e v finale na svojem paradnem orodju, bradlji, in takoj sko\u010dila na stopni\u010dke.<\/p>\n\n\n\n<p>&#8220;Zelo sem vesela, da se mi je danes v finalu uspelo zbrati in narediti zelo lepo vajo s te\u017ejim seskokom. S tem sem si v mo\u010dni konkurenci tudi priborila tretje mesto, zato sem zelo vesela in ponosna nase,&#8221; je bila zadovoljna Hribar.<\/p>\n\n\n\n<p><em>&#8220;Lepo sem se zbrala in naredila tako, kot znam. Zdaj grem z ve\u010djim elanom novim ciljem naproti, na naslednje svetovne pokale, ki \u0161e pridejo. Res \u010dutim veselje in ponos, da mi je to uspelo in res je lepa motivacija za naprej,&#8221; <\/em>je po prvi kolajni letos \u0161e dodala Hribar.<\/p>\n\n\n\n<p>Mlaj\u0161i brat slovenske olimpijke An\u017ee Hribar, ki si je boj za odli\u010dja najbolj\u0161e osmerice na parterju priboril z drugim dose\u017ekom kvalifikacij, je v finalu spet naredil napako pri lastovki, skupaj z dvema prestopoma mu je odnesla 0,6 to\u010dke. S tem je ostal brez uvrstitve na oder za zmagovalce.<\/p>\n\n\n\n<p><em>&#8220;Moja predstava danes ni bila najbolj\u0161a, pa \u0161e lastovko sem vnovi\u010d &#8216;kiksnil&#8217;, tako da sem ostal brez kolajne,&#8221; j<\/em>e iz Tur\u010dije sporo\u010dil Hribar, ki je kon\u010dal na sedmem mestu.<\/p>\n\n\n\n<p>Njegov trener Franci Rojc je dodal, da je mladi telovadec tam izgubil stopni\u010dke. &#8220;Lastovka mu je spet odnesla stopni\u010dke, sicer pa tudi sama sestava ni bila najlep\u0161a. Zamenjala bova to prvino za drugo, bomo videli, \u010de bo pomagalo,&#8221; je po tekmi \u0161e razmi\u0161ljal Rojc.<\/p>\n\n\n\n<p>Naslednji svetovni pokal, \u010detrti od \u0161estih najvi\u0161je ravni v sezoni, je aprila predviden v Kairu. Za zdaj ne usoda te tekme ne finala v Dohi \u0161e ni znana.<\/p>\n\n\n\n<figure class=\"wp-block-image size-large\"><img fetchpriority=\"high\" decoding=\"async\" width=\"1024\" height=\"717\" src=\"https:\/\/www.gimnasticna-zveza.si\/wp-content\/uploads\/2026\/02\/12_sponzorji_gzs_banner_mailchimp_februar-2026-1024x717.jpg\" alt=\"\" class=\"wp-image-9068\" srcset=\"https:\/\/www.gimnasticna-zveza.si\/wp-content\/uploads\/2026\/02\/12_sponzorji_gzs_banner_mailchimp_februar-2026-1024x717.jpg 1024w, https:\/\/www.gimnasticna-zveza.si\/wp-content\/uploads\/2026\/02\/12_sponzorji_gzs_banner_mailchimp_februar-2026-300x210.jpg 300w, https:\/\/www.gimnasticna-zveza.si\/wp-content\/uploads\/2026\/02\/12_sponzorji_gzs_banner_mailchimp_februar-2026-768x538.jpg 768w, https:\/\/www.gimnasticna-zveza.si\/wp-content\/uploads\/2026\/02\/12_sponzorji_gzs_banner_mailchimp_februar-2026-107x75.jpg 107w, https:\/\/www.gimnasticna-zveza.si\/wp-content\/uploads\/2026\/02\/12_sponzorji_gzs_banner_mailchimp_februar-2026-480x336.jpg 480w, https:\/\/www.gimnasticna-zveza.si\/wp-content\/uploads\/2026\/02\/12_sponzorji_gzs_banner_mailchimp_februar-2026.jpg 1417w\" sizes=\"(max-width:767px) 480px, (max-width:1024px) 100vw, 1024px\" \/><\/figure>\n","protected":false},"excerpt":{"rendered":"<p>Antalya, 14. marca (STA in GZS) &#8211; Telovadki Teja Belak<span class=\"excerpt-hellip\"> [\u2026]<\/span><\/p>\n","protected":false},"author":8,"featured_media":9159,"comment_status":"open","ping_status":"open","sticky":false,"template":"","format":"standard","meta":{"_monsterinsights_skip_tracking":false,"_monsterinsights_sitenote_active":false,"_monsterinsights_sitenote_note":"","_monsterinsights_sitenote_category":0,"footnotes":""},"categories":[31],"tags":[],"class_list":["post-9158","post","type-post","status-publish","format-standard","has-post-thumbnail","hentry","category-gimnastika"],"_links":{"self":[{"href":"https:\/\/www.gimnasticna-zveza.si\/index.php\/wp-json\/wp\/v2\/posts\/9158","targetHints":{"allow":["GET"]}}],"collection":[{"href":"https:\/\/www.gimnasticna-zveza.si\/index.php\/wp-json\/wp\/v2\/posts"}],"about":[{"href":"https:\/\/www.gimnasticna-zveza.si\/index.php\/wp-json\/wp\/v2\/types\/post"}],"author":[{"embeddable":true,"href":"https:\/\/www.gimnasticna-zveza.si\/index.php\/wp-json\/wp\/v2\/users\/8"}],"replies":[{"embeddable":true,"href":"https:\/\/www.gimnasticna-zveza.si\/index.php\/wp-json\/wp\/v2\/comments?post=9158"}],"version-history":[{"count":1,"href":"https:\/\/www.gimnasticna-zveza.si\/index.php\/wp-json\/wp\/v2\/posts\/9158\/revisions"}],"predecessor-version":[{"id":9160,"href":"https:\/\/www.gimnasticna-zveza.si\/index.php\/wp-json\/wp\/v2\/posts\/9158\/revisions\/9160"}],"wp:featuredmedia":[{"embeddable":true,"href":"https:\/\/www.gimnasticna-zveza.si\/index.php\/wp-json\/wp\/v2\/media\/9159"}],"wp:attachment":[{"href":"https:\/\/www.gimnasticna-zveza.si\/index.php\/wp-json\/wp\/v2\/media?parent=9158"}],"wp:term":[{"taxonomy":"category","embeddable":true,"href":"https:\/\/www.gimnasticna-zveza.si\/index.php\/wp-json\/wp\/v2\/categories?post=9158"},{"taxonomy":"post_tag","embeddable":true,"href":"https:\/\/www.gimnasticna-zveza.si\/index.php\/wp-json\/wp\/v2\/tags?post=9158"}],"curies":[{"name":"wp","href":"https:\/\/api.w.org\/{rel}","templated":true}]}}