{"id":8543,"date":"2025-09-29T14:24:43","date_gmt":"2025-09-29T12:24:43","guid":{"rendered":"https:\/\/www.gimnasticna-zveza.si\/?p=8543"},"modified":"2025-09-30T14:31:47","modified_gmt":"2025-09-30T12:31:47","slug":"tjasa-kysselef-osma-v-sombotelu","status":"publish","type":"post","link":"https:\/\/www.gimnasticna-zveza.si\/index.php\/2025\/09\/29\/tjasa-kysselef-osma-v-sombotelu\/","title":{"rendered":"Tja\u0161a Kysselef osma v Sombotelu"},"content":{"rendered":"\n<p>Sombotel, 27. septembra (STA) &#8211; Edina slovenska finalistka gimnasti\u010dnega svetovnega izziva v Sombotelu Tja\u0161a Kysselef dana\u0161njega boja za kolajne elitne osmerice ni opravila po \u017eeljah. Potem ko je bil prvi skok na preskoku soliden z oceno za zmagovalni oder, je pri drugem padla in z 11,800 kon\u010dala na repu finalistk. Na finalu sezone je zmagala Avstrijka Charlize M\u00f6rz (13,625).<\/p>\n\n\n\n<p>&#8220;Danes mi skoki \u017eal niso \u0161li. Pri prvem sem nekako porabila skoraj vso svojo mo\u010d. Re\u0161ila sem se s korakom nazaj. Pri drugem skoku pa sem \u017ee med sprintom izgubljala mo\u010d, na mizo preskoka sem pri\u0161la v slab polo\u017eaj in skoka mi ni ve\u010d uspelo re\u0161iti, niti mi ni uspelo izvesti obrata. Padla sem in naredila prestop,&#8221; je o svoji finalni predstavi povedala 32-letna telovadka.<\/p>\n\n\n\n<p>&#8220;\u017dal mi je le, ker so se odprle dobre mo\u017enosti za medaljo. A tako pride. Zagotovo pa mi je tekma dala ve\u010d sigurnosti za svetovno prvenstvo,&#8221; je dodala Kysselef, ki se je edina med slovensko osmerico uvrstila v boj za kolajne.<\/p>\n\n\n\n<p>Za las sta v petkovih kvalifikacijah brez finala ostala Lucija Hribar na dvovi\u0161inski bradlji in njen brat An\u017ee Hribar na parterju. Oba sta zasedla deveti mesti in sta bila tako danes prvi rezervi za finale.<\/p>\n\n\n\n<p>Tekma v Sombotelu je zadnji ve\u010dji preizkus pripravljenosti telovadcev pred svetovnim prvenstvom, ki bo od 19. do 25. oktobra v D\u017eakarti.<\/p>\n","protected":false},"excerpt":{"rendered":"<p>Sombotel, 27. septembra (STA) &#8211; Edina slovenska finalistka gimnasti\u010dnega svetovnega<span class=\"excerpt-hellip\"> [\u2026]<\/span><\/p>\n","protected":false},"author":3,"featured_media":8544,"comment_status":"open","ping_status":"open","sticky":false,"template":"","format":"standard","meta":{"_monsterinsights_skip_tracking":false,"_monsterinsights_sitenote_active":false,"_monsterinsights_sitenote_note":"","_monsterinsights_sitenote_category":0,"footnotes":""},"categories":[39,28],"tags":[],"class_list":["post-8543","post","type-post","status-publish","format-standard","has-post-thumbnail","hentry","category-sportna-gimnastika","category-vrhunski-sport"],"_links":{"self":[{"href":"https:\/\/www.gimnasticna-zveza.si\/index.php\/wp-json\/wp\/v2\/posts\/8543","targetHints":{"allow":["GET"]}}],"collection":[{"href":"https:\/\/www.gimnasticna-zveza.si\/index.php\/wp-json\/wp\/v2\/posts"}],"about":[{"href":"https:\/\/www.gimnasticna-zveza.si\/index.php\/wp-json\/wp\/v2\/types\/post"}],"author":[{"embeddable":true,"href":"https:\/\/www.gimnasticna-zveza.si\/index.php\/wp-json\/wp\/v2\/users\/3"}],"replies":[{"embeddable":true,"href":"https:\/\/www.gimnasticna-zveza.si\/index.php\/wp-json\/wp\/v2\/comments?post=8543"}],"version-history":[{"count":1,"href":"https:\/\/www.gimnasticna-zveza.si\/index.php\/wp-json\/wp\/v2\/posts\/8543\/revisions"}],"predecessor-version":[{"id":8545,"href":"https:\/\/www.gimnasticna-zveza.si\/index.php\/wp-json\/wp\/v2\/posts\/8543\/revisions\/8545"}],"wp:featuredmedia":[{"embeddable":true,"href":"https:\/\/www.gimnasticna-zveza.si\/index.php\/wp-json\/wp\/v2\/media\/8544"}],"wp:attachment":[{"href":"https:\/\/www.gimnasticna-zveza.si\/index.php\/wp-json\/wp\/v2\/media?parent=8543"}],"wp:term":[{"taxonomy":"category","embeddable":true,"href":"https:\/\/www.gimnasticna-zveza.si\/index.php\/wp-json\/wp\/v2\/categories?post=8543"},{"taxonomy":"post_tag","embeddable":true,"href":"https:\/\/www.gimnasticna-zveza.si\/index.php\/wp-json\/wp\/v2\/tags?post=8543"}],"curies":[{"name":"wp","href":"https:\/\/api.w.org\/{rel}","templated":true}]}}