{"id":8339,"date":"2025-06-06T14:21:54","date_gmt":"2025-06-06T12:21:54","guid":{"rendered":"https:\/\/www.gimnasticna-zveza.si\/?p=8339"},"modified":"2025-06-06T19:05:01","modified_gmt":"2025-06-06T17:05:01","slug":"manj-uspesen-tekmovalni-dan-za-slovensko-ekipo","status":"publish","type":"post","link":"https:\/\/www.gimnasticna-zveza.si\/index.php\/2025\/06\/06\/manj-uspesen-tekmovalni-dan-za-slovensko-ekipo\/","title":{"rendered":"Manj uspe\u0161en tekmovalni dan za slovensko ekipo"},"content":{"rendered":"\n<p><strong>Danes so se na evropskem prvenstvu v ritmi\u010dni gimnastiki nadaljevale kvalifikacije za uvrstitev v finale mnogoboja. Tekmovalke so se predstavile v sestavah s kiji in trakom. Slovenski ekipi se dana\u0161nji nastopi niso iz\u0161li po na\u010drtih.<\/strong><\/p>\n\n\n\n<p>V Talinu so danes tekmovalke nadaljevale s kvalifikacijami mnogoboja. Za kon\u010dni skupni se\u0161tevek kvalifikacij se upo\u0161teva tri najbolj\u0161e ocene. V finale mnogoboja se je uvrstilo 24 najbolj\u0161ih tekmovalk iz kvalifikacijah. Kvalifikacije mnogoboja je s skupno 90,050 zbranimi to\u010dkami osvojila<strong> Ukrajinka Taisiia Onofriichuk<\/strong><\/p>\n\n\n\n<p>Kot prva med slovenkami se je danes predstavila leto\u0161nja novinka v \u010dlanski kategoriji<strong> Dora Valant<\/strong>, ki se je predstavila v sestavi s kiji. Vaja se ji je nekoliko ponesre\u010dila, saj je ve\u010dkrat izgubila rekvizit, kar se je odra\u017ealo na ni\u017eji izvedbeni in kon\u010dni oceni. Z oceno 21,150 se je uvrstila na 70. mesto. Dora se je na evropskem prvenstvu predstavila prvi\u010d. <em>\u00bbDanes sem prvi\u010d nastopila na evropskem prvenstvu, in sicer s kiji. Vaja se mi \u017eal ni posre\u010dila. Imela sem veliko napak, vendar sem kljub temu ponosna sama nase. Pred nastopom, ko sem se pripravljala, me je bilo zelo strah, ko pa sem stopila na tepih, je nekaj treme izginilo. Napake, ki so se mi pripetile, pa so me samo spodbudile k ve\u010d delu za naslednje leto,\u00ab<\/em> je po nastopu dejala Dora.&nbsp;<\/p>\n\n\n\n<p>V dveh sestavah se je danes predstavila tudi<strong> Ela Polak<\/strong>, ki se ji v\u010deraj nastopi niso najbolj posre\u010dili. V prvi rotaciji se je predstavila v sestavi s kiji, kjer je izvedla eno ve\u010djo napako (izguba rekvizita). Prejela je oceno 23,200 in se uvrstila na 55. mesto. V naslednji rotaciji se je predstavila \u0161e s svojim zadnjim rekvizitom, trakom, ki ga je izvedla brez napak. Z oceno 23,100 je zasedla 47. mesto. Ela je v mnogoboju skupno zbrala 69,850 to\u010dk in osvojila 56. mesto. \u00bb<em>Drugi dan je \u0161el kan\u010dek bolj\u0161e kot prvi, vseeno sem pri vaji s kiji naredila veliko napako, a sem tekmovanje zaklju\u010dila s kar dobro vajo s trakom. S tekmo nisem najbolj zadovoljna, saj vem, da bi jo lahko bolje izpeljala, ampak je prinesla zelo lep spomin in dobro izku\u0161njo,\u00ab<\/em> je po tekmovanju dejala Ela.<\/p>\n\n\n\n<p><em>\u00bbEla je za\u010dela tekmovanje z obro\u010dem. Priprava na vajo je potekala dobro, bila je zelo zbrana in natan\u010dna. Sama vaja je bila dobro izpeljana. \u017dal pa se ji je na koncu vaje zgodil padec rekvizita in je kon\u010dala vajo brez obro\u010da. Nato je nadaljevala z \u017eogo malo bolj nervozno, zaradi napake v obro\u010du. V vaji ima te\u017eke ujemi, kjer lovi \u017eogo z nogami. \u017dal se ji je en ujem ponesre\u010dil. Danes je za\u010dela s kiji. Pri enem neto\u010dnem ujemu je sledil slab met in nato padec rekvizita. V traku je bila suverena in \u010dista. Zadnji met je \u017eelela ujeti z nogami, vendar je bil predale\u010d. Dora je prvi\u010d tekmovala na tekmi takega nivoja. Trema je bila prisotna celoten \u010das priprave. V prvi polovice vaji je bila zelo nervozna, kar je pripeljalo do nekaj napak. V drugem delu se je zbrala in kon\u010dala vajo brez napak. V veliko pomo\u010d je bila Brigitina trenerka Ana Kokalj. Uvrstitev ekipe ni taka, kot smo si jo \u017eeleli, vendar je to \u0161port. Na za\u010detku olimpijskega cikla smo. Skoraj vsi imajo nove vaji po novem pravilniku. \u010caka nas veliko dela. Gremo naprej,\u00ab <\/em>je dejala <strong>Alena Salauyova<\/strong>, ki Elo in Doro spremlja na tekmovanju.<\/p>\n\n\n\n<p><strong>Brigita Kra\u0161ovec <\/strong>je po prvem tekmovalnem dnevu imela dobre mo\u017enosti za preboj med najbolj\u0161ih 24 stare celine. Danes se je predstavila le v vaji s trakom, ki je bil na vrsti v drugi rotaciji. V vaji sta se ji pripetili dve ve\u010dji napaki, saj je pri dveh elementih izgubila rekvizit. Prejela je nekoliko ni\u017ejo oceno 22,850. S trakom se je uvrstila na 53. mesto. Brigita je bila danes po nastopu s trakom nekoliko razo\u010darana: <em>\u00bbS svojim tekmovanjem nisem zadovoljna. V\u010deraj sicer nisem imela ve\u010djih napak, ampak je bil vseeno program prikazan zelo \u0161ibko. Danes pa sem imela tri ve\u010dje napake, od tega mi je trak dvakrat padel.\u00ab<\/em>V kvalifikacijah mnogoboja pa je s skupno zbranimi 74,450 to\u010dkami zasedla 36. mesto. <em><\/em><\/p>\n\n\n\n<p><em>\u00bbZa v\u010deraj sem zelo vesela, da je Brigita pokazala, da zmore. Danes pa se \u017eal ni iz\u0161lo. V pripravi je potekalo vse super. Imela je v sebi nekaj straha, ki je bil ves \u010das prisoten. Morda je bilo tisto, ko ne&nbsp; more\u0161 verjet, da zmore\u0161. Prvi \u00bbbumerang\u00ab je letel super, a se je ustra\u0161ila in se ni uspela pravo\u010dasno zbrati za te\u017eek elemente, ki sledi naprej. \u0160koda, da njena vaja ni pri\u0161la do izraza,\u00ab <\/em>je dejala njena dolgoletna trenerka <strong>Ana Kokalj<\/strong>, ki Brigito spremlja na tekmovanju.<\/p>\n\n\n\n<p>Najbolj\u0161a v kvalifikacijah s kiji je bila <strong>Ukrajinka Taisiia Onofriichuk<\/strong>, ki je prejela najvi\u0161jo oceno tekmovanja 30,950. V sestavi s trakom pa je bila najbolj\u0161a <strong>Nemka Darja Varfolomeev<\/strong>, ki je prejela oceno 30,150.<strong><\/strong><\/p>\n\n\n\n<p>Jutri bo na sporedu finale mnogoboja, kjer se bodo tekmovalke predstavile v vseh \u0161tirih sestavah (sestava z obro\u010dem, \u017eogo, kiji in trakom).<\/p>\n\n\n\n<figure class=\"wp-block-image size-large\"><img fetchpriority=\"high\" decoding=\"async\" width=\"1024\" height=\"717\" src=\"https:\/\/www.gimnasticna-zveza.si\/wp-content\/uploads\/2025\/04\/11_sponzorji_gzs_banner_mailchimp_februar-2025-002-1024x717.jpg\" alt=\"\" class=\"wp-image-8061\" srcset=\"https:\/\/www.gimnasticna-zveza.si\/wp-content\/uploads\/2025\/04\/11_sponzorji_gzs_banner_mailchimp_februar-2025-002-1024x717.jpg 1024w, https:\/\/www.gimnasticna-zveza.si\/wp-content\/uploads\/2025\/04\/11_sponzorji_gzs_banner_mailchimp_februar-2025-002-300x210.jpg 300w, https:\/\/www.gimnasticna-zveza.si\/wp-content\/uploads\/2025\/04\/11_sponzorji_gzs_banner_mailchimp_februar-2025-002-768x537.jpg 768w, https:\/\/www.gimnasticna-zveza.si\/wp-content\/uploads\/2025\/04\/11_sponzorji_gzs_banner_mailchimp_februar-2025-002-1536x1075.jpg 1536w, https:\/\/www.gimnasticna-zveza.si\/wp-content\/uploads\/2025\/04\/11_sponzorji_gzs_banner_mailchimp_februar-2025-002-2048x1433.jpg 2048w, https:\/\/www.gimnasticna-zveza.si\/wp-content\/uploads\/2025\/04\/11_sponzorji_gzs_banner_mailchimp_februar-2025-002-107x75.jpg 107w, https:\/\/www.gimnasticna-zveza.si\/wp-content\/uploads\/2025\/04\/11_sponzorji_gzs_banner_mailchimp_februar-2025-002-480x336.jpg 480w, https:\/\/www.gimnasticna-zveza.si\/wp-content\/uploads\/2025\/04\/11_sponzorji_gzs_banner_mailchimp_februar-2025-002-800x560.jpg 800w\" sizes=\"(max-width:767px) 480px, (max-width:1024px) 100vw, 1024px\" \/><\/figure>\n\n\n\n<p><\/p>\n","protected":false},"excerpt":{"rendered":"<p>Danes so se na evropskem prvenstvu v ritmi\u010dni gimnastiki nadaljevale<span class=\"excerpt-hellip\"> [\u2026]<\/span><\/p>\n","protected":false},"author":8,"featured_media":8340,"comment_status":"open","ping_status":"open","sticky":false,"template":"","format":"standard","meta":{"_monsterinsights_skip_tracking":false,"_monsterinsights_sitenote_active":false,"_monsterinsights_sitenote_note":"","_monsterinsights_sitenote_category":0,"footnotes":""},"categories":[31],"tags":[],"class_list":["post-8339","post","type-post","status-publish","format-standard","has-post-thumbnail","hentry","category-gimnastika"],"_links":{"self":[{"href":"https:\/\/www.gimnasticna-zveza.si\/index.php\/wp-json\/wp\/v2\/posts\/8339","targetHints":{"allow":["GET"]}}],"collection":[{"href":"https:\/\/www.gimnasticna-zveza.si\/index.php\/wp-json\/wp\/v2\/posts"}],"about":[{"href":"https:\/\/www.gimnasticna-zveza.si\/index.php\/wp-json\/wp\/v2\/types\/post"}],"author":[{"embeddable":true,"href":"https:\/\/www.gimnasticna-zveza.si\/index.php\/wp-json\/wp\/v2\/users\/8"}],"replies":[{"embeddable":true,"href":"https:\/\/www.gimnasticna-zveza.si\/index.php\/wp-json\/wp\/v2\/comments?post=8339"}],"version-history":[{"count":6,"href":"https:\/\/www.gimnasticna-zveza.si\/index.php\/wp-json\/wp\/v2\/posts\/8339\/revisions"}],"predecessor-version":[{"id":8347,"href":"https:\/\/www.gimnasticna-zveza.si\/index.php\/wp-json\/wp\/v2\/posts\/8339\/revisions\/8347"}],"wp:featuredmedia":[{"embeddable":true,"href":"https:\/\/www.gimnasticna-zveza.si\/index.php\/wp-json\/wp\/v2\/media\/8340"}],"wp:attachment":[{"href":"https:\/\/www.gimnasticna-zveza.si\/index.php\/wp-json\/wp\/v2\/media?parent=8339"}],"wp:term":[{"taxonomy":"category","embeddable":true,"href":"https:\/\/www.gimnasticna-zveza.si\/index.php\/wp-json\/wp\/v2\/categories?post=8339"},{"taxonomy":"post_tag","embeddable":true,"href":"https:\/\/www.gimnasticna-zveza.si\/index.php\/wp-json\/wp\/v2\/tags?post=8339"}],"curies":[{"name":"wp","href":"https:\/\/api.w.org\/{rel}","templated":true}]}}