{"id":8041,"date":"2025-04-12T18:53:00","date_gmt":"2025-04-12T16:53:00","guid":{"rendered":"https:\/\/www.gimnasticna-zveza.si\/?p=8041"},"modified":"2025-04-14T06:05:07","modified_gmt":"2025-04-14T04:05:07","slug":"hribar-cetrti-belak-pa-sedma-v-osijeku","status":"publish","type":"post","link":"https:\/\/www.gimnasticna-zveza.si\/index.php\/2025\/04\/12\/hribar-cetrti-belak-pa-sedma-v-osijeku\/","title":{"rendered":"Hribar \u010detrti, Belak pa sedma v Osijeku"},"content":{"rendered":"\n<p>Foto Enis Hod\u017ei\u0107 Lederer<\/p>\n\n\n\n<p><strong>Osijek, 12. aprila (STA in GZS) &#8211; Slovenska telovadka Teja Belak je na gimnasti\u010dnem svetovnem pokalu v Osijeku osvojila sedmo mesto na preskoku. Bolje se je odrezal An\u017ee Hribar, ki je bil na parterju \u010detrti.<\/strong><\/p>\n\n\n\n<p><strong>Belak<\/strong>, ki je na uvodnih dveh tekmah sezone v Cottbusu in Bakuju osvojila prvo in drugo mesto, v Antalyi pa je dvakrat padla in ostala brez finala, je tokrat v finalne boje pri\u0161la s \u010detrtim mestom iz kvalifikacij ter oceno 13,335. Danes bi ji ta zadostovala za peto mesto, a se ji prvi skok ni posre\u010dil in je padla, z bolj\u0161im drugim pa dobila povpre\u010dje 12,766 to\u010dke.<\/p>\n\n\n\n<p>Zmagala je najbolj\u0161a iz kvalifikacij in evropska podprvakinja, Bolgarka <strong>Valentina Georgieva<\/strong>, s 14,149, druga je bila Kitajka <strong>Linmin Yu<\/strong> s 14,066, tretja pa Ameri\u010danka <strong>Layla Hang<\/strong> s 13,766.<\/p>\n\n\n\n<p>Slovenija je v finalu imela \u0161e enega predstavnika. Na parterju se je predstavil <strong>Hribar<\/strong>. Ta je bil v \u010detrtkovih kvalifikacijah peti z oceno 13,633, danes pa je znova dobro opravil svoj nastop z izjemo ene napake ter dobil oceno 13,766.<\/p>\n\n\n\n<p>Hribar, ki je bil marca v Antalyi prvi\u010d na stopni\u010dkah svetovnega pokala z drugim mestom, je tokrat pristal tik pod zmagovalnim odrom. Zmagal je najbolj\u0161i iz kvalifikacij, Izraelec <strong>Artem Dolgopyat<\/strong>, s 14,133, sicer olimpijski prvak 2021 in aktualni olimpijski podprvak, tak\u0161no oceno je dobil tudi drugouvr\u0161\u010deni Ameri\u010dan <strong>Junnosuke Iwai<\/strong>. Tretji je bil Kazahstanec <strong>Milad Karimi<\/strong> s 13,966.<\/p>\n\n\n\n<p>V \u010detrtkovih kvalifikacijah so obstali <strong>Tja\u0161a Kysselef,<\/strong> ki je bila na preskoku 11., <strong>Lucija Hribar<\/strong>, ki je bila na dvovi\u0161inski bradlji 17., <strong>Gregor Rakovi\u010d <\/strong>in <strong>Kevin George Buckley,<\/strong> ki sta bila na konju z ro\u010daji 12. oziroma 30., ter <strong>Nikolaj Bo\u017ei\u010d<\/strong>, ki je bil na parterju 14.<\/p>\n\n\n\n<p>V petkovih kvalifikacijah si slovenski tekmovalci niso priigrali finalnih nastopov. \u0160e najbli\u017eje je bil <strong>Kevin George Buckley<\/strong>, ki je na bradlji zasedel 11. mesto in s tem priboril status tretje rezerve. Buckley je nastopil tudi na drogu, zasedel je 22. mesto, <strong>Beno Kunst<\/strong> pa je bil v preskoku 14. Pri dekletih je bila <strong>Lucija Hribar<\/strong> na gredi 19., <strong>Vita Prijanovi\u010d<\/strong> pa v isti disciplini 26..<\/p>\n\n\n\n<p><\/p>\n\n\n\n<figure class=\"wp-block-image size-large\"><img fetchpriority=\"high\" decoding=\"async\" width=\"1024\" height=\"643\" src=\"https:\/\/www.gimnasticna-zveza.si\/wp-content\/uploads\/2024\/12\/banner_podpis_december-2024-002-1024x643.jpg\" alt=\"\" class=\"wp-image-7620\" srcset=\"https:\/\/www.gimnasticna-zveza.si\/wp-content\/uploads\/2024\/12\/banner_podpis_december-2024-002-1024x643.jpg 1024w, https:\/\/www.gimnasticna-zveza.si\/wp-content\/uploads\/2024\/12\/banner_podpis_december-2024-002-300x188.jpg 300w, https:\/\/www.gimnasticna-zveza.si\/wp-content\/uploads\/2024\/12\/banner_podpis_december-2024-002-768x482.jpg 768w, https:\/\/www.gimnasticna-zveza.si\/wp-content\/uploads\/2024\/12\/banner_podpis_december-2024-002-119x75.jpg 119w, https:\/\/www.gimnasticna-zveza.si\/wp-content\/uploads\/2024\/12\/banner_podpis_december-2024-002-480x301.jpg 480w, https:\/\/www.gimnasticna-zveza.si\/wp-content\/uploads\/2024\/12\/banner_podpis_december-2024-002-800x502.jpg 800w, https:\/\/www.gimnasticna-zveza.si\/wp-content\/uploads\/2024\/12\/banner_podpis_december-2024-002.jpg 1188w\" sizes=\"(max-width:767px) 480px, (max-width:1024px) 100vw, 1024px\" \/><\/figure>\n","protected":false},"excerpt":{"rendered":"<p>Foto Enis Hod\u017ei\u0107 Lederer Osijek, 12. aprila (STA in GZS)<span class=\"excerpt-hellip\"> [\u2026]<\/span><\/p>\n","protected":false},"author":8,"featured_media":8042,"comment_status":"open","ping_status":"open","sticky":false,"template":"","format":"standard","meta":{"_monsterinsights_skip_tracking":false,"_monsterinsights_sitenote_active":false,"_monsterinsights_sitenote_note":"","_monsterinsights_sitenote_category":0,"footnotes":""},"categories":[31],"tags":[],"class_list":["post-8041","post","type-post","status-publish","format-standard","has-post-thumbnail","hentry","category-gimnastika"],"_links":{"self":[{"href":"https:\/\/www.gimnasticna-zveza.si\/index.php\/wp-json\/wp\/v2\/posts\/8041","targetHints":{"allow":["GET"]}}],"collection":[{"href":"https:\/\/www.gimnasticna-zveza.si\/index.php\/wp-json\/wp\/v2\/posts"}],"about":[{"href":"https:\/\/www.gimnasticna-zveza.si\/index.php\/wp-json\/wp\/v2\/types\/post"}],"author":[{"embeddable":true,"href":"https:\/\/www.gimnasticna-zveza.si\/index.php\/wp-json\/wp\/v2\/users\/8"}],"replies":[{"embeddable":true,"href":"https:\/\/www.gimnasticna-zveza.si\/index.php\/wp-json\/wp\/v2\/comments?post=8041"}],"version-history":[{"count":3,"href":"https:\/\/www.gimnasticna-zveza.si\/index.php\/wp-json\/wp\/v2\/posts\/8041\/revisions"}],"predecessor-version":[{"id":8045,"href":"https:\/\/www.gimnasticna-zveza.si\/index.php\/wp-json\/wp\/v2\/posts\/8041\/revisions\/8045"}],"wp:featuredmedia":[{"embeddable":true,"href":"https:\/\/www.gimnasticna-zveza.si\/index.php\/wp-json\/wp\/v2\/media\/8042"}],"wp:attachment":[{"href":"https:\/\/www.gimnasticna-zveza.si\/index.php\/wp-json\/wp\/v2\/media?parent=8041"}],"wp:term":[{"taxonomy":"category","embeddable":true,"href":"https:\/\/www.gimnasticna-zveza.si\/index.php\/wp-json\/wp\/v2\/categories?post=8041"},{"taxonomy":"post_tag","embeddable":true,"href":"https:\/\/www.gimnasticna-zveza.si\/index.php\/wp-json\/wp\/v2\/tags?post=8041"}],"curies":[{"name":"wp","href":"https:\/\/api.w.org\/{rel}","templated":true}]}}