{"id":7224,"date":"2024-09-26T16:25:50","date_gmt":"2024-09-26T14:25:50","guid":{"rendered":"https:\/\/www.gimnasticna-zveza.si\/?p=7224"},"modified":"2024-09-26T16:25:53","modified_gmt":"2024-09-26T14:25:53","slug":"mladinka-luna-babic-z-odlicnim-5-mestom-v-uvodu-jesenskega-dela-sezone","status":"publish","type":"post","link":"https:\/\/www.gimnasticna-zveza.si\/index.php\/2024\/09\/26\/mladinka-luna-babic-z-odlicnim-5-mestom-v-uvodu-jesenskega-dela-sezone\/","title":{"rendered":"Mladinka Luna Babi\u0107 z odli\u010dnim 5. mestom v uvodu jesenskega dela sezone"},"content":{"rendered":"\n<p><strong>Pretekli vikend so v Sofiji, Bolgariji, potekale 2. Balkanske igre v \u0161portni gimnastiki. Slovenijo je zastopalo \u0161est deklet: Luna Babi\u0107, Vita Prijanovi\u010d, Ema Akrapovi\u0107, \u017diva Toma\u017ei\u010d, Hana Kova\u010di\u010d in Ema Lesjak. Spremljali so jih trenerja Andrej Mavri\u010d in Vesna Stavrev ter sodnici Vika Pu\u0161nik in Robin \u017dor\u017e.<\/strong><\/p>\n\n\n\n<p>Sprva sta se na tekmovanju predstavili deklici <strong>Hana Kova\u010d <\/strong>in <strong>Ema Lesjak.<\/strong> Skupno je Hana zbrala 40,166 to\u010dk in se v mnogoboju uvrstila na 10. mesto. S skupno zbranimi 37,432 pa se je na 14. mesto uvrstila Ema. Slovenija je imela dve predstavnici tudi v kadetski kategoriji. <strong>Ema Akrapovi\u0107<\/strong> je skupno zbrala 39,198 to\u010dk in osvojila 12. mesto, le eno mesto za njo je s skupno zbranimi 38,698 to\u010dkami zaostala <strong>\u017diva Toma\u017ei\u010d<\/strong>.<\/p>\n\n\n\n<p>V mladinski kategoriji sta Slovenijo zastopali tudi \u010dlanici mladinske reprezentance <strong>Luna Babi\u0107<\/strong> in <strong>Vita Prijanovi\u010d<\/strong>, ki sta se v leto\u0161njem letu Slovenijo zastopali na mladinskem evropskem prvenstvu in v letu 2023 tudi na mladinskem svetovnem prvenstvu. Vita Prijanovi\u010d je zasedla 16. mesto. Najbolje med dekleti pa se je odrezala Luna Babi\u0107, ki si je v mnogoboju priborila 9. mesto in uvrstitev v nedeljski finale na dvovi\u0161inski bradlji. V finalu se je Luna odrezala dobro in se uvrstila na 5. mesto.<\/p>\n\n\n\n<p>Ekipno je Slovenija zbrala 122,396 to\u010dk in zasedla 6. mesto.<\/p>\n\n\n\n<p><em>\u00bbBalkansko prvenstvo v Sofiji ocenjujem z me\u0161animi ob\u010dutki, saj so na\u0161e najbolj\u0161e tekmovalke, od katerih smo pri\u010dakovali finalne nastope in tudi kak\u0161no medaljo, na svojih najbolj\u0161ih orodjih naredile najve\u010d napak in se jim ni uspelo uvrstiti v finale. Izpostavim lahko Luno Babi\u0107, ki se je uspela uvrstiti v finale na bradlji in na koncu zasedla odli\u010dno 5. mesto. Prepri\u010dan sem, da bi lahko z malo sre\u010de posegla tudi po vi\u0161ji uvrstitvi. Mlaj\u0161a dekleta pa so svoje vaje izpeljale korektno in tako kot je treba,\u00ab<\/em> je po tekmovanju dejal trener Andrej Mavri\u010d.<\/p>\n\n\n\n<div class=\"wp-block-jetpack-tiled-gallery aligncenter is-style-rectangular\"><div class=\"\"><div class=\"tiled-gallery__gallery\"><div class=\"tiled-gallery__row\"><div class=\"tiled-gallery__col\" style=\"flex-basis:62.68458%\"><figure class=\"tiled-gallery__item\"><img decoding=\"async\" alt=\"\" data-height=\"1204\" data-id=\"7227\" data-link=\"https:\/\/www.gimnasticna-zveza.si\/?attachment_id=7227\" data-url=\"https:\/\/www.gimnasticna-zveza.si\/wp-content\/uploads\/2024\/09\/2-\u2013-kopija-1021x1024.jpg\" data-width=\"1200\" src=\"https:\/\/i1.wp.com\/www.gimnasticna-zveza.si\/wp-content\/uploads\/2024\/09\/2-%E2%80%93-kopija-1021x1024.jpg?ssl=1\" data-amp-layout=\"responsive\" tabindex=\"0\" role=\"button\" aria-label=\"Open image 1 of 3 in full-screen\"\/><\/figure><\/div><div class=\"tiled-gallery__col\" style=\"flex-basis:37.31542%\"><figure class=\"tiled-gallery__item\"><img decoding=\"async\" alt=\"\" data-height=\"1173\" data-id=\"7228\" data-link=\"https:\/\/www.gimnasticna-zveza.si\/?attachment_id=7228\" data-url=\"https:\/\/www.gimnasticna-zveza.si\/wp-content\/uploads\/2024\/09\/4-\u2013-kopija-1024x1001.jpg\" data-width=\"1200\" src=\"https:\/\/i0.wp.com\/www.gimnasticna-zveza.si\/wp-content\/uploads\/2024\/09\/4-%E2%80%93-kopija-1024x1001.jpg?ssl=1\" data-amp-layout=\"responsive\" tabindex=\"0\" role=\"button\" aria-label=\"Open image 2 of 3 in full-screen\"\/><\/figure><figure class=\"tiled-gallery__item\"><img decoding=\"async\" alt=\"\" data-height=\"1792\" data-id=\"6872\" data-link=\"https:\/\/www.gimnasticna-zveza.si\/index.php\/2024\/05\/23\/alja-ponikvar-evropska-podprvakinja-s-kiji\/10_sponzorji_gzs_banner_mailchimp_maj-2024\/\" data-url=\"https:\/\/www.gimnasticna-zveza.si\/wp-content\/uploads\/2024\/05\/10_sponzorji_gzs_banner_mailchimp_maj-2024-1024x717.jpg\" data-width=\"2560\" src=\"https:\/\/i1.wp.com\/www.gimnasticna-zveza.si\/wp-content\/uploads\/2024\/05\/10_sponzorji_gzs_banner_mailchimp_maj-2024-1024x717.jpg?ssl=1\" data-amp-layout=\"responsive\" tabindex=\"0\" role=\"button\" aria-label=\"Open image 3 of 3 in full-screen\"\/><\/figure><\/div><\/div><\/div><\/div><\/div>\n","protected":false},"excerpt":{"rendered":"<p>Pretekli vikend so v Sofiji, Bolgariji, potekale 2. Balkanske igre<span class=\"excerpt-hellip\"> [\u2026]<\/span><\/p>\n","protected":false},"author":8,"featured_media":7225,"comment_status":"open","ping_status":"open","sticky":false,"template":"","format":"standard","meta":{"_monsterinsights_skip_tracking":false,"_monsterinsights_sitenote_active":false,"_monsterinsights_sitenote_note":"","_monsterinsights_sitenote_category":0,"footnotes":""},"categories":[34,35,39],"tags":[],"class_list":["post-7224","post","type-post","status-publish","format-standard","has-post-thumbnail","hentry","category-fig-in-ueg","category-mladinski-sport","category-sportna-gimnastika"],"_links":{"self":[{"href":"https:\/\/www.gimnasticna-zveza.si\/index.php\/wp-json\/wp\/v2\/posts\/7224","targetHints":{"allow":["GET"]}}],"collection":[{"href":"https:\/\/www.gimnasticna-zveza.si\/index.php\/wp-json\/wp\/v2\/posts"}],"about":[{"href":"https:\/\/www.gimnasticna-zveza.si\/index.php\/wp-json\/wp\/v2\/types\/post"}],"author":[{"embeddable":true,"href":"https:\/\/www.gimnasticna-zveza.si\/index.php\/wp-json\/wp\/v2\/users\/8"}],"replies":[{"embeddable":true,"href":"https:\/\/www.gimnasticna-zveza.si\/index.php\/wp-json\/wp\/v2\/comments?post=7224"}],"version-history":[{"count":3,"href":"https:\/\/www.gimnasticna-zveza.si\/index.php\/wp-json\/wp\/v2\/posts\/7224\/revisions"}],"predecessor-version":[{"id":7230,"href":"https:\/\/www.gimnasticna-zveza.si\/index.php\/wp-json\/wp\/v2\/posts\/7224\/revisions\/7230"}],"wp:featuredmedia":[{"embeddable":true,"href":"https:\/\/www.gimnasticna-zveza.si\/index.php\/wp-json\/wp\/v2\/media\/7225"}],"wp:attachment":[{"href":"https:\/\/www.gimnasticna-zveza.si\/index.php\/wp-json\/wp\/v2\/media?parent=7224"}],"wp:term":[{"taxonomy":"category","embeddable":true,"href":"https:\/\/www.gimnasticna-zveza.si\/index.php\/wp-json\/wp\/v2\/categories?post=7224"},{"taxonomy":"post_tag","embeddable":true,"href":"https:\/\/www.gimnasticna-zveza.si\/index.php\/wp-json\/wp\/v2\/tags?post=7224"}],"curies":[{"name":"wp","href":"https:\/\/api.w.org\/{rel}","templated":true}]}}