{"id":7187,"date":"2024-09-12T14:22:22","date_gmt":"2024-09-12T12:22:22","guid":{"rendered":"https:\/\/www.gimnasticna-zveza.si\/?p=7187"},"modified":"2024-09-12T17:45:32","modified_gmt":"2024-09-12T15:45:32","slug":"spela-dragas-ze-dve-desetletji-del-olimpijskih-iger","status":"publish","type":"post","link":"https:\/\/www.gimnasticna-zveza.si\/index.php\/2024\/09\/12\/spela-dragas-ze-dve-desetletji-del-olimpijskih-iger\/","title":{"rendered":"\u0160pela Draga\u0161 \u017ee dve desetletji del olimpijskih iger"},"content":{"rendered":"\n<p>Leto\u0161nje olimpijske igre so bile za slovensko gimnastiko izrednega pomena, saj smo prvi\u010d v zgodovini imeli predstavnico tako v \u0161portni kot tudi v ritmi\u010dni gimnastiki. Slovenske barve sta uspe\u0161no zastopali <strong>Lucija Hribar<\/strong> in <strong>Ekaterina Vedeneeva<\/strong>. Slovenija pa ni imela svojih predstavnikov le med \u0161portniki, vendar tudi med sodniki. Na gimnasti\u010dnem delu tekmovanja so ocene podeljevali trije slovenski sodniki, in sicer <strong>\u0160pela Draga\u0161,<\/strong> <strong>Vesna Stare Crnjac<\/strong> in <strong>Enes Hod\u017ei\u0107 Lederer<\/strong>.<\/p>\n\n\n\n<p>Najve\u010dja tekmovanja, kot so svetovna prvenstva in olimpijske igre, so izjemno stresna za \u0161portnike in trenerje, velik pritisk in odgovornost pa \u010dutijo tudi sodniki, \u010desar je slovenska mednarodna sodnica v ritmi\u010dni gimnastiki \u0160pela Draga\u0161 \u017ee vajena. \u0160pela je v olimpijskem ciklusu 2022 do 2024 ohranila najvi\u0161ji nivo sojenja v mednarodnem merilu, kar imenujejo brevet I. V samem sodni\u0161kem vrhu je \u017ee vse od leta 2001, ko je po takratnih pravilih postala tako imenovan FIG expert. V lanskem letu je s strani Mednarodne gimnasti\u010dne zveze prejela presti\u017eno priznanje za dolgoletno mednarodno sojenje. V novembru preteklega leta je prejela uradno povabilo s strani Mednarodne gimnasti\u010dne zveze za sojenje na olimpijskih igrah, vabilo, ki zgovorno pove veliko o njenem visokem strokovnem sodni\u0161kem znanju, ki ga \u0160pela vsako leto opravi na najve\u010djih tekmovanjih.<\/p>\n\n\n\n<p>\u0160pela Draga\u0161a je s svojo mednarodno sodni\u0161ko karieri pri\u010dela leta 1993. Od takrat je sodila na mnogih evropskih prvenstvih, svetovnih prvenstvih, svetovnih pokalih in olimpijskih igrah. Prvi\u010d je \u0160pela sodila na olimpijskih igrah leta 2004 v Atenah, nato je sodila OI leta 2012 v Londonu in leta 2016 v Riu, sedaj pa je tej zbirki dodala \u0161e OI 2024 v Parizu.<\/p>\n\n\n\n<p><em>\u00bbOlimpijske igre v Parizu so bile zelo zanimive. Presenetilo nas je dejstvo, da za sodnike logistika ni bila urejena in smo morali od lokacije bivanja do dvorane priti sami. Vendar smo to neprijetnost pozabili v trenutku, ko smo stopili v dvorano. Samo vzdu\u0161je v dvorani je bilo fenomenalno, dvorana je bila polna do zadnjega koti\u010dka in publika je bila prakti\u010dno ves \u010das na nogah. Neverjetna atmosfera. Sodnice nismo imele lahkega dela, vendar menim, da smo svoje delo odli\u010dno opravile. Med vsemi olimpijadami mi je najbolj v spominu ostala tista v Riu. Pravilnik je bil zelo zanimiv za gledanje, za neverjetno vzdu\u0161je pa je poskrbela prepolna dvorana, ki je spodbujala vse nastopajo\u010de. Tudi samo tekmovanje je potekalo v osrednjem delu in smo si lahko tako ogledali tudi ostale dogodke, kar v Atenah ni bilo mogo\u010de, saj smo bili umaknjeni od ostalih in izolirani od olimpijskega utripa,\u00ab<\/em> je \u0160pela strnila svoje misli o olimpijskih igrah, ki se jih je udele\u017eila kot sodnik.<\/p>\n\n\n\n<p>Za svoje odli\u010dno opravljeno delo na preteklih Olimpijskih igrah v Parizu je \u0160pela v tem tednu prejela \u010destitke s strani predsednice Strokovnega odbora za ritmi\u010dno gimnastiko pri Mednarodni gimnasti\u010dni zvezi, saj je sodni\u0161ko poro\u010dilu s tekmovanja, ki je bilo opravljeno z JEP analizo, pokazalo da je dosegla oceno \u00bbExcellent\u00ab.<\/p>\n\n\n\n<p>\u0160pela poleg sodni\u0161ke vloge v ritmi\u010dni gimnastiki opravlja tudi vlogo trenerke. Poleg zgoraj na\u0161tetih olimpijskih iger, se je udele\u017eila tudi Olimpijskih iger v Tokiju 2020, vendar v trenerski vlogi. Na olimpijskih igrah je spremljala svojo dolgoletno italijansko tekmovalko Alexandra Agiurgiuculese (o.p. \u0160pela \u017eivi in deluje v Udinah, Italija), ki je medalistka svetovnih in evropskih prvenstev.<\/p>\n\n\n\n<p><em>\u00bbKot sodnica vedno sodi\u0161 delo drugih ljudi. \u010ce primerjam obe vlogi, sem raje v trenerski vlogi, saj lahko tako poka\u017eem svoje videnje, zamisli, kreacije in tako lahko ustvarim nekaj novega ter doprinesem k \u0161portu,\u00ab<\/em> je dejala \u0160pela.<\/p>\n\n\n\n<div class=\"wp-block-jetpack-tiled-gallery aligncenter is-style-rectangular\"><div class=\"\"><div class=\"tiled-gallery__gallery\"><div class=\"tiled-gallery__row\"><div class=\"tiled-gallery__col\" style=\"flex-basis:64.48562%\"><figure class=\"tiled-gallery__item\"><img decoding=\"async\" alt=\"\" data-height=\"1162\" data-id=\"7195\" data-link=\"https:\/\/www.gimnasticna-zveza.si\/?attachment_id=7195\" data-url=\"https:\/\/www.gimnasticna-zveza.si\/wp-content\/uploads\/2024\/09\/10-1024x751.jpg\" data-width=\"1585\" src=\"https:\/\/i0.wp.com\/www.gimnasticna-zveza.si\/wp-content\/uploads\/2024\/09\/10-1024x751.jpg?ssl=1\" data-amp-layout=\"responsive\" tabindex=\"0\" role=\"button\" aria-label=\"Open image 1 of 7 in full-screen\"\/><\/figure><\/div><div class=\"tiled-gallery__col\" style=\"flex-basis:35.51438%\"><figure class=\"tiled-gallery__item\"><img decoding=\"async\" alt=\"\" data-height=\"2000\" data-id=\"7192\" data-link=\"https:\/\/www.gimnasticna-zveza.si\/?attachment_id=7192\" data-url=\"https:\/\/www.gimnasticna-zveza.si\/wp-content\/uploads\/2024\/09\/1-768x1024.jpg\" data-width=\"1500\" src=\"https:\/\/i0.wp.com\/www.gimnasticna-zveza.si\/wp-content\/uploads\/2024\/09\/1-768x1024.jpg?ssl=1\" data-amp-layout=\"responsive\" tabindex=\"0\" role=\"button\" aria-label=\"Open image 2 of 7 in full-screen\"\/><\/figure><\/div><\/div><div class=\"tiled-gallery__row\"><div class=\"tiled-gallery__col\" style=\"flex-basis:46.95778%\"><figure class=\"tiled-gallery__item\"><img decoding=\"async\" alt=\"\" data-height=\"1536\" data-id=\"7193\" data-link=\"https:\/\/www.gimnasticna-zveza.si\/?attachment_id=7193\" data-url=\"https:\/\/www.gimnasticna-zveza.si\/wp-content\/uploads\/2024\/09\/6-1024x768.jpg\" data-width=\"2048\" src=\"https:\/\/i1.wp.com\/www.gimnasticna-zveza.si\/wp-content\/uploads\/2024\/09\/6-1024x768.jpg?ssl=1\" data-amp-layout=\"responsive\" tabindex=\"0\" role=\"button\" aria-label=\"Open image 3 of 7 in full-screen\"\/><\/figure><figure class=\"tiled-gallery__item\"><img decoding=\"async\" alt=\"\" data-height=\"1346\" data-id=\"7194\" data-link=\"https:\/\/www.gimnasticna-zveza.si\/?attachment_id=7194\" data-url=\"https:\/\/www.gimnasticna-zveza.si\/wp-content\/uploads\/2024\/09\/8-1024x692.jpg\" data-width=\"1993\" src=\"https:\/\/i2.wp.com\/www.gimnasticna-zveza.si\/wp-content\/uploads\/2024\/09\/8-1024x692.jpg?ssl=1\" data-amp-layout=\"responsive\" tabindex=\"0\" role=\"button\" aria-label=\"Open image 4 of 7 in full-screen\"\/><\/figure><\/div><div class=\"tiled-gallery__col\" style=\"flex-basis:53.04222%\"><figure class=\"tiled-gallery__item\"><img decoding=\"async\" alt=\"\" data-height=\"1486\" data-id=\"7198\" data-link=\"https:\/\/www.gimnasticna-zveza.si\/?attachment_id=7198\" data-url=\"https:\/\/www.gimnasticna-zveza.si\/wp-content\/uploads\/2024\/09\/IMG_5148-806x1024.jpeg\" data-width=\"1170\" src=\"https:\/\/i2.wp.com\/www.gimnasticna-zveza.si\/wp-content\/uploads\/2024\/09\/IMG_5148-806x1024.jpeg?ssl=1\" data-amp-layout=\"responsive\" tabindex=\"0\" role=\"button\" aria-label=\"Open image 5 of 7 in full-screen\"\/><\/figure><\/div><\/div><div class=\"tiled-gallery__row\"><div class=\"tiled-gallery__col\" style=\"flex-basis:42.86847%\"><figure class=\"tiled-gallery__item\"><img decoding=\"async\" alt=\"\" data-height=\"2048\" data-id=\"7197\" data-link=\"https:\/\/www.gimnasticna-zveza.si\/?attachment_id=7197\" data-url=\"https:\/\/www.gimnasticna-zveza.si\/wp-content\/uploads\/2024\/09\/33b33a93-eaa6-4d80-9cf0-e0d0e323a8ad-576x1024.jpeg\" data-width=\"1152\" src=\"https:\/\/i0.wp.com\/www.gimnasticna-zveza.si\/wp-content\/uploads\/2024\/09\/33b33a93-eaa6-4d80-9cf0-e0d0e323a8ad-576x1024.jpeg?ssl=1\" data-amp-layout=\"responsive\" tabindex=\"0\" role=\"button\" aria-label=\"Open image 6 of 7 in full-screen\"\/><\/figure><\/div><div class=\"tiled-gallery__col\" style=\"flex-basis:57.13153%\"><figure class=\"tiled-gallery__item\"><img decoding=\"async\" alt=\"\" data-height=\"2560\" data-id=\"7199\" data-link=\"https:\/\/www.gimnasticna-zveza.si\/?attachment_id=7199\" data-url=\"https:\/\/www.gimnasticna-zveza.si\/wp-content\/uploads\/2024\/09\/IMG_7193-768x1024.jpeg\" data-width=\"1920\" src=\"https:\/\/i0.wp.com\/www.gimnasticna-zveza.si\/wp-content\/uploads\/2024\/09\/IMG_7193-768x1024.jpeg?ssl=1\" data-amp-layout=\"responsive\" tabindex=\"0\" role=\"button\" aria-label=\"Open image 7 of 7 in full-screen\"\/><\/figure><\/div><\/div><\/div><\/div><\/div>\n","protected":false},"excerpt":{"rendered":"<p>Leto\u0161nje olimpijske igre so bile za slovensko gimnastiko izrednega pomena,<span class=\"excerpt-hellip\"> [\u2026]<\/span><\/p>\n","protected":false},"author":8,"featured_media":7191,"comment_status":"open","ping_status":"open","sticky":false,"template":"","format":"standard","meta":{"_monsterinsights_skip_tracking":false,"_monsterinsights_sitenote_active":false,"_monsterinsights_sitenote_note":"","_monsterinsights_sitenote_category":0,"footnotes":""},"categories":[34,31,40,28],"tags":[],"class_list":["post-7187","post","type-post","status-publish","format-standard","has-post-thumbnail","hentry","category-fig-in-ueg","category-gimnastika","category-ritmicna-gimnastika","category-vrhunski-sport"],"_links":{"self":[{"href":"https:\/\/www.gimnasticna-zveza.si\/index.php\/wp-json\/wp\/v2\/posts\/7187","targetHints":{"allow":["GET"]}}],"collection":[{"href":"https:\/\/www.gimnasticna-zveza.si\/index.php\/wp-json\/wp\/v2\/posts"}],"about":[{"href":"https:\/\/www.gimnasticna-zveza.si\/index.php\/wp-json\/wp\/v2\/types\/post"}],"author":[{"embeddable":true,"href":"https:\/\/www.gimnasticna-zveza.si\/index.php\/wp-json\/wp\/v2\/users\/8"}],"replies":[{"embeddable":true,"href":"https:\/\/www.gimnasticna-zveza.si\/index.php\/wp-json\/wp\/v2\/comments?post=7187"}],"version-history":[{"count":4,"href":"https:\/\/www.gimnasticna-zveza.si\/index.php\/wp-json\/wp\/v2\/posts\/7187\/revisions"}],"predecessor-version":[{"id":7203,"href":"https:\/\/www.gimnasticna-zveza.si\/index.php\/wp-json\/wp\/v2\/posts\/7187\/revisions\/7203"}],"wp:featuredmedia":[{"embeddable":true,"href":"https:\/\/www.gimnasticna-zveza.si\/index.php\/wp-json\/wp\/v2\/media\/7191"}],"wp:attachment":[{"href":"https:\/\/www.gimnasticna-zveza.si\/index.php\/wp-json\/wp\/v2\/media?parent=7187"}],"wp:term":[{"taxonomy":"category","embeddable":true,"href":"https:\/\/www.gimnasticna-zveza.si\/index.php\/wp-json\/wp\/v2\/categories?post=7187"},{"taxonomy":"post_tag","embeddable":true,"href":"https:\/\/www.gimnasticna-zveza.si\/index.php\/wp-json\/wp\/v2\/tags?post=7187"}],"curies":[{"name":"wp","href":"https:\/\/api.w.org\/{rel}","templated":true}]}}