{"id":7166,"date":"2024-08-10T19:05:00","date_gmt":"2024-08-10T17:05:00","guid":{"rendered":"https:\/\/www.gimnasticna-zveza.si\/?p=7166"},"modified":"2024-08-12T15:13:39","modified_gmt":"2024-08-12T13:13:39","slug":"zgodovinski-dosezki-v-ritmicni-gimnastiki-na-olimpijskih-igrah-pariz-2024","status":"publish","type":"post","link":"https:\/\/www.gimnasticna-zveza.si\/index.php\/2024\/08\/10\/zgodovinski-dosezki-v-ritmicni-gimnastiki-na-olimpijskih-igrah-pariz-2024\/","title":{"rendered":"Zgodovinski dose\u017eki v ritmi\u010dni gimnastiki na Olimpijskih igrah Pariz 2024"},"content":{"rendered":"\n<p><strong>Pariz, 10. avgust (FIG in GZS) &#8211; Nem\u010dija in Ljudska republika Kitajska sta na Olimpijskih igrah v Parizu 2024 dosegli zgodovinski uspeh, saj so tekmovalke za njihove dr\u017eave osvojile prve zlate olimpijske medalje v ritmi\u010dni gimnastiki.<\/strong><\/p>\n\n\n\n<p><strong>Darja Varfolomeev<\/strong> (GER) je v petek osvojila prvo olimpijsko zlato medaljo v ritmi\u010dni gimnastiki za svojo dr\u017eavo z zmago v finalu mnogoboja v individualnem programu. To je bila prva zlata medalja za njeno dr\u017eavo in \u0161ele druga medalja nasploh po tem, ko je <strong>Regina Weber <\/strong>leta 1984 osvojila bronasto medaljo za Zahodno Nem\u010dijo.<\/p>\n\n\n\n<p>Zmaga Darje je bila v pripravi dve leti. Stara je komaj 17 let in prvi\u010d je leta 2022 tekmovala kot \u010dlanica \u010dlanske reprezentance, ko je na svetovnem prvenstvu osvojila srebrno medaljo v finalu mnogoboja. Leto dni kasneje je na svetovnem prvenstvu v Valencii (ESP) osvojila vseh pet medalj v individualnem programu. Ostal je le \u0161e en cilj v njeni karieri: osvojiti olimpijski naslov.<\/p>\n\n\n\n<p><strong>Prikaz kitajske kulture<\/strong><br><br>Po petem mestu v kvalifikacijah se je skupina sestava Ljudske republike Kitajske v finalu dvignila vse do vrha in za seboj pustila srebrne in bronaste medalistke iz Izraela in Italije ter branilke naslova iz Tokia 2020 Bolgarke. Njihovi sestavi, zlasti sestava z me\u0161anim rekvizitom (3 trakovi + 2 \u017eogami), sta bili izjemi ne le zaradi tehnike in te\u017eavnosti, ampak tudi zaradi poudarka kitajske glasbe in plesnih stilov. <\/p>\n\n\n\n<p>Njihova zmaga je prva zlata medalja za Kitajsko v zgodovini ritmi\u010dne gimnastike na olimpijskih igrah, in \u0161ele njihova druga medalja nasploh, po srebru na Olimpijskih igrah v Pekingu 2008.<\/p>\n\n\n\n<p><strong>Skupaj je medalje osvojilo pet dr\u017eav<\/strong><\/p>\n\n\n\n<p>Poleg Nem\u010dije in Ljudske republike Kitajske so se v Parizu v ritmi\u010dni gimnastiki na lestvico medalj uvrstile \u0161e tri druge dr\u017eave.<\/p>\n\n\n\n<p>V posami\u010dni konkurenci je 23-letna <strong>Boryana Kaleyn <\/strong>iz Bolgarije tekmovala na svojih drugih olimpijskih igrah.<strong> <\/strong>Izbolj\u0161ala je svoj dose\u017eek iz Tokia 2020, kjer je bila peta, in v Parizu osvojila srebro medaljo, kar je prva posami\u010dna medalja v ritmi\u010dni gimnastiki za Bolgarijo po letu 1988.<\/p>\n\n\n\n<p>Prav tako je zgodovinska srebrna medalja Izraela v programu skupinskih sestav. Svetovne prvakinje iz leta 2023 so v finalu mnogoboja z odli\u010dnima sestavama prvi\u010d osvojile olimpijsko medaljo.<\/p>\n\n\n\n<p>Nazadnje pa je Italija z dvema bronastima medaljama zaokro\u017eila lestvico medalji v ritmi\u010dni gimnastiki.  <strong>Sofia Raffaeli<\/strong> je osvojila prvo posami\u010dno olimpijsko medaljo za svojo dr\u017eavo. Italijanska skupinska sestava, ki se je \u017ee trikrat prej uvrstila na olimpijski zmagovalni oder, pa je prav tako osvojila bronasto medaljo.<\/p>\n\n\n\n<div class=\"wp-block-jetpack-tiled-gallery aligncenter is-style-rectangular\"><div class=\"\"><div class=\"tiled-gallery__gallery\"><div class=\"tiled-gallery__row\"><div class=\"tiled-gallery__col\" style=\"flex-basis:100.00000%\"><figure class=\"tiled-gallery__item\"><img decoding=\"async\" alt=\"\" data-height=\"675\" data-id=\"7168\" data-link=\"https:\/\/www.gimnasticna-zveza.si\/?attachment_id=7168\" data-url=\"https:\/\/www.gimnasticna-zveza.si\/wp-content\/uploads\/2024\/08\/Lestvica-medalj-RG-1024x576.png\" data-width=\"1200\" src=\"https:\/\/i2.wp.com\/www.gimnasticna-zveza.si\/wp-content\/uploads\/2024\/08\/Lestvica-medalj-RG-1024x576.png?ssl=1\" data-amp-layout=\"responsive\" tabindex=\"0\" role=\"button\" aria-label=\"Open image 1 of 1 in full-screen\"\/><\/figure><\/div><\/div><\/div><\/div><\/div>\n","protected":false},"excerpt":{"rendered":"<p>Pariz, 10. avgust (FIG in GZS) &#8211; Nem\u010dija in Ljudska<span class=\"excerpt-hellip\"> [\u2026]<\/span><\/p>\n","protected":false},"author":8,"featured_media":7167,"comment_status":"closed","ping_status":"closed","sticky":false,"template":"","format":"standard","meta":{"_monsterinsights_skip_tracking":false,"_monsterinsights_sitenote_active":false,"_monsterinsights_sitenote_note":"","_monsterinsights_sitenote_category":0,"footnotes":""},"categories":[34,31,40,28],"tags":[],"class_list":["post-7166","post","type-post","status-publish","format-standard","has-post-thumbnail","hentry","category-fig-in-ueg","category-gimnastika","category-ritmicna-gimnastika","category-vrhunski-sport"],"_links":{"self":[{"href":"https:\/\/www.gimnasticna-zveza.si\/index.php\/wp-json\/wp\/v2\/posts\/7166","targetHints":{"allow":["GET"]}}],"collection":[{"href":"https:\/\/www.gimnasticna-zveza.si\/index.php\/wp-json\/wp\/v2\/posts"}],"about":[{"href":"https:\/\/www.gimnasticna-zveza.si\/index.php\/wp-json\/wp\/v2\/types\/post"}],"author":[{"embeddable":true,"href":"https:\/\/www.gimnasticna-zveza.si\/index.php\/wp-json\/wp\/v2\/users\/8"}],"replies":[{"embeddable":true,"href":"https:\/\/www.gimnasticna-zveza.si\/index.php\/wp-json\/wp\/v2\/comments?post=7166"}],"version-history":[{"count":2,"href":"https:\/\/www.gimnasticna-zveza.si\/index.php\/wp-json\/wp\/v2\/posts\/7166\/revisions"}],"predecessor-version":[{"id":7170,"href":"https:\/\/www.gimnasticna-zveza.si\/index.php\/wp-json\/wp\/v2\/posts\/7166\/revisions\/7170"}],"wp:featuredmedia":[{"embeddable":true,"href":"https:\/\/www.gimnasticna-zveza.si\/index.php\/wp-json\/wp\/v2\/media\/7167"}],"wp:attachment":[{"href":"https:\/\/www.gimnasticna-zveza.si\/index.php\/wp-json\/wp\/v2\/media?parent=7166"}],"wp:term":[{"taxonomy":"category","embeddable":true,"href":"https:\/\/www.gimnasticna-zveza.si\/index.php\/wp-json\/wp\/v2\/categories?post=7166"},{"taxonomy":"post_tag","embeddable":true,"href":"https:\/\/www.gimnasticna-zveza.si\/index.php\/wp-json\/wp\/v2\/tags?post=7166"}],"curies":[{"name":"wp","href":"https:\/\/api.w.org\/{rel}","templated":true}]}}