{"id":6911,"date":"2024-05-30T21:25:53","date_gmt":"2024-05-30T19:25:53","guid":{"rendered":"https:\/\/www.gimnasticna-zveza.si\/?p=6911"},"modified":"2024-06-02T12:53:23","modified_gmt":"2024-06-02T10:53:23","slug":"prvi-dan-kvalifikacij-izjemno-uspesen-za-slovence-lucija-luka-anze-in-gregor-bodo-nastopili-v-sobotnih-finalih","status":"publish","type":"post","link":"https:\/\/www.gimnasticna-zveza.si\/index.php\/2024\/05\/30\/prvi-dan-kvalifikacij-izjemno-uspesen-za-slovence-lucija-luka-anze-in-gregor-bodo-nastopili-v-sobotnih-finalih\/","title":{"rendered":"Prvi dan kvalifikacij izjemno uspe\u0161en za Slovence, Lucija, Luka, An\u017ee in Gregor bodo nastopili v sobotnih finalih"},"content":{"rendered":"\n<p>Foto Ale\u0161 Fev\u017eer<\/p>\n\n\n\n<p><strong>\u010cetrtkove kvalifikacije v koprski Bonifiki so bile za Slovenijo izjemno uspe\u0161ne, saj so slovenski reprezentanci prinesle kar \u0161tiri finalne nastope. Luka Bojanc se je uvrstil v finale s tretjo oceno na krogih, An\u017ee Hribar s peto na parterju, Lucija Hribar s \u0161esto na dvovi\u0161inski bradlji in Gregor Rakovi\u010d s sedmo na konju z ro\u010daji.<\/strong><\/p>\n\n\n<div class=\"wp-block-image\">\n<figure class=\"aligncenter size-large is-resized\"><img fetchpriority=\"high\" decoding=\"async\" width=\"1024\" height=\"345\" src=\"https:\/\/www.gimnasticna-zveza.si\/wp-content\/uploads\/2024\/06\/SPp-2024_pasica-s-sponzorji_glavna4-1024x345.jpg\" alt=\"\" class=\"wp-image-6980\" style=\"width:688px;height:auto\" srcset=\"https:\/\/www.gimnasticna-zveza.si\/wp-content\/uploads\/2024\/06\/SPp-2024_pasica-s-sponzorji_glavna4-1024x345.jpg 1024w, https:\/\/www.gimnasticna-zveza.si\/wp-content\/uploads\/2024\/06\/SPp-2024_pasica-s-sponzorji_glavna4-300x101.jpg 300w, https:\/\/www.gimnasticna-zveza.si\/wp-content\/uploads\/2024\/06\/SPp-2024_pasica-s-sponzorji_glavna4-768x259.jpg 768w, https:\/\/www.gimnasticna-zveza.si\/wp-content\/uploads\/2024\/06\/SPp-2024_pasica-s-sponzorji_glavna4-1536x517.jpg 1536w, https:\/\/www.gimnasticna-zveza.si\/wp-content\/uploads\/2024\/06\/SPp-2024_pasica-s-sponzorji_glavna4-2048x690.jpg 2048w, https:\/\/www.gimnasticna-zveza.si\/wp-content\/uploads\/2024\/06\/SPp-2024_pasica-s-sponzorji_glavna4-150x51.jpg 150w, https:\/\/www.gimnasticna-zveza.si\/wp-content\/uploads\/2024\/06\/SPp-2024_pasica-s-sponzorji_glavna4-480x162.jpg 480w, https:\/\/www.gimnasticna-zveza.si\/wp-content\/uploads\/2024\/06\/SPp-2024_pasica-s-sponzorji_glavna4-800x269.jpg 800w\" sizes=\"(max-width:767px) 480px, (max-width:1024px) 100vw, 1024px\" \/><\/figure>\n<\/div>\n\n\n<p>Za Slovenijo sta kvalifikacije na konju z ro\u010daji otvorila <strong>Gregor Rakovi\u010d<\/strong> in <strong>Kevin George Buckley<\/strong>. <strong>Gregor<\/strong>, ki je nastopil tretji po vrsti. Izvedel je zelo \u010disto vajo in zanjo prejel 13,900 to\u010dk. Po nastopu, ko \u0161e ni vedel <em>da bo nastopil v sobotnem finalu, <\/em>je povedal: \u00bb<em>Ko je prav pred pri\u010detkom moje vaje navijala cela dvorana, je bilo to zame nekaj novega, predvsem pa nekaj nepri\u010dakovanega! Vesel sem, da je to pripomoglo k dobremu nastopu in ne dodatnemu pritisku. Z vajo sem zadovoljen, ker sem vajo naredil najbolje kot jo trenutno znam. Proti koncu mi je po\u010dasi zmanjkovalo mo\u010di in sem se pri\u010del tresti. Vedel sem, da delam najbolj\u0161o vajo in da sem vedno bli\u017eje koncu. To\u010dno to je del, na katerem veliko delava s psihologinjo. Vem, da se moram osredoto\u010diti na trenutne gibe in ne na vse ostalo. V povzetku: za trenutno situacijo \u2013 vrhunsko!\u00ab<\/em>.<\/p>\n\n\n\n<p><strong>Kevin<\/strong> je po nastopu povedal: \u00bb<em>Imel sem nekaj te\u017eav s treningi zadnjih nekaj tednov, ker se je bilo te\u017eko motivirati po evropskem prvenstvu, najve\u010dji tekmi sezone. Vesel sem, da sem vajo naredil do konca, \u010deprav sem naredil dve manj\u0161i napaki. Vendar vse to je del \u0161porta<\/em>.\u00ab Kevin se bo v Kopru predstavil na najve\u010d orodjih: \u00bb<em>Danes me \u010dakajo \u0161e krogi, jutri pa \u0161e bradlja in drog. Cilj mi je narediti vajo kot jo znam in potem upati na kak\u0161en finale<\/em>.\u00ab Ko smo ga vpra\u0161ali \u010desa se najbolj veseli, je bil jasen: \u00bb<em>Finalov. Tudi \u010de v njih ne bom nastopal, se veselim navijanja za svoje sotekmovalce in upanja na kak\u0161no medaljo na doma\u010dem terenu<\/em>.\u00ab<\/p>\n\n\n\n<p>Po nastopih na konju je bil upravi\u010deno dobre volje tudi trener <strong>Alja\u017e Vogrinec<\/strong>: \u00bb<em>Oba, tako Gregor kot tudi Kevin, sta suvereno opravila z nastopom, \u0161e posebej Gregorjeva izvedba je bila lepa, dobre ocene pa so temu sledile. Kevin je naredil manj\u0161o napako, ko je udaril ob orodje, vendar se je boril in izpeljal vajo do konca. Priznam, da sem kar zadovoljen s prikazanim.<\/em>\u00ab<\/p>\n\n\n\n<p>Kvalifikacije konja z ro\u010daji je dobila Jordanec Abu Al Soud Ahmad z visoko oceno 15,200, sledila pa sta Ukrajinec Kovtun Illia in hrva\u0161ki tekmovalec Mateo \u017dugec.<\/p>\n\n\n\n<p>Na parterju sta nastopila <strong>Gregor Turk<\/strong> in <strong>An\u017ee Hribar<\/strong>. <strong>An\u017ee<\/strong> je pet minut po koncu svojega nastopa \u017ee vedel, da se je uspel uvrstiti v sobotni finale: \u00bb<em>Zelo sem zadovoljen, ker sem vajo naredil tako, kot sem pri\u010dakoval. Lahko bi bilo malenkost bolje, ampak sem vseeno zelo zadovoljen. V soboto se bom predstavil s te\u017ejo vajo, dve desetinki te\u017ejo. Upam, da bo tudi v soboto tak\u0161na podpora s tribun kot je bila danes.<\/em>\u00ab Pred njim je natopil <strong>Gregor<\/strong>, ki se je zadnje \u010dase spopadal z ve\u010d te\u017eavami: \u00bb<em>Nisem najbolj zadovoljen s svojim nastopom. To je bila moja prva tak\u0161na ve\u010dja tekma, pred doma\u010dim ob\u010dinstvom. Vesel sem, da sem lahko nastopil, ni bilo pa idealno. V vaji sem imel nekaj manj\u0161ih in tudi nekaj ve\u010djih napak, ampak vseeno je bila to zame dobra izku\u0161nja. Naslednji teden me \u010daka \u0161e \u0160alamunov memorial v Mariboru, potem pa po\u010ditek, da pozdravim bole\u010di prst.<\/em>\u00ab<\/p>\n\n\n<div class=\"wp-block-image\">\n<figure class=\"aligncenter size-large is-resized\"><img decoding=\"async\" width=\"1024\" height=\"345\" src=\"https:\/\/www.gimnasticna-zveza.si\/wp-content\/uploads\/2024\/06\/SPp-2024_pasica-s-sponzorji_ostali4-1024x345.jpg\" alt=\"\" class=\"wp-image-6982\" style=\"width:720px;height:auto\" srcset=\"https:\/\/www.gimnasticna-zveza.si\/wp-content\/uploads\/2024\/06\/SPp-2024_pasica-s-sponzorji_ostali4-1024x345.jpg 1024w, https:\/\/www.gimnasticna-zveza.si\/wp-content\/uploads\/2024\/06\/SPp-2024_pasica-s-sponzorji_ostali4-300x101.jpg 300w, https:\/\/www.gimnasticna-zveza.si\/wp-content\/uploads\/2024\/06\/SPp-2024_pasica-s-sponzorji_ostali4-768x259.jpg 768w, https:\/\/www.gimnasticna-zveza.si\/wp-content\/uploads\/2024\/06\/SPp-2024_pasica-s-sponzorji_ostali4-1536x517.jpg 1536w, https:\/\/www.gimnasticna-zveza.si\/wp-content\/uploads\/2024\/06\/SPp-2024_pasica-s-sponzorji_ostali4-2048x690.jpg 2048w, https:\/\/www.gimnasticna-zveza.si\/wp-content\/uploads\/2024\/06\/SPp-2024_pasica-s-sponzorji_ostali4-150x51.jpg 150w, https:\/\/www.gimnasticna-zveza.si\/wp-content\/uploads\/2024\/06\/SPp-2024_pasica-s-sponzorji_ostali4-480x162.jpg 480w, https:\/\/www.gimnasticna-zveza.si\/wp-content\/uploads\/2024\/06\/SPp-2024_pasica-s-sponzorji_ostali4-800x269.jpg 800w\" sizes=\"(max-width:767px) 480px, (max-width:1024px) 100vw, 1024px\" \/><\/figure>\n<\/div>\n\n\n<p>Po kvalifikacijah parterja je bil zelo zadovoljen <strong>Franci Rojc<\/strong>, trener An\u017eeta Hribarja: \u00bb<em>Sem zelo zadovoljen. Za kvalifikacije sva se odlo\u010dila, da poka\u017eeva la\u017ejo sestavo, kar se je tudi obrestovalo. Zelo sem tudi zadovoljen z izvedbo, seveda pa upam, da lahko v finalu poka\u017eeva \u0161e te\u017ejo vajo.\u00ab<\/em> Trener Gregorja Turka <strong>Sebastijan Pileti\u010d<\/strong> je po nastopu svojega varovanca povedal: \u00bb<em>Izvedba ni bila najbolj\u0161a, ampak glede na dejstvo, da je \u0161e en teden nazaj imel te\u017eave s prstom, je solidno opravil s svojim nastopom. Lepo, po\u010dasi napreduje in verjamem, da bo lahko \u017ee jeseni pokazal kaj ve\u010d<\/em>.\u00ab<\/p>\n\n\n\n<p>V kvalifikacijah parterja je bil z oceno 14,250 najbolj\u0161i ukrajinski predstavnik Kovtun Illia, sledila pa sta mu predstavnika Izraela in Francije, Dolgopyat Artem in Saladino Leo.<\/p>\n\n\n\n<p>Najve\u010d slovenskih predstavnikov je nastopilo na krogih. <strong>Tin \u0160tros <\/strong>(nastopil je izven konkurence), <strong>Kevin George Buckley<\/strong> in <strong>Luka Bojanc<\/strong>. Luka Bojanc, ki se je v Kopru prvi\u010d v karieri uvrstil v finale na tekmi svetovnega pokala, je bil po kvalifikacijah presre\u010den: \u00bb<em>S tekmo sem zelo zadovoljen. Zelo mi je koristilo, da sem tekmoval predzadnji po vrsti, kar mi je omogo\u010dalo taktiziranje, zato sem izbral la\u017ejo vajo. To pa seveda ne bo veljalo za sobotni finale, ko bom tekmoval s te\u017ejo vajo in upam, da bom vsaj ponovil dana\u0161njo uvrstitev<\/em>.\u00ab<\/p>\n\n\n\n<p><strong>Kevin<\/strong> je po tekmi povedal: \u00bb<em>Vaja sicer ni bila slaba, vendar je bilo preve\u010d nepotrebnega gibanja. Pri seskoku sem naredil ve\u010djo napako, ker sem se preve\u010d zagnal, ker sem zadnja dva tedna imel te\u017eavo, da salte nisem dovolj \u00bbzarotiral\u00ab, tu pa sem je na koncu o\u010ditno imel malce preve\u010d<\/em>.<em> Jutri je cilj, da se vrnem po dana\u0161njem dnevu, tako da imam motivacije ve\u010d kot dovolj.<\/em>\u00ab<\/p>\n\n\n\n<p><strong>Sebastijan Pileti\u010d<\/strong> je po nastopih v krogih povedal: \u00bb<em>Predvsem me veseli, da je Luka kon\u010dno uspel narediti vajo tako kot jo zna. Imel je razne te\u017eave, nazadnje z ramo, ampak se je uspel sestaviti za tekmovanje in tako ga bomo lahko spremljali v finalih. Kevin je naredil lepo, vendar \u0161e ni dovolj te\u017eka, da bi za konkuren\u010dnost moral narediti tudi seskok, ki pa mu \u017eal ni uspel<\/em>.\u00ab<\/p>\n\n\n\n<p>Od Slovenk se je prvi dan predstavila zgolj <strong>Lucija Hribar<\/strong> z vajo na dvovi\u0161inski bradlji, kjer se je zanesljivo, s \u0161esto oceno kvalifikacij, uvrstila v sobotni finale. Lucija je po tekmovanju povedala: \u00bb<em>S svojim nastopom sem zelo zadovoljna, vajo sem izvedla kot sva jo s trenerko zastavili. Najbolj mi je v\u0161e\u010d, da sem lahko nastopala pred doma\u010do publiko. Upam, da bom lahko v finalu pokazala, da znam to vajo narediti \u0161e bolje, predvsem seskok.<\/em>\u00ab<\/p>\n\n\n\n<p>Njena trenerka <strong>Nata\u0161a Retelj<\/strong> je bila s prikazanim zelo zadovoljna: \u00bb<em>Z izjemo malce slab\u0161ega skoka je bila celotna vaja zelo lepa. Zelo sva si \u017eeleli tega finala in naju izjemno veseli, da nama je to uspelo.<\/em>\u00ab<\/p>\n\n\n\n<p>Jutri bo v Kopru na sporedu drugi dan kvalifikacij. Mo\u0161ki bodo tekmovali na preskoku, bradlji in drogu, \u017eenske pa na gredi in parterju. Na gredi bosta Slovenijo zastopali Lucija Hribar in Zala Trtnik, v mo\u0161ki konkurenci pa Beno Kunst na preskoku in Kevin George Buckley na bradlji ter drogu. Kvalifikacije se pri\u010dnejo ob 16.00 uri.<\/p>\n\n\n\n<p>Rezultate tekmovanja najde <a href=\"https:\/\/slogym.si\/\">TUKAJ<\/a>.<\/p>\n\n\n\n<div class=\"wp-block-jetpack-tiled-gallery aligncenter is-style-rectangular\"><div class=\"\"><div class=\"tiled-gallery__gallery\"><div class=\"tiled-gallery__row\"><div class=\"tiled-gallery__col\" style=\"flex-basis:42.22692%\"><figure class=\"tiled-gallery__item\"><img decoding=\"async\" alt=\"\" data-height=\"1792\" data-id=\"6872\" data-link=\"https:\/\/www.gimnasticna-zveza.si\/index.php\/2024\/05\/23\/alja-ponikvar-evropska-podprvakinja-s-kiji\/10_sponzorji_gzs_banner_mailchimp_maj-2024\/\" data-url=\"https:\/\/www.gimnasticna-zveza.si\/wp-content\/uploads\/2024\/05\/10_sponzorji_gzs_banner_mailchimp_maj-2024-1024x717.jpg\" data-width=\"2560\" src=\"https:\/\/i1.wp.com\/www.gimnasticna-zveza.si\/wp-content\/uploads\/2024\/05\/10_sponzorji_gzs_banner_mailchimp_maj-2024-1024x717.jpg?ssl=1\" data-amp-layout=\"responsive\"\/><\/figure><figure class=\"tiled-gallery__item\"><img decoding=\"async\" alt=\"\" data-height=\"1707\" data-id=\"6912\" data-link=\"https:\/\/www.gimnasticna-zveza.si\/?attachment_id=6912\" data-url=\"https:\/\/www.gimnasticna-zveza.si\/wp-content\/uploads\/2024\/05\/FEVZ0404-1024x683.jpg\" data-width=\"2560\" src=\"https:\/\/i0.wp.com\/www.gimnasticna-zveza.si\/wp-content\/uploads\/2024\/05\/FEVZ0404-1024x683.jpg?ssl=1\" data-amp-layout=\"responsive\"\/><\/figure><figure class=\"tiled-gallery__item\"><img decoding=\"async\" alt=\"\" data-height=\"1707\" data-id=\"6915\" data-link=\"https:\/\/www.gimnasticna-zveza.si\/?attachment_id=6915\" data-url=\"https:\/\/www.gimnasticna-zveza.si\/wp-content\/uploads\/2024\/05\/FEVZ8763-1024x683.jpg\" data-width=\"2560\" src=\"https:\/\/i1.wp.com\/www.gimnasticna-zveza.si\/wp-content\/uploads\/2024\/05\/FEVZ8763-1024x683.jpg?ssl=1\" data-amp-layout=\"responsive\"\/><\/figure><\/div><div class=\"tiled-gallery__col\" style=\"flex-basis:57.77308%\"><figure class=\"tiled-gallery__item\"><img decoding=\"async\" alt=\"\" data-height=\"2560\" data-id=\"6918\" data-link=\"https:\/\/www.gimnasticna-zveza.si\/?attachment_id=6918\" data-url=\"https:\/\/www.gimnasticna-zveza.si\/wp-content\/uploads\/2024\/05\/FEVZ9388-683x1024.jpg\" data-width=\"1707\" src=\"https:\/\/i1.wp.com\/www.gimnasticna-zveza.si\/wp-content\/uploads\/2024\/05\/FEVZ9388-683x1024.jpg?ssl=1\" data-amp-layout=\"responsive\"\/><\/figure><\/div><\/div><div class=\"tiled-gallery__row\"><div class=\"tiled-gallery__col\" style=\"flex-basis:66.78097%\"><figure class=\"tiled-gallery__item\"><img decoding=\"async\" alt=\"\" data-height=\"1707\" data-id=\"6920\" data-link=\"https:\/\/www.gimnasticna-zveza.si\/?attachment_id=6920\" data-url=\"https:\/\/www.gimnasticna-zveza.si\/wp-content\/uploads\/2024\/05\/FEVZ9497-1024x683.jpg\" data-width=\"2560\" src=\"https:\/\/i1.wp.com\/www.gimnasticna-zveza.si\/wp-content\/uploads\/2024\/05\/FEVZ9497-1024x683.jpg?ssl=1\" data-amp-layout=\"responsive\"\/><\/figure><\/div><div class=\"tiled-gallery__col\" style=\"flex-basis:33.21903%\"><figure class=\"tiled-gallery__item\"><img decoding=\"async\" alt=\"\" data-height=\"1706\" data-id=\"6922\" data-link=\"https:\/\/www.gimnasticna-zveza.si\/?attachment_id=6922\" data-url=\"https:\/\/www.gimnasticna-zveza.si\/wp-content\/uploads\/2024\/05\/FEVZ9884-1024x683.jpg\" data-width=\"2560\" src=\"https:\/\/i2.wp.com\/www.gimnasticna-zveza.si\/wp-content\/uploads\/2024\/05\/FEVZ9884-1024x683.jpg?ssl=1\" data-amp-layout=\"responsive\"\/><\/figure><figure class=\"tiled-gallery__item\"><img decoding=\"async\" alt=\"\" data-height=\"1707\" data-id=\"6921\" data-link=\"https:\/\/www.gimnasticna-zveza.si\/?attachment_id=6921\" data-url=\"https:\/\/www.gimnasticna-zveza.si\/wp-content\/uploads\/2024\/05\/FEVZ9616-1024x683.jpg\" data-width=\"2560\" src=\"https:\/\/i1.wp.com\/www.gimnasticna-zveza.si\/wp-content\/uploads\/2024\/05\/FEVZ9616-1024x683.jpg?ssl=1\" data-amp-layout=\"responsive\"\/><\/figure><\/div><\/div><div class=\"tiled-gallery__row\"><div class=\"tiled-gallery__col\" style=\"flex-basis:50.00000%\"><figure class=\"tiled-gallery__item\"><img decoding=\"async\" alt=\"\" data-height=\"1707\" data-id=\"6913\" data-link=\"https:\/\/www.gimnasticna-zveza.si\/?attachment_id=6913\" data-url=\"https:\/\/www.gimnasticna-zveza.si\/wp-content\/uploads\/2024\/05\/FEVZ0518-1024x683.jpg\" data-width=\"2560\" src=\"https:\/\/i2.wp.com\/www.gimnasticna-zveza.si\/wp-content\/uploads\/2024\/05\/FEVZ0518-1024x683.jpg?ssl=1\" data-amp-layout=\"responsive\"\/><\/figure><\/div><div class=\"tiled-gallery__col\" style=\"flex-basis:50.00000%\"><figure class=\"tiled-gallery__item\"><img decoding=\"async\" alt=\"\" data-height=\"1707\" data-id=\"6924\" data-link=\"https:\/\/www.gimnasticna-zveza.si\/?attachment_id=6924\" data-url=\"https:\/\/www.gimnasticna-zveza.si\/wp-content\/uploads\/2024\/05\/FEVZ9969-1024x683.jpg\" data-width=\"2560\" src=\"https:\/\/i1.wp.com\/www.gimnasticna-zveza.si\/wp-content\/uploads\/2024\/05\/FEVZ9969-1024x683.jpg?ssl=1\" data-amp-layout=\"responsive\"\/><\/figure><\/div><\/div><\/div><\/div><\/div>\n","protected":false},"excerpt":{"rendered":"<p>Foto Ale\u0161 Fev\u017eer \u010cetrtkove kvalifikacije v koprski Bonifiki so bile<span class=\"excerpt-hellip\"> [\u2026]<\/span><\/p>\n","protected":false},"author":8,"featured_media":6914,"comment_status":"open","ping_status":"open","sticky":false,"template":"","format":"standard","meta":{"_monsterinsights_skip_tracking":false,"_monsterinsights_sitenote_active":false,"_monsterinsights_sitenote_note":"","_monsterinsights_sitenote_category":0,"footnotes":""},"categories":[34,31,35,39,28],"tags":[],"class_list":["post-6911","post","type-post","status-publish","format-standard","has-post-thumbnail","hentry","category-fig-in-ueg","category-gimnastika","category-mladinski-sport","category-sportna-gimnastika","category-vrhunski-sport"],"_links":{"self":[{"href":"https:\/\/www.gimnasticna-zveza.si\/index.php\/wp-json\/wp\/v2\/posts\/6911","targetHints":{"allow":["GET"]}}],"collection":[{"href":"https:\/\/www.gimnasticna-zveza.si\/index.php\/wp-json\/wp\/v2\/posts"}],"about":[{"href":"https:\/\/www.gimnasticna-zveza.si\/index.php\/wp-json\/wp\/v2\/types\/post"}],"author":[{"embeddable":true,"href":"https:\/\/www.gimnasticna-zveza.si\/index.php\/wp-json\/wp\/v2\/users\/8"}],"replies":[{"embeddable":true,"href":"https:\/\/www.gimnasticna-zveza.si\/index.php\/wp-json\/wp\/v2\/comments?post=6911"}],"version-history":[{"count":3,"href":"https:\/\/www.gimnasticna-zveza.si\/index.php\/wp-json\/wp\/v2\/posts\/6911\/revisions"}],"predecessor-version":[{"id":6987,"href":"https:\/\/www.gimnasticna-zveza.si\/index.php\/wp-json\/wp\/v2\/posts\/6911\/revisions\/6987"}],"wp:featuredmedia":[{"embeddable":true,"href":"https:\/\/www.gimnasticna-zveza.si\/index.php\/wp-json\/wp\/v2\/media\/6914"}],"wp:attachment":[{"href":"https:\/\/www.gimnasticna-zveza.si\/index.php\/wp-json\/wp\/v2\/media?parent=6911"}],"wp:term":[{"taxonomy":"category","embeddable":true,"href":"https:\/\/www.gimnasticna-zveza.si\/index.php\/wp-json\/wp\/v2\/categories?post=6911"},{"taxonomy":"post_tag","embeddable":true,"href":"https:\/\/www.gimnasticna-zveza.si\/index.php\/wp-json\/wp\/v2\/tags?post=6911"}],"curies":[{"name":"wp","href":"https:\/\/api.w.org\/{rel}","templated":true}]}}