{"id":6281,"date":"2023-10-24T14:34:49","date_gmt":"2023-10-24T12:34:49","guid":{"rendered":"https:\/\/www.gimnasticna-zveza.si\/?p=6281"},"modified":"2023-10-24T16:07:23","modified_gmt":"2023-10-24T14:07:23","slug":"katjin-bronasti-sprejem-v-druzbi-slovenske-ritmike-in-njenih-starsev","status":"publish","type":"post","link":"https:\/\/www.gimnasticna-zveza.si\/index.php\/2023\/10\/24\/katjin-bronasti-sprejem-v-druzbi-slovenske-ritmike-in-njenih-starsev\/","title":{"rendered":"Katjin bronasti sprejem v dru\u017ebi slovenske ritmike in njenih star\u0161ev"},"content":{"rendered":"\n<p>Gimnasti\u010dna zveza Slovenije se je v soboto v sklopu Pokala Slovenije v ritmi\u010dni gimnastiki v individualnih sestavah 2023 s sprejemom ob zaklju\u010dku izjemno uspe\u0161ne sezone poklonila gimnasti\u010dnim junakinjam, <strong>Ekaterini Vedeneevi<\/strong> in <strong>mladinski skupinski sestavi<\/strong>.<\/p>\n\n\n\n<p>Katja je konec avgusta v Valencii poskrbela za novo slovensko pravljico na svetovnem prvenstvu v ritmi\u010dni gimnastiki. Prvi dan tekmovanja je nastopila v finalu z obro\u010dem in \u017eogo. Z obro\u010dem je prejela oceno 32,650 in se uvrstila na 6. mesto. Sledil je \u0161e finale z \u017eogo, kjer je Katja prejela \u0161esto oceno finala (32,300). Drugi dan tekmovanja se je Katja uvrstila v finale s trakom in v kvalifikacijah mnogoboja zasedla odli\u010dno 5. mesto ter tako Sloveniji priborila mesto na prihajajo\u010dih olimpijskih igrah.<\/p>\n\n\n\n<p>Sprejem je potekal v okviru tekmovanja v ritmi\u010dni gimnastiki Pokal Slovenije ekipno posameznice 2023, kjer so imeli gledalci mo\u017enost spremljati med izvajanjem svojih sestav nosilko dveh medalj z leto\u0161njih najve\u010djih tekmovanj. Predstavila se je v sestavah z obro\u010dem in trakom. Katja je svoje nastope opravila odli\u010dno in med gledalci po\u017eela val navdu\u0161enja. Za sestavo z obro\u010dem je prejela 33, 900, v sestavi s trakom pa 31,350 ter tako poskrbela za slavje svoje ekipe KRG TiM ekipa 1, ki so s 117,100 to\u010dkami osvojile naslov pokalnih prvakinj.<\/p>\n\n\n\n<div class=\"wp-block-jetpack-tiled-gallery aligncenter is-style-rectangular\"><div class=\"tiled-gallery__gallery\"><div class=\"tiled-gallery__row\"><div class=\"tiled-gallery__col\" style=\"flex-basis:34.26936%\"><figure class=\"tiled-gallery__item\"><img decoding=\"async\" alt=\"\" data-height=\"1549\" data-id=\"6282\" data-link=\"https:\/\/www.gimnasticna-zveza.si\/index.php\/2023\/10\/24\/katjin-bronasti-sprejem-v-druzbi-slovenske-ritmike-in-njenih-starsev\/sprejem_katja_2023\/\" data-url=\"https:\/\/www.gimnasticna-zveza.si\/wp-content\/uploads\/2023\/10\/sprejem_katja_2023-1024x620.jpg\" data-width=\"2560\" src=\"https:\/\/i2.wp.com\/www.gimnasticna-zveza.si\/wp-content\/uploads\/2023\/10\/sprejem_katja_2023-1024x620.jpg?ssl=1\" data-amp-layout=\"responsive\"\/><\/figure><figure class=\"tiled-gallery__item\"><img decoding=\"async\" alt=\"\" data-height=\"1706\" data-id=\"6284\" data-link=\"https:\/\/www.gimnasticna-zveza.si\/gimnastika_146_gv\/\" data-url=\"https:\/\/www.gimnasticna-zveza.si\/wp-content\/uploads\/2023\/10\/Gimnastika_146_GV-1024x683.jpg\" data-width=\"2560\" src=\"https:\/\/i1.wp.com\/www.gimnasticna-zveza.si\/wp-content\/uploads\/2023\/10\/Gimnastika_146_GV-1024x683.jpg?ssl=1\" data-amp-layout=\"responsive\"\/><\/figure><\/div><div class=\"tiled-gallery__col\" style=\"flex-basis:65.73064%\"><figure class=\"tiled-gallery__item\"><img decoding=\"async\" alt=\"\" data-height=\"1707\" data-id=\"6285\" data-link=\"https:\/\/www.gimnasticna-zveza.si\/gimnastika_229_gv\/\" data-url=\"https:\/\/www.gimnasticna-zveza.si\/wp-content\/uploads\/2023\/10\/Gimnastika_229_GV-1024x683.jpg\" data-width=\"2560\" src=\"https:\/\/i1.wp.com\/www.gimnasticna-zveza.si\/wp-content\/uploads\/2023\/10\/Gimnastika_229_GV-1024x683.jpg?ssl=1\" data-amp-layout=\"responsive\"\/><\/figure><\/div><\/div><div class=\"tiled-gallery__row\"><div class=\"tiled-gallery__col\" style=\"flex-basis:66.80037%\"><figure class=\"tiled-gallery__item\"><img decoding=\"async\" alt=\"\" data-height=\"1706\" data-id=\"6286\" data-link=\"https:\/\/www.gimnasticna-zveza.si\/gimnastika_268_gv\/\" data-url=\"https:\/\/www.gimnasticna-zveza.si\/wp-content\/uploads\/2023\/10\/Gimnastika_268_GV-1024x683.jpg\" data-width=\"2560\" src=\"https:\/\/i0.wp.com\/www.gimnasticna-zveza.si\/wp-content\/uploads\/2023\/10\/Gimnastika_268_GV-1024x683.jpg?ssl=1\" data-amp-layout=\"responsive\"\/><\/figure><\/div><div class=\"tiled-gallery__col\" style=\"flex-basis:33.19963%\"><figure class=\"tiled-gallery__item\"><img decoding=\"async\" alt=\"\" data-height=\"1707\" data-id=\"6287\" data-link=\"https:\/\/www.gimnasticna-zveza.si\/gimnastika_274_gv\/\" data-url=\"https:\/\/www.gimnasticna-zveza.si\/wp-content\/uploads\/2023\/10\/Gimnastika_274_GV-1024x683.jpg\" data-width=\"2560\" src=\"https:\/\/i0.wp.com\/www.gimnasticna-zveza.si\/wp-content\/uploads\/2023\/10\/Gimnastika_274_GV-1024x683.jpg?ssl=1\" data-amp-layout=\"responsive\"\/><\/figure><figure class=\"tiled-gallery__item\"><img decoding=\"async\" alt=\"\" data-height=\"1707\" data-id=\"6288\" data-link=\"https:\/\/www.gimnasticna-zveza.si\/gimnastika_278_gv\/\" data-url=\"https:\/\/www.gimnasticna-zveza.si\/wp-content\/uploads\/2023\/10\/Gimnastika_278_GV-1024x683.jpg\" data-width=\"2560\" src=\"https:\/\/i1.wp.com\/www.gimnasticna-zveza.si\/wp-content\/uploads\/2023\/10\/Gimnastika_278_GV-1024x683.jpg?ssl=1\" data-amp-layout=\"responsive\"\/><\/figure><\/div><\/div><div class=\"tiled-gallery__row\"><div class=\"tiled-gallery__col\" style=\"flex-basis:33.33333%\"><figure class=\"tiled-gallery__item\"><img decoding=\"async\" alt=\"\" data-height=\"1707\" data-id=\"6289\" data-link=\"https:\/\/www.gimnasticna-zveza.si\/gimnastika_262_gv\/\" data-url=\"https:\/\/www.gimnasticna-zveza.si\/wp-content\/uploads\/2023\/10\/Gimnastika_262_GV-1024x683.jpg\" data-width=\"2560\" src=\"https:\/\/i2.wp.com\/www.gimnasticna-zveza.si\/wp-content\/uploads\/2023\/10\/Gimnastika_262_GV-1024x683.jpg?ssl=1\" data-amp-layout=\"responsive\"\/><\/figure><\/div><div class=\"tiled-gallery__col\" style=\"flex-basis:33.33333%\"><figure class=\"tiled-gallery__item\"><img decoding=\"async\" alt=\"\" data-height=\"1707\" data-id=\"6290\" data-link=\"https:\/\/www.gimnasticna-zveza.si\/gimnastika_298_gv\/\" data-url=\"https:\/\/www.gimnasticna-zveza.si\/wp-content\/uploads\/2023\/10\/Gimnastika_298_GV-1024x683.jpg\" data-width=\"2560\" src=\"https:\/\/i0.wp.com\/www.gimnasticna-zveza.si\/wp-content\/uploads\/2023\/10\/Gimnastika_298_GV-1024x683.jpg?ssl=1\" data-amp-layout=\"responsive\"\/><\/figure><\/div><div class=\"tiled-gallery__col\" style=\"flex-basis:33.33333%\"><figure class=\"tiled-gallery__item\"><img decoding=\"async\" alt=\"\" data-height=\"1707\" data-id=\"6291\" data-link=\"https:\/\/www.gimnasticna-zveza.si\/gimnastika_302_gv\/\" data-url=\"https:\/\/www.gimnasticna-zveza.si\/wp-content\/uploads\/2023\/10\/Gimnastika_302_GV-1024x683.jpg\" data-width=\"2560\" src=\"https:\/\/i0.wp.com\/www.gimnasticna-zveza.si\/wp-content\/uploads\/2023\/10\/Gimnastika_302_GV-1024x683.jpg?ssl=1\" data-amp-layout=\"responsive\"\/><\/figure><\/div><\/div><\/div><\/div>\n\n\n\n<p>V leto\u0161nji sezoni so reprezentantke v ritmi\u010dni gimnastiki poskrbele za veliko veselja na najve\u010djih tekmovanjih. Z izjemnimi nastopili so poskrbele tudi ekipa mladinske skupinske sestave v postavi <strong>Ta\u0161a Jagodi\u010d<\/strong>, <strong>Zara Povoden<\/strong>, <strong>Tia Ember\u0161i\u010d<\/strong>, <strong>Zarja Dreven\u0161ek<\/strong>, <strong>Elli Cof<\/strong>, <strong>Maja Topi\u010d<\/strong> in njihovi trenerki <strong>Natalia Belkina<\/strong> in <strong>Sviatlana Luzanava<\/strong> ter tekmovalki v individualnem programu <strong>Ur\u0161a Kra\u010dman <\/strong>in <strong>Alja Ponikvar<\/strong> ter njuna trenerka <strong>Alena Salauyova<\/strong>. Dekleta so uspe\u0161no zastopala Slovenijo na mladinskem svetovnem prvenstvu v Romuniji, kjer so kot ekipa zasedle odli\u010dno 15. mesto.<\/p>\n\n\n\n<p>Poleg mladink pa sta se z zelo dobrimi nastopi izkazali tudi <strong>Ela Polak<\/strong> in njena trenerka <strong>Viktorija Rus<\/strong> ter <strong>Brigita Kra\u0161ovec <\/strong>in njena trenerka <strong>Ana Kokalj<\/strong>. Dekleti sta letos ob boku Ekaterine Vedeneeve na evropskem prvenstvu poskrbeli za odli\u010den ekipni uspeh, kjer so se kot ekipa uvrstile na 8. mesto in si s tem zagotovile uvrstitev na svetovno prvenstvo v Valencii.<\/p>\n\n\n\n<p>Po tekmovanju je sledil slavnostni sprejem delegacije, ki se je udele\u017eila svetovnega prvenstva. Poleg Katje so bile \u010dlanice delegacije \u0161e njena dolgoletna trenerka <strong>Elena Drozhanova<\/strong> in slovenska sodnica <strong>\u0160pela Alenka Draga\u0161<\/strong>.<\/p>\n\n\n\n<p>Kot prva je bila govorka predsednic Strokovnega odbora za ritmi\u010dno gimnastiko pri Gimnasti\u010dni zvezi Slovenije Gimnastiko Alena Yakubouskaya in predala darila mladinkam in \u010dlanicam ter njihovim trenerkam.<\/p>\n\n\n\n<p>V leto\u0161nji sezoni je Katja na prvem tekmovanju svetovnega pokala v Atenah osvojila zlato medaljo v sestavi s trakom. Na evropskem prvenstvu v Bakuju je osvojila zgodovinsko prvo medaljo z evropskih prvenstev, bronastega leska. Katja se tam ni ustavila in je svojo sijajno sezono nadaljevala na svetovnem prvenstvu v Valencii. Na tekmovanju je Sloveniji priborila vozovnico za prihajajo\u010de olimpijske igre, na katerih se bo predstavila \u017ee drugi\u010d in za name\u010dek \u0161e ubranila bronasto medaljo v sestavi s trakom s lanskega svetovnega prvenstva.<\/p>\n\n\n\n<p>Sledil je govor predsednika kluba Katjinega mati\u010dnega dru\u0161tva KRG TiM, <strong>Mitje Petkov\u0161ka<\/strong>.<\/p>\n\n\n\n<p>Vabilu na sobotni sprejem se je odzval generalni sekretar <strong>Olimpijskega komiteja Slovenije \u2013 zdru\u017eenja \u0161portnih zvez<\/strong>, g. <strong>Toma\u017e Jontes<\/strong>, ki je \u010destital Katji za osvojeno kvoto za nastop na Olimpijskih igrah v Parizu prihodnje leto.<\/p>\n\n\n\n<p>Sledil je govor predsednika Gimnasti\u010dne zveze Slovenije mag. <strong>Damjana Kralja<\/strong>, ki je tokrat nastopal v dveh pomembnih vlogah: kot predsednik Gimnasti\u010dne zveze Slovenije in glavni izvr\u0161ni direktor<strong> glavnega sponzorja, dru\u017ebe BTC<\/strong>, ki \u017ee vse od leta 2000 kot generalni sponzor slovenske gimnastike pomaga vzgajati nove rode zmagovalcev.<\/p>\n\n\n\n<p>Po prejetih darilih je kot zadnja zbrane gledalce nagovorila \u010dastna gostja Ekaterina Vedeneeva.<\/p>\n\n\n\n<p>Po kon\u010danem slovesnem sprejemu so se \u010dastni gostje in govorci zbrali na skupinskem slikanju. Prav tako so mlade nadobudna gimnasti\u010darke imele mo\u017enost, da Katjo spoznajo in se skupaj z njo tudi fotografijo ter prejmejo njen podpis.<\/p>\n\n\n\n<div class=\"wp-block-jetpack-tiled-gallery aligncenter is-style-rectangular\"><div class=\"tiled-gallery__gallery\"><div class=\"tiled-gallery__row\"><div class=\"tiled-gallery__col\" style=\"flex-basis:66.79386%\"><figure class=\"tiled-gallery__item\"><img decoding=\"async\" alt=\"\" data-height=\"1707\" data-id=\"6293\" data-link=\"https:\/\/www.gimnasticna-zveza.si\/gimnastika_320_gv\/\" data-url=\"https:\/\/www.gimnasticna-zveza.si\/wp-content\/uploads\/2023\/10\/Gimnastika_320_GV-1024x683.jpg\" data-width=\"2560\" src=\"https:\/\/i0.wp.com\/www.gimnasticna-zveza.si\/wp-content\/uploads\/2023\/10\/Gimnastika_320_GV-1024x683.jpg?ssl=1\" data-amp-layout=\"responsive\"\/><\/figure><\/div><div class=\"tiled-gallery__col\" style=\"flex-basis:33.20614%\"><figure class=\"tiled-gallery__item\"><img decoding=\"async\" alt=\"\" data-height=\"1707\" data-id=\"6292\" data-link=\"https:\/\/www.gimnasticna-zveza.si\/gimnastika_305_gv\/\" data-url=\"https:\/\/www.gimnasticna-zveza.si\/wp-content\/uploads\/2023\/10\/Gimnastika_305_GV-1024x683.jpg\" data-width=\"2560\" src=\"https:\/\/i2.wp.com\/www.gimnasticna-zveza.si\/wp-content\/uploads\/2023\/10\/Gimnastika_305_GV-1024x683.jpg?ssl=1\" data-amp-layout=\"responsive\"\/><\/figure><figure class=\"tiled-gallery__item\"><img decoding=\"async\" alt=\"\" data-height=\"1708\" data-id=\"6295\" data-link=\"https:\/\/www.gimnasticna-zveza.si\/gimnastika_324_gv\/\" data-url=\"https:\/\/www.gimnasticna-zveza.si\/wp-content\/uploads\/2023\/10\/Gimnastika_324_GV-1024x683.jpg\" data-width=\"2560\" src=\"https:\/\/i1.wp.com\/www.gimnasticna-zveza.si\/wp-content\/uploads\/2023\/10\/Gimnastika_324_GV-1024x683.jpg?ssl=1\" data-amp-layout=\"responsive\"\/><\/figure><\/div><\/div><div class=\"tiled-gallery__row\"><div class=\"tiled-gallery__col\" style=\"flex-basis:33.19971%\"><figure class=\"tiled-gallery__item\"><img decoding=\"async\" alt=\"\" data-height=\"1708\" data-id=\"6294\" data-link=\"https:\/\/www.gimnasticna-zveza.si\/gimnastika_323_gv\/\" data-url=\"https:\/\/www.gimnasticna-zveza.si\/wp-content\/uploads\/2023\/10\/Gimnastika_323_GV-1024x683.jpg\" data-width=\"2560\" src=\"https:\/\/i0.wp.com\/www.gimnasticna-zveza.si\/wp-content\/uploads\/2023\/10\/Gimnastika_323_GV-1024x683.jpg?ssl=1\" data-amp-layout=\"responsive\"\/><\/figure><figure class=\"tiled-gallery__item\"><img decoding=\"async\" alt=\"\" data-height=\"1708\" data-id=\"6296\" data-link=\"https:\/\/www.gimnasticna-zveza.si\/gimnastika_327_gv\/\" data-url=\"https:\/\/www.gimnasticna-zveza.si\/wp-content\/uploads\/2023\/10\/Gimnastika_327_GV-1024x683.jpg\" data-width=\"2560\" src=\"https:\/\/i1.wp.com\/www.gimnasticna-zveza.si\/wp-content\/uploads\/2023\/10\/Gimnastika_327_GV-1024x683.jpg?ssl=1\" data-amp-layout=\"responsive\"\/><\/figure><\/div><div class=\"tiled-gallery__col\" style=\"flex-basis:66.80029%\"><figure class=\"tiled-gallery__item\"><img decoding=\"async\" alt=\"\" data-height=\"1707\" data-id=\"6297\" data-link=\"https:\/\/www.gimnasticna-zveza.si\/gimnastika_1782_gv\/\" data-url=\"https:\/\/www.gimnasticna-zveza.si\/wp-content\/uploads\/2023\/10\/Gimnastika_1782_GV-1024x683.jpg\" data-width=\"2560\" src=\"https:\/\/i2.wp.com\/www.gimnasticna-zveza.si\/wp-content\/uploads\/2023\/10\/Gimnastika_1782_GV-1024x683.jpg?ssl=1\" data-amp-layout=\"responsive\"\/><\/figure><\/div><\/div><div class=\"tiled-gallery__row\"><div class=\"tiled-gallery__col\" style=\"flex-basis:33.33333%\"><figure class=\"tiled-gallery__item\"><img decoding=\"async\" alt=\"\" data-height=\"1707\" data-id=\"6298\" data-link=\"https:\/\/www.gimnasticna-zveza.si\/gimnastika_1781_gv\/\" data-url=\"https:\/\/www.gimnasticna-zveza.si\/wp-content\/uploads\/2023\/10\/Gimnastika_1781_GV-1024x683.jpg\" data-width=\"2560\" src=\"https:\/\/i0.wp.com\/www.gimnasticna-zveza.si\/wp-content\/uploads\/2023\/10\/Gimnastika_1781_GV-1024x683.jpg?ssl=1\" data-amp-layout=\"responsive\"\/><\/figure><\/div><div class=\"tiled-gallery__col\" style=\"flex-basis:33.33333%\"><figure class=\"tiled-gallery__item\"><img decoding=\"async\" alt=\"\" data-height=\"1707\" data-id=\"6299\" data-link=\"https:\/\/www.gimnasticna-zveza.si\/gimnastika_1784_gv\/\" data-url=\"https:\/\/www.gimnasticna-zveza.si\/wp-content\/uploads\/2023\/10\/Gimnastika_1784_GV-1024x683.jpg\" data-width=\"2560\" src=\"https:\/\/i1.wp.com\/www.gimnasticna-zveza.si\/wp-content\/uploads\/2023\/10\/Gimnastika_1784_GV-1024x683.jpg?ssl=1\" data-amp-layout=\"responsive\"\/><\/figure><\/div><div class=\"tiled-gallery__col\" style=\"flex-basis:33.33333%\"><figure class=\"tiled-gallery__item\"><img decoding=\"async\" alt=\"\" data-height=\"1707\" data-id=\"6300\" data-link=\"https:\/\/www.gimnasticna-zveza.si\/gimnastika_1819_gv\/\" data-url=\"https:\/\/www.gimnasticna-zveza.si\/wp-content\/uploads\/2023\/10\/Gimnastika_1819_GV-1024x683.jpg\" data-width=\"2560\" src=\"https:\/\/i0.wp.com\/www.gimnasticna-zveza.si\/wp-content\/uploads\/2023\/10\/Gimnastika_1819_GV-1024x683.jpg?ssl=1\" data-amp-layout=\"responsive\"\/><\/figure><\/div><\/div><div class=\"tiled-gallery__row\"><div class=\"tiled-gallery__col\" style=\"flex-basis:50.00000%\"><figure class=\"tiled-gallery__item\"><img decoding=\"async\" alt=\"\" data-height=\"1707\" data-id=\"6301\" data-link=\"https:\/\/www.gimnasticna-zveza.si\/gimnastika_1825_gv\/\" data-url=\"https:\/\/www.gimnasticna-zveza.si\/wp-content\/uploads\/2023\/10\/Gimnastika_1825_GV-1024x683.jpg\" data-width=\"2560\" src=\"https:\/\/i1.wp.com\/www.gimnasticna-zveza.si\/wp-content\/uploads\/2023\/10\/Gimnastika_1825_GV-1024x683.jpg?ssl=1\" data-amp-layout=\"responsive\"\/><\/figure><\/div><div class=\"tiled-gallery__col\" style=\"flex-basis:50.00000%\"><figure class=\"tiled-gallery__item\"><img decoding=\"async\" alt=\"\" data-height=\"1707\" data-id=\"6302\" data-link=\"https:\/\/www.gimnasticna-zveza.si\/gimnastika_1811_gv\/\" data-url=\"https:\/\/www.gimnasticna-zveza.si\/wp-content\/uploads\/2023\/10\/Gimnastika_1811_GV-1024x683.jpg\" data-width=\"2560\" src=\"https:\/\/i0.wp.com\/www.gimnasticna-zveza.si\/wp-content\/uploads\/2023\/10\/Gimnastika_1811_GV-1024x683.jpg?ssl=1\" data-amp-layout=\"responsive\"\/><\/figure><\/div><\/div><div class=\"tiled-gallery__row\"><div class=\"tiled-gallery__col\" style=\"flex-basis:57.30719%\"><figure class=\"tiled-gallery__item\"><img decoding=\"async\" alt=\"\" data-id=\"6303\" data-link=\"https:\/\/www.gimnasticna-zveza.si\/gimnastika_1816_gv\/\" data-url=\"https:\/\/www.gimnasticna-zveza.si\/wp-content\/uploads\/2023\/10\/Gimnastika_1816_GV.jpg\" src=\"https:\/\/www.gimnasticna-zveza.si\/wp-content\/uploads\/2023\/10\/Gimnastika_1816_GV.jpg\" data-amp-layout=\"responsive\"\/><\/figure><\/div><div class=\"tiled-gallery__col\" style=\"flex-basis:42.69281%\"><figure class=\"tiled-gallery__item\"><img decoding=\"async\" alt=\"\" data-height=\"1707\" data-id=\"6304\" data-link=\"https:\/\/www.gimnasticna-zveza.si\/gimnastika_1848_gv\/\" data-url=\"https:\/\/www.gimnasticna-zveza.si\/wp-content\/uploads\/2023\/10\/Gimnastika_1848_GV-1024x683.jpg\" data-width=\"2560\" src=\"https:\/\/i0.wp.com\/www.gimnasticna-zveza.si\/wp-content\/uploads\/2023\/10\/Gimnastika_1848_GV-1024x683.jpg?ssl=1\" data-amp-layout=\"responsive\"\/><\/figure><figure class=\"tiled-gallery__item\"><img decoding=\"async\" alt=\"\" data-height=\"1707\" data-id=\"6305\" data-link=\"https:\/\/www.gimnasticna-zveza.si\/gimnastika_1838_gv\/\" data-url=\"https:\/\/www.gimnasticna-zveza.si\/wp-content\/uploads\/2023\/10\/Gimnastika_1838_GV-1024x683.jpg\" data-width=\"2560\" src=\"https:\/\/i0.wp.com\/www.gimnasticna-zveza.si\/wp-content\/uploads\/2023\/10\/Gimnastika_1838_GV-1024x683.jpg?ssl=1\" data-amp-layout=\"responsive\"\/><\/figure><\/div><\/div><div class=\"tiled-gallery__row\"><div class=\"tiled-gallery__col\" style=\"flex-basis:48.15399%\"><figure class=\"tiled-gallery__item\"><img decoding=\"async\" alt=\"\" data-height=\"1707\" data-id=\"6306\" data-link=\"https:\/\/www.gimnasticna-zveza.si\/gimnastika_1827_gv\/\" data-url=\"https:\/\/www.gimnasticna-zveza.si\/wp-content\/uploads\/2023\/10\/Gimnastika_1827_GV-1024x683.jpg\" data-width=\"2560\" src=\"https:\/\/i2.wp.com\/www.gimnasticna-zveza.si\/wp-content\/uploads\/2023\/10\/Gimnastika_1827_GV-1024x683.jpg?ssl=1\" data-amp-layout=\"responsive\"\/><\/figure><\/div><div class=\"tiled-gallery__col\" style=\"flex-basis:51.84601%\"><figure class=\"tiled-gallery__item\"><img decoding=\"async\" alt=\"\" data-height=\"1585\" data-id=\"6307\" data-link=\"https:\/\/www.gimnasticna-zveza.si\/gimnastika_323_gv-2\/\" data-url=\"https:\/\/www.gimnasticna-zveza.si\/wp-content\/uploads\/2023\/10\/Gimnastika_323_GV-1-1024x634.jpg\" data-width=\"2560\" src=\"https:\/\/i2.wp.com\/www.gimnasticna-zveza.si\/wp-content\/uploads\/2023\/10\/Gimnastika_323_GV-1-1024x634.jpg?ssl=1\" data-amp-layout=\"responsive\"\/><\/figure><\/div><\/div><\/div><\/div>\n","protected":false},"excerpt":{"rendered":"<p>Gimnasti\u010dna zveza Slovenije se je v soboto v sklopu Pokala<span class=\"excerpt-hellip\"> [\u2026]<\/span><\/p>\n","protected":false},"author":3,"featured_media":6282,"comment_status":"open","ping_status":"open","sticky":false,"template":"","format":"standard","meta":{"_monsterinsights_skip_tracking":false,"_monsterinsights_sitenote_active":false,"_monsterinsights_sitenote_note":"","_monsterinsights_sitenote_category":0,"footnotes":""},"categories":[34,40,28],"tags":[],"class_list":["post-6281","post","type-post","status-publish","format-standard","has-post-thumbnail","hentry","category-fig-in-ueg","category-ritmicna-gimnastika","category-vrhunski-sport"],"_links":{"self":[{"href":"https:\/\/www.gimnasticna-zveza.si\/index.php\/wp-json\/wp\/v2\/posts\/6281","targetHints":{"allow":["GET"]}}],"collection":[{"href":"https:\/\/www.gimnasticna-zveza.si\/index.php\/wp-json\/wp\/v2\/posts"}],"about":[{"href":"https:\/\/www.gimnasticna-zveza.si\/index.php\/wp-json\/wp\/v2\/types\/post"}],"author":[{"embeddable":true,"href":"https:\/\/www.gimnasticna-zveza.si\/index.php\/wp-json\/wp\/v2\/users\/3"}],"replies":[{"embeddable":true,"href":"https:\/\/www.gimnasticna-zveza.si\/index.php\/wp-json\/wp\/v2\/comments?post=6281"}],"version-history":[{"count":4,"href":"https:\/\/www.gimnasticna-zveza.si\/index.php\/wp-json\/wp\/v2\/posts\/6281\/revisions"}],"predecessor-version":[{"id":6312,"href":"https:\/\/www.gimnasticna-zveza.si\/index.php\/wp-json\/wp\/v2\/posts\/6281\/revisions\/6312"}],"wp:featuredmedia":[{"embeddable":true,"href":"https:\/\/www.gimnasticna-zveza.si\/index.php\/wp-json\/wp\/v2\/media\/6282"}],"wp:attachment":[{"href":"https:\/\/www.gimnasticna-zveza.si\/index.php\/wp-json\/wp\/v2\/media?parent=6281"}],"wp:term":[{"taxonomy":"category","embeddable":true,"href":"https:\/\/www.gimnasticna-zveza.si\/index.php\/wp-json\/wp\/v2\/categories?post=6281"},{"taxonomy":"post_tag","embeddable":true,"href":"https:\/\/www.gimnasticna-zveza.si\/index.php\/wp-json\/wp\/v2\/tags?post=6281"}],"curies":[{"name":"wp","href":"https:\/\/api.w.org\/{rel}","templated":true}]}}