{"id":5946,"date":"2023-08-28T16:03:46","date_gmt":"2023-08-28T14:03:46","guid":{"rendered":"https:\/\/www.gimnasticna-zveza.si\/?p=5946"},"modified":"2023-10-17T11:12:22","modified_gmt":"2023-10-17T09:12:22","slug":"pravljicno-svetovno-prvenstvo","status":"publish","type":"post","link":"https:\/\/www.gimnasticna-zveza.si\/index.php\/2023\/08\/28\/pravljicno-svetovno-prvenstvo\/","title":{"rendered":"Pravlji\u010dno svetovno prvenstvo"},"content":{"rendered":"\n<p>Foto Andrey Sapizhak<\/p>\n\n\n\n<p><strong>Z v\u010deraj\u0161njim dnem se je v Valencii kon\u010dalo jubilejno 40. Svetovno prvenstvo v ritmi\u010dni gimnastiki. Tekmovanje je trajalo od 23. do 27. avgusta. Dvorana je bila vse dni tekmovanja polna do zadnjega koti\u010dka in \u0161panski navija\u010di so poskrbeli za neverjetno vzdu\u0161je. Nesporna kraljica tega svetovnega prvenstva je postala 16- letna Nemka Darja Varfolomeev, ki se je okitila s petimi naslovi svetovne prvakinje. Ekaterina Vedeneeva pa je na svojem \u017ee petem svetovnem prvenstvu poskrbela za slovensko pravljico in veselje slovenskega tabora. Katja se je uvrstila v tri finale, finale mnogoboja, Sloveniji priborila kvoto na prihajajo\u010dih olimpijskih igrah in za name\u010dek \u0161e ubranila bronasto medaljo v sestavi s trakom.<\/strong><\/p>\n\n\n\n<p>Slovenijo so na tem tekmovanju zastopale kar tri tekmovalke<strong> Ekatarina Vedeneva <\/strong>(mnogoboj), <strong>Ela Polak<\/strong> (obro\u010d in trak) in <strong>Brigita Kra\u0161ovec<\/strong> (\u017eoga in kiji). Prvi dan tekmovanja sta bila na sporedu obro\u010d in \u017eoga ter tudi \u017ee prva finala z obro\u010dem in \u017eogo. Katja se je tako z obro\u010dem (peta ocena kvalifikacij) kot tudi z \u017eogo (sedma ocena kvalifikacij) uvrstila v finale. Ela Polak je vajo z obro\u010dem izvedla nekoliko slab\u0161e in se z oceno 25,950 uvrstila na 55. mesto. Brigita Kra\u0161ovec je sestavo z \u017eogo izvedla zelo artisti\u010dno in prejela oceno 29, 400 ter se uvrstila na 33. mesto. Finala sta sledila proti ve\u010deru, ki jih je v sestavi z obro\u010dem otvorila Mad\u017earka <strong>Fanni Pigniczki<\/strong>. Z oceno 34,050 je poskrbela za presene\u010denje tega tekmovanja, saj je z njo osvojila bronasto medaljo. Svojo prvo zlato medaljo na tem tekmovanju si je z oceno 35,750 zagotovila Nemka <strong>Darja Varfolomeev. <\/strong>Drugo mesto je osvojila Italijanka <strong>Sofia Raffaeli<\/strong> (35,250). Katja se je uvrstila na 6. mesto z oceno 32,650. Sledil je finale z \u017eogo. <strong>Katja<\/strong> je sestavo prikazala elegantno in brez napak ter prejela \u0161esto oceno finala (32,300). Katja je bila po prvem dnevu tekmovanja z mislimi \u017ee bila pri naslednjem dnevu: <em>\u00bbDanes je bil zelo te\u017eak in naporen dan! Po kvalifikacijah sem bila dve uri na dopin\u0161ki kontroli, \u010dasa za po\u010ditek pa je bilo malo. Zelo sem zadovoljna s svojimi dana\u0161njimi nastopi. Vesela sem, da sem zdr\u017eala pritisk in pokazala vse, kar smo delali. Tukaj\u0161nje ob\u010dinstvo je neverjetno, zato mi je tu nastopati v veliko veselje. Zdaj pa pustimo \u010dustva ob strani in se z novimi mo\u010dmi lotimo jutri\u0161nje tekme! Upam, da se vse dobro izte\u010de.\u00ab<\/em> Svojo drugo zlato medaljo si je z najvi\u0161jo oceno (35,800) final med posameznicami v sestavi z \u017eogo zagotovila <strong>Nemka Darja Varfolomeev.<\/strong> Italijanka <strong>Sofia Raffaeli<\/strong> je osvojila drugo srebrno medaljo (35,200). Bronasta medalja pa je pripadla <strong>Bolgarki Stiliani Nikolovi<\/strong> (35,150).<\/p>\n\n\n\n<p>Drugi dan se je tekmovanje nadaljevalo s kiji in trakom, ki sta <strong>Katjina<\/strong> mo\u010dnej\u0161a rekvizita. Katji se je finale s kiji le za eno mesto oziroma 0,100 desetnike izmuznilo. V kvalifikacijah je z oceno 31,600 zasedla 9. mesto. V finale s trakom pa se je uvrstila po prito\u017ebi na svojo oceno, ki je bila uspe\u0161no obravnavna in dvignjena za 0,200 na 31,000, kar je zado\u0161\u010dalo za 7. mesto. Brigita Kra\u0161ovec se je predstavila s kiji, kjer je naredila ve\u010djo napako (padec kija), vendar je tekmovanje kon\u010dala na 31. mestu (28,900). Ela Polak je trak izvedla dobro in se z oceno 25,950 uvrstila na 45. mesto. Proti koncu dneva je finalistke \u010dakal te\u017eek ve\u010der, saj sta bila na sporedu \u0161e finala s kiji in trakom. Finalna dvoboja sta najprej potekala v sestavi s kiji, ki ga je osvojila Nemka <strong>Darja Varfolomeev<\/strong> (34,350 to\u010dk). Bolgarka <strong>Boryana Kaleyen<\/strong> (33,550), ki je prejela enako oceno kot <strong>Ukrajinka Viktoriia Onopriienko<\/strong> (33,550), je zaradi bolj\u0161e oziroma vi\u0161je izvedbene ocene osvojila srebrno medaljo in Viktoriia bron. Finale je v sestavi s trakom zaokro\u017eila <strong>Katja<\/strong>, ki je svojo vajo prikazal brez napak in zanjo prejela visoko oceno 31,100. Takoj je bilo znano, da je Katja Sloveniji priborila novo odli\u010dje s svetovnega prvenstva bronastega leska. Svojo \u010detrto zlato medaljo si je z kar 1,500 to\u010dke prednosti priborila Nemka <strong>Darja Varfolomeev<\/strong> (33,350 to\u010dk). Srebrno medaljo je ponovno osvojila Bolgarka <strong>Boryana Kaleyen <\/strong>(31,850). <em>\u00bbNe morem povedati, kako zelo sem vesela, da sem osvojila to medaljo. V\u010deraj sem imela sanje, da sem v dana\u0161njem finalu s trakom nastopila kot zadnja. Danes na tekmovanju je do zadnjega kazalo, da bom v finalu nastopala kot druga tekmovalka, vendar je v zadnjem trenutku tekmovalka iz Uzbekistana v kvalifikacijah prejela vi\u0161jo oceno. Posledi\u010dno sem kvalifikacije kon\u010dala kot 7. in zato nastopila v finalu kot zadnja tekmovalka. Ta medalja je zelo pomembna za vse nas in za dr\u017eavo. Vesela sem, da smo uspeli. Hvala vsem, ki me podpirate,\u00ab<\/em> je po osvojeni medalji dejala presre\u010dna <strong>Katja<\/strong>.<\/p>\n\n\n\n<p>Drugi dan tekmovanja je bila znana \u0161e ena pomembna odlo\u010ditev in sicer so se tekmovalke v kvalifikacijah mnogoboja borile za pridobitev kvote svoji dr\u017eavi za nastop na prihajajo\u010dih olimpijskih igrah. 14 najbolj\u0161ih tekmovalk je svoji dr\u017eavi zagotovilo kvoto in med njimi je bila tudi Katja, ki je Sloveniji priborila pravico do nastopa na Olimpijskih igrah v Parizu ter s tem izpolnila glavni cilj slovenske delegacije.<\/p>\n\n\n\n<p>Na predzadnji dan tekmovanja je sledil \u0161e finale mnogoboja, kamor se je <strong>Katja<\/strong> uvrstila kot peta tekmovalka iz kvalifikacij. Svoje nastope je Katja otvorila v svoji \u00bbparadni disciplini\u00ab s sestavo s trakom, ki jo je izvedla zelo izrazno ter prejela oceno 31,300. V drugi rotaciji se je Katja predstavila v sestavi z obro\u010dem. Sestavo je naredila brez napak in prejela oceno 32,700. Sledil je nastop z \u017eogo, ki ga je izvedla ve\u010d kot odli\u010dno in prejela \u010detrto oceno med vajami z \u017eogo (33,300). Katja je zadnjo rotacijo pri\u010dela na odli\u010dnem 6. mestu. Tekmovanje je zaklju\u010dila s svojim bolj\u0161im rekvizitom kiji, vendar kar nekaj elementov ni izvedla. Posledi\u010dno je prejela oceno 30,350. Skupno je zbrala 127,650 to\u010dk in se uvrstila na odli\u010dno 9. mesto. Po treh rotacije je kazalo, da bo naslov svetovne prvakinje le z malo razlike osvojila Italijanka <strong>Sofia Raffaeli, <\/strong>vendar je nepremagljivo Nemko <strong>Darjo Varfolomeev<\/strong> \u010dakal \u0161e njen najbolj\u0161i rekvizit, ki ga je izvedla izjemno in bila nagrajena z oceno dneva 35,650. Darja je tako osvojila \u0161e peto zlato medaljo (137,450). Prvo mesto je osvojila z 1,750 to\u010dke prednosti pred drugo uvr\u0161\u010deno Italijanko <strong>Sofio Raffaeli<\/strong> (135,700 to\u010dk). Tretje mesto je zasedla <strong>Izraelka Daria Atamanov<\/strong> (131,400 to\u010dk), ki se je po lanski odsotnosti s svetovnega prvenstva zaradi po\u0161kodbe noge uspe\u0161no vrnila na tekmovalno prizori\u0161\u010de.<\/p>\n\n\n\n<p><em>\u00bbKon\u010dno se je kon\u010dalo svetovno prvenstvo. To je bilo eno najte\u017ejih tekmovanj v zadnjem \u010dasu, tako psihi\u010dno kot tudi fizi\u010dno. Danes je bilo zelo te\u017eko tekmovati, saj sem pred tem \u017ee dva dni tekmovalna na svojih maksimalnih mo\u010deh. Danes sem bila zelo utrujena, vendar smo zadovoljni, da sem se zbrala in naredila tri vaje zelo dobro. V vaji s kiji nisem uspela narediti vseh elementov, zaradi \u010desar se nisem uvrstila med najbolj\u0161ih osem. Z rezultatom in 9. mestom sem vseeno zelo zadovoljna. Ta rezultat govori o tem, da lahko ciljamo na finale mnogoboja tudi na prihajajo\u010dih olimpijskih igrah v Parizu. O pripravah za olimpijske igre se bomo pri\u010deli pogovarjati nekoliko kasneje. Sedaj me \u010daka kraj\u0161i po\u010ditek, sre\u010danje s star\u0161i, prijatelji in praznovanje uvrstitve na olimpijske igre in medalje. Hvala vsem za podporo in se vidimo v Sloveniji,\u00ab<\/em> je po koncu tekmovanja dejala Katja.<\/p>\n\n\n\n<p>V mnogoboju za skupinske sestave so s skupno zbranimi 70,800 to\u010dkami prvo zlato medaljo osvojile <strong>Izraelke<\/strong>. Z le 0,750 zastopanka so se na drugo mesto uvrstile <strong>Kitajke <\/strong>(70,050), ki pred tekmovanjem niso veljale za eno izmed favoritinj. Na veliko veselje doma\u010dih navija\u010dev pa so si bronasto medaljo priborile <strong>\u0160panke <\/strong>(68,600). <strong>Italijanke<\/strong>, ki so veljale za prve favoritinje, so v sestavi 3x trak + 2x \u017eoga naredile preve\u010d velikih napak (padec rekvizita) in zasedle 4. mesto. Prav tako so v sestavi s 5x obro\u010di preve\u010d napak naredile lanske svetovne prvakinje Bolgarke, ki so na koncu zasedle \u0161ele 12. mesto. Poleg medalj so si ekipe priborile tudi vstopnice za prihajajo\u010de olimpijske igre v Parizu. Uvr\u0161\u010dene ekipe so Izrael, \u0160panija, Bolgarija, Kitajska, Italija, Ukrajina, Brazilija in Francija. Slovenija v skupinskih sestavah ni imela svoje ekipe. Zadnje dejanje tega svetovnega prvenstva pa sta bila \u0161e finala po posameznem rekvizitu za skupinske sestave. V sestavi 5x obro\u010d so <strong>Kitajke<\/strong> osvojile naslov svetovnih prvakinj, drugo mesto osvojile <strong>doma\u010dinke \u0160panke<\/strong>, tretjo mesto pa <strong>Italijanke<\/strong>. Svetovne prvakinje v mnogoboju <strong>Izraelke <\/strong>so naredile ve\u010djo napako in zasedle \u0161ele 5. mesto, vendar so v sestavi 3x trak + 2x \u017eoga popravile vtis in prikazale odli\u010dno sestavo ter osvojile naslov svetovnih prvakinj. Svojo drugo srebrno medaljo na tem tekmovanju so osvojile <strong>Kitajke<\/strong>. Do bronaste medalje pa so v sestavi 3x trak + 2x \u017eoga pri\u0161le tudi <strong>Ukrajinke<\/strong>.<\/p>\n\n\n\n<p>\u010ceprav so tekmovalke <strong>Bolgarije<\/strong> tako v individualnih kot skupinskih sestavah veljale za favoritinje za osvojitev zlatih medalje, jim to ni uspelo ne v individualnem programu ne v programu skupinskih sestav. So pa kot ekipa \u0161e vedno zbrale zelo veliko to\u010dk in tako osvojile naslov najbolj\u0161e ekipe tega sveta (330,150 to\u010dk). Srebrna medalja je pripadla <strong>Nemkam<\/strong> (326,350 to\u010dk). Tretje mesto pa so zasedle<strong> Italijanke <\/strong>(323,850 to\u010dk). Zaradi premajhnega \u0161tevila \u010dlanic reprezentance <strong>Slovenija<\/strong> ni imela prilo\u017enosti, da bi se potegovala tudi za ekipno razvrstitev, saj na tekmovanju Slovenije ni zastopala skupinska sestava.<\/p>\n\n\n\n<p>Svetovno prvenstvo se je za Slovenijo iz\u0161lo po sanjskem scenariju. Na tekmovanju so Slovenijo zastopale kar tri tekmovalke <strong>Ekatarina Vedeneva<\/strong>, <strong>Ela Polak<\/strong> in <strong>Brigita Kra\u0161ovec<\/strong>, ki so si kvoto priborile z odli\u010dnim ekipnim uspehom na preteklem evropskem prvenstvu, ko so osvojile 8. mesto. Katja je Sloveniji na tekmovanju priborila pravico nastopa na prihajajo\u010dih olimpijskih igrah in ubranila bronasto medaljo v sestavi s trakom. <em>\u00bbKot predsednica Strokovnega odbora za ritmi\u010dno gimnastiko sem ponovno navdu\u0161ena in ponosna nad rezultati na\u0161e ekipe na svetovnem prvenstvu! Cilji so bili celo prese\u017eeni z medaljo Ekaterine v finalu s trakom! Dosegli pa smo glavni cilj- olimpijsko vozovnico, ki jo je priborila Katja z uvrstitvijo na odli\u010dno 5. mesto v kvalifikacijah mnogoboja! Tudi Brigita in Ela sta korektno izvedli svoje vaje in dosegli lepe uvrstitve. Odli\u010den zaklju\u010dek leto\u0161nje nadvse uspe\u0161ne sezone za ritmi\u010dno gimnastiko!\u00ab<\/em> je po kon\u010danem tekmovanju dejala predsednica Strokovnega odbora za ritmi\u010dno gimnastiko pri Gimnasti\u010dni zvezi Slovenije <strong>Alena Yakubouskaya.<\/strong><\/p>\n\n\n\n<p>Foto Andrey Sapizhak<\/p>\n\n\n\n<div class=\"wp-block-jetpack-tiled-gallery aligncenter is-style-rectangular\"><div class=\"tiled-gallery__gallery\"><div class=\"tiled-gallery__row\"><div class=\"tiled-gallery__col\" style=\"flex-basis:67.79487%\"><figure class=\"tiled-gallery__item\"><img decoding=\"async\" alt=\"\" data-height=\"1792\" data-id=\"5224\" data-link=\"https:\/\/www.gimnasticna-zveza.si\/09_sponzorji_gzs_banner_mailchimp_februar-2023\/\" data-url=\"https:\/\/www.gimnasticna-zveza.si\/wp-content\/uploads\/2023\/02\/09_sponzorji_gzs_banner_mailchimp_februar-2023-1024x717.jpg\" data-width=\"2560\" src=\"https:\/\/i1.wp.com\/www.gimnasticna-zveza.si\/wp-content\/uploads\/2023\/02\/09_sponzorji_gzs_banner_mailchimp_februar-2023-1024x717.jpg?ssl=1\" data-amp-layout=\"responsive\"\/><\/figure><\/div><div class=\"tiled-gallery__col\" style=\"flex-basis:32.20513%\"><figure class=\"tiled-gallery__item\"><img decoding=\"async\" alt=\"\" data-height=\"1333\" data-id=\"5970\" data-link=\"https:\/\/www.gimnasticna-zveza.si\/?attachment_id=5970\" data-url=\"https:\/\/www.gimnasticna-zveza.si\/wp-content\/uploads\/2023\/08\/ASF8827-Reducida-2023-08-24T22_27_28.703-1024x682.jpg\" data-width=\"2000\" src=\"https:\/\/i2.wp.com\/www.gimnasticna-zveza.si\/wp-content\/uploads\/2023\/08\/ASF8827-Reducida-2023-08-24T22_27_28.703-1024x682.jpg?ssl=1\" data-amp-layout=\"responsive\"\/><\/figure><figure class=\"tiled-gallery__item\"><img decoding=\"async\" alt=\"\" data-height=\"1600\" data-id=\"5964\" data-link=\"https:\/\/www.gimnasticna-zveza.si\/?attachment_id=5964\" data-url=\"https:\/\/www.gimnasticna-zveza.si\/wp-content\/uploads\/2023\/08\/ASF8629-Reducida-2023-08-24T22_19_35.940-1024x819.jpg\" data-width=\"2000\" src=\"https:\/\/i0.wp.com\/www.gimnasticna-zveza.si\/wp-content\/uploads\/2023\/08\/ASF8629-Reducida-2023-08-24T22_19_35.940-1024x819.jpg?ssl=1\" data-amp-layout=\"responsive\"\/><\/figure><\/div><\/div><div class=\"tiled-gallery__row\"><div class=\"tiled-gallery__col\" style=\"flex-basis:36.75775%\"><figure class=\"tiled-gallery__item\"><img decoding=\"async\" alt=\"\" data-height=\"1333\" data-id=\"5968\" data-link=\"https:\/\/www.gimnasticna-zveza.si\/?attachment_id=5968\" data-url=\"https:\/\/www.gimnasticna-zveza.si\/wp-content\/uploads\/2023\/08\/ASF8729-Reducida-2023-08-24T22_09_26.941-1024x682.jpg\" data-width=\"2000\" src=\"https:\/\/i0.wp.com\/www.gimnasticna-zveza.si\/wp-content\/uploads\/2023\/08\/ASF8729-Reducida-2023-08-24T22_09_26.941-1024x682.jpg?ssl=1\" data-amp-layout=\"responsive\"\/><\/figure><figure class=\"tiled-gallery__item\"><img decoding=\"async\" alt=\"\" data-height=\"1333\" data-id=\"5966\" data-link=\"https:\/\/www.gimnasticna-zveza.si\/?attachment_id=5966\" data-url=\"https:\/\/www.gimnasticna-zveza.si\/wp-content\/uploads\/2023\/08\/ASF8699-Reducida-2023-08-24T22_19_49.340-1024x682.jpg\" data-width=\"2000\" src=\"https:\/\/i1.wp.com\/www.gimnasticna-zveza.si\/wp-content\/uploads\/2023\/08\/ASF8699-Reducida-2023-08-24T22_19_49.340-1024x682.jpg?ssl=1\" data-amp-layout=\"responsive\"\/><\/figure><figure class=\"tiled-gallery__item\"><img decoding=\"async\" alt=\"\" data-height=\"1600\" data-id=\"5957\" data-link=\"https:\/\/www.gimnasticna-zveza.si\/?attachment_id=5957\" data-url=\"https:\/\/www.gimnasticna-zveza.si\/wp-content\/uploads\/2023\/08\/ASF7295-Reducida-2023-08-23T17_19_08.381-1024x819.jpg\" data-width=\"2000\" src=\"https:\/\/i0.wp.com\/www.gimnasticna-zveza.si\/wp-content\/uploads\/2023\/08\/ASF7295-Reducida-2023-08-23T17_19_08.381-1024x819.jpg?ssl=1\" data-amp-layout=\"responsive\"\/><\/figure><\/div><div class=\"tiled-gallery__col\" style=\"flex-basis:63.24225%\"><figure class=\"tiled-gallery__item\"><img decoding=\"async\" alt=\"\" data-height=\"2500\" data-id=\"5953\" data-link=\"https:\/\/www.gimnasticna-zveza.si\/?attachment_id=5953\" data-url=\"https:\/\/www.gimnasticna-zveza.si\/wp-content\/uploads\/2023\/08\/ASF0549-Reducida-2023-08-24T23_32_10.230-1-819x1024.jpg\" data-width=\"2000\" src=\"https:\/\/i1.wp.com\/www.gimnasticna-zveza.si\/wp-content\/uploads\/2023\/08\/ASF0549-Reducida-2023-08-24T23_32_10.230-1-819x1024.jpg?ssl=1\" data-amp-layout=\"responsive\"\/><\/figure><\/div><\/div><div class=\"tiled-gallery__row\"><div class=\"tiled-gallery__col\" style=\"flex-basis:62.46779%\"><figure class=\"tiled-gallery__item\"><img decoding=\"async\" alt=\"\" data-height=\"1200\" data-id=\"5980\" data-link=\"https:\/\/www.gimnasticna-zveza.si\/?attachment_id=5980\" data-url=\"https:\/\/www.gimnasticna-zveza.si\/wp-content\/uploads\/2023\/08\/1-1024x768.jpg\" data-width=\"1600\" src=\"https:\/\/i2.wp.com\/www.gimnasticna-zveza.si\/wp-content\/uploads\/2023\/08\/1-1024x768.jpg?ssl=1\" data-amp-layout=\"responsive\"\/><\/figure><\/div><div class=\"tiled-gallery__col\" style=\"flex-basis:37.53221%\"><figure class=\"tiled-gallery__item\"><img decoding=\"async\" alt=\"\" data-height=\"2500\" data-id=\"5955\" data-link=\"https:\/\/www.gimnasticna-zveza.si\/?attachment_id=5955\" data-url=\"https:\/\/www.gimnasticna-zveza.si\/wp-content\/uploads\/2023\/08\/ASF1340-Reducida-2023-08-23T10_33_32.993-819x1024.jpg\" data-width=\"2000\" src=\"https:\/\/i1.wp.com\/www.gimnasticna-zveza.si\/wp-content\/uploads\/2023\/08\/ASF1340-Reducida-2023-08-23T10_33_32.993-819x1024.jpg?ssl=1\" data-amp-layout=\"responsive\"\/><\/figure><\/div><\/div><div class=\"tiled-gallery__row\"><div class=\"tiled-gallery__col\" style=\"flex-basis:35.17842%\"><figure class=\"tiled-gallery__item\"><img decoding=\"async\" alt=\"\" data-height=\"1333\" data-id=\"5975\" data-link=\"https:\/\/www.gimnasticna-zveza.si\/?attachment_id=5975\" data-url=\"https:\/\/www.gimnasticna-zveza.si\/wp-content\/uploads\/2023\/08\/ASF9306-2023-08-25T11_10_40.011-1024x682.jpg\" data-width=\"2000\" src=\"https:\/\/i2.wp.com\/www.gimnasticna-zveza.si\/wp-content\/uploads\/2023\/08\/ASF9306-2023-08-25T11_10_40.011-1024x682.jpg?ssl=1\" data-amp-layout=\"responsive\"\/><\/figure><figure class=\"tiled-gallery__item\"><img decoding=\"async\" alt=\"\" data-height=\"1600\" data-id=\"5952\" data-link=\"https:\/\/www.gimnasticna-zveza.si\/?attachment_id=5952\" data-url=\"https:\/\/www.gimnasticna-zveza.si\/wp-content\/uploads\/2023\/08\/ASF0296_1-Reducida-1024x819.jpg\" data-width=\"2000\" src=\"https:\/\/i1.wp.com\/www.gimnasticna-zveza.si\/wp-content\/uploads\/2023\/08\/ASF0296_1-Reducida-1024x819.jpg?ssl=1\" data-amp-layout=\"responsive\"\/><\/figure><\/div><div class=\"tiled-gallery__col\" style=\"flex-basis:64.82158%\"><figure class=\"tiled-gallery__item\"><img decoding=\"async\" alt=\"\" data-height=\"1600\" data-id=\"5950\" data-link=\"https:\/\/www.gimnasticna-zveza.si\/?attachment_id=5950\" data-url=\"https:\/\/www.gimnasticna-zveza.si\/wp-content\/uploads\/2023\/08\/ASF0120_1-Reducida-2023-08-25T10_43_40.173-1024x819.jpg\" data-width=\"2000\" src=\"https:\/\/i0.wp.com\/www.gimnasticna-zveza.si\/wp-content\/uploads\/2023\/08\/ASF0120_1-Reducida-2023-08-25T10_43_40.173-1024x819.jpg?ssl=1\" data-amp-layout=\"responsive\"\/><\/figure><\/div><\/div><div class=\"tiled-gallery__row\"><div class=\"tiled-gallery__col\" style=\"flex-basis:63.14037%\"><figure class=\"tiled-gallery__item\"><img decoding=\"async\" alt=\"\" data-height=\"1600\" data-id=\"5972\" data-link=\"https:\/\/www.gimnasticna-zveza.si\/?attachment_id=5972\" data-url=\"https:\/\/www.gimnasticna-zveza.si\/wp-content\/uploads\/2023\/08\/ASF9096-2023-08-25T11_10_22.561-1024x819.jpg\" data-width=\"2000\" src=\"https:\/\/i0.wp.com\/www.gimnasticna-zveza.si\/wp-content\/uploads\/2023\/08\/ASF9096-2023-08-25T11_10_22.561-1024x819.jpg?ssl=1\" data-amp-layout=\"responsive\"\/><\/figure><\/div><div class=\"tiled-gallery__col\" style=\"flex-basis:36.85963%\"><figure class=\"tiled-gallery__item\"><img decoding=\"async\" alt=\"\" data-height=\"1600\" data-id=\"5954\" data-link=\"https:\/\/www.gimnasticna-zveza.si\/?attachment_id=5954\" data-url=\"https:\/\/www.gimnasticna-zveza.si\/wp-content\/uploads\/2023\/08\/ASF0563_1-Reducida-1024x819.jpg\" data-width=\"2000\" src=\"https:\/\/i1.wp.com\/www.gimnasticna-zveza.si\/wp-content\/uploads\/2023\/08\/ASF0563_1-Reducida-1024x819.jpg?ssl=1\" data-amp-layout=\"responsive\"\/><\/figure><figure class=\"tiled-gallery__item\"><img decoding=\"async\" alt=\"\" data-height=\"1125\" data-id=\"5973\" data-link=\"https:\/\/www.gimnasticna-zveza.si\/?attachment_id=5973\" data-url=\"https:\/\/www.gimnasticna-zveza.si\/wp-content\/uploads\/2023\/08\/ASF9166-2023-08-25T11_10_28.815-1024x576.jpg\" data-width=\"2000\" src=\"https:\/\/i1.wp.com\/www.gimnasticna-zveza.si\/wp-content\/uploads\/2023\/08\/ASF9166-2023-08-25T11_10_28.815-1024x576.jpg?ssl=1\" data-amp-layout=\"responsive\"\/><\/figure><\/div><\/div><div class=\"tiled-gallery__row\"><div class=\"tiled-gallery__col\" style=\"flex-basis:50.00000%\"><figure class=\"tiled-gallery__item\"><img decoding=\"async\" alt=\"\" data-height=\"1600\" data-id=\"5962\" data-link=\"https:\/\/www.gimnasticna-zveza.si\/?attachment_id=5962\" data-url=\"https:\/\/www.gimnasticna-zveza.si\/wp-content\/uploads\/2023\/08\/ASF8561-Reducida-2023-08-23T17_19_55.872-1024x819.jpg\" data-width=\"2000\" src=\"https:\/\/i0.wp.com\/www.gimnasticna-zveza.si\/wp-content\/uploads\/2023\/08\/ASF8561-Reducida-2023-08-23T17_19_55.872-1024x819.jpg?ssl=1\" data-amp-layout=\"responsive\"\/><\/figure><\/div><div class=\"tiled-gallery__col\" style=\"flex-basis:50.00000%\"><figure class=\"tiled-gallery__item\"><img decoding=\"async\" alt=\"\" data-height=\"1600\" data-id=\"5961\" data-link=\"https:\/\/www.gimnasticna-zveza.si\/?attachment_id=5961\" data-url=\"https:\/\/www.gimnasticna-zveza.si\/wp-content\/uploads\/2023\/08\/ASF8498-Reducida-2023-08-23T17_19_50.849-1024x819.jpg\" data-width=\"2000\" src=\"https:\/\/i1.wp.com\/www.gimnasticna-zveza.si\/wp-content\/uploads\/2023\/08\/ASF8498-Reducida-2023-08-23T17_19_50.849-1024x819.jpg?ssl=1\" data-amp-layout=\"responsive\"\/><\/figure><\/div><\/div><\/div><\/div>\n","protected":false},"excerpt":{"rendered":"<p>Foto Andrey Sapizhak Z v\u010deraj\u0161njim dnem se je v Valencii<span class=\"excerpt-hellip\"> [\u2026]<\/span><\/p>\n","protected":false},"author":8,"featured_media":5970,"comment_status":"closed","ping_status":"closed","sticky":false,"template":"","format":"standard","meta":{"_monsterinsights_skip_tracking":false,"_monsterinsights_sitenote_active":false,"_monsterinsights_sitenote_note":"","_monsterinsights_sitenote_category":0,"footnotes":""},"categories":[34,31,40,28],"tags":[],"class_list":["post-5946","post","type-post","status-publish","format-standard","has-post-thumbnail","hentry","category-fig-in-ueg","category-gimnastika","category-ritmicna-gimnastika","category-vrhunski-sport"],"_links":{"self":[{"href":"https:\/\/www.gimnasticna-zveza.si\/index.php\/wp-json\/wp\/v2\/posts\/5946","targetHints":{"allow":["GET"]}}],"collection":[{"href":"https:\/\/www.gimnasticna-zveza.si\/index.php\/wp-json\/wp\/v2\/posts"}],"about":[{"href":"https:\/\/www.gimnasticna-zveza.si\/index.php\/wp-json\/wp\/v2\/types\/post"}],"author":[{"embeddable":true,"href":"https:\/\/www.gimnasticna-zveza.si\/index.php\/wp-json\/wp\/v2\/users\/8"}],"replies":[{"embeddable":true,"href":"https:\/\/www.gimnasticna-zveza.si\/index.php\/wp-json\/wp\/v2\/comments?post=5946"}],"version-history":[{"count":5,"href":"https:\/\/www.gimnasticna-zveza.si\/index.php\/wp-json\/wp\/v2\/posts\/5946\/revisions"}],"predecessor-version":[{"id":6266,"href":"https:\/\/www.gimnasticna-zveza.si\/index.php\/wp-json\/wp\/v2\/posts\/5946\/revisions\/6266"}],"wp:featuredmedia":[{"embeddable":true,"href":"https:\/\/www.gimnasticna-zveza.si\/index.php\/wp-json\/wp\/v2\/media\/5970"}],"wp:attachment":[{"href":"https:\/\/www.gimnasticna-zveza.si\/index.php\/wp-json\/wp\/v2\/media?parent=5946"}],"wp:term":[{"taxonomy":"category","embeddable":true,"href":"https:\/\/www.gimnasticna-zveza.si\/index.php\/wp-json\/wp\/v2\/categories?post=5946"},{"taxonomy":"post_tag","embeddable":true,"href":"https:\/\/www.gimnasticna-zveza.si\/index.php\/wp-json\/wp\/v2\/tags?post=5946"}],"curies":[{"name":"wp","href":"https:\/\/api.w.org\/{rel}","templated":true}]}}