{"id":5627,"date":"2023-05-19T19:49:14","date_gmt":"2023-05-19T17:49:14","guid":{"rendered":"https:\/\/www.gimnasticna-zveza.si\/?p=5627"},"modified":"2023-05-19T22:15:08","modified_gmt":"2023-05-19T20:15:08","slug":"katja-do-treh-uvrstitev-v-finale-na-evropskem-prvenstvu-ekipno-slovenke-do-treh-kvot-na-svetovnem-prvenstvu","status":"publish","type":"post","link":"https:\/\/www.gimnasticna-zveza.si\/index.php\/2023\/05\/19\/katja-do-treh-uvrstitev-v-finale-na-evropskem-prvenstvu-ekipno-slovenke-do-treh-kvot-na-svetovnem-prvenstvu\/","title":{"rendered":"Katja do treh uvrstitev v finale na evropskem prvenstvu, ekipno slovenke do treh kvot na svetovnem prvenstvu"},"content":{"rendered":"\n<p><strong>Danes so se v Bakuju nadaljevale kvalifikacije za uvrstitev v finale mnogoboja na evropskem prvenstvu v ritmi\u010dni gimnastiki. Tekmovalke so se predstavile v sestavah s kiji in trakom. Ekaterina Vedeneeva je odli\u010dno izvedla obe sestavi in se uvrstila tako v sobotni kot tudi v nedeljski finale.<\/strong><\/p>\n\n\n\n<p>Danes so se v Bakuju zaklju\u010dile kvalifikacije. V finale mnogoboja se je uvrstilo 24 najbolj\u0161ih tekmovalk iz skupnega se\u0161tevka v kvalifikacijah mnogoboja. Za razvrstitev v skupnem se\u0161tevku se \u0161teje ocena, ki je se\u0161tevek treh najbolj\u0161ih prejetih ocen tekmovalk v kvalifikacijah mnogoboja. Katja je skupno zbrala 93,100 to\u010dk in se z 8. mestom uvrstila v jutri\u0161nji finale mnogoboja, kjer bo poskusila izbolj\u0161ati lanskoletno 6. mesto. <strong>Katja <\/strong>je danes tekmovanje pri\u010dela s kiji, kjer na glasbo slovenske izvajalke prikazala odli\u010dno sestavo in se uvrstila v nedeljski finale. Za sestavo s kiji je prejela oceno 30,200, vendar je slovenska ekipa vlo\u017eila prito\u017ebo. Po opravljenem pregledu je bila prito\u017eba zvarjenja in ocena ostala nespremenjena. Tekmovanje v sestavi s kiji je kon\u010dala na odli\u010dnem 6. mestu. Sestavo s trakom je izvedla \u0161e bolj\u0161e in prejela visoko oceno 31,500, s \u010demer se je uvrstila na 3. mesto v kvalifikacijah. <em>\u00bbKon\u010dane so kvalifikacije za evropsko prvenstvo. Danes smo dosegli uvrstitev v finale mnogoboja in finala s kiji in trakom. Jutri je nov dan in najprej z novo mo\u010djo ter \u017eeljo! Zelo sem vesela za na\u0161o celotno ekipo. Vesela sem, da sta dekleti pokazali dobre vaje in da smo skupaj naredile dober rezultat za dr\u017eavo. Na tekmovanju se danes nisem po\u010dutila dobro, bilo mi je zelo slabo, vendar smo z zdravnikom izpeljali tekmovanje do konca. Predvidevam, da sem se slabo po\u010dutila zaradi stresa in ne preve\u010d dobre hrane, saj skoraj 3 dni nisem jedla ni\u010desar. \u0160e dobro, da smo imeli zdravnika s seboj! Za finale mnogoboja si ne postavljam nobenih ciljev. \u017delim nastopiti z vsem srcem in \u010dustveno ter pokazati lepo gimnastiko, ne glede na to, kaj bodo sodniki ocenili in kak\u0161en bo kon\u010dni rezultat! Hvala vsem za podporo, ki je zame zelo pomemba,\u00ab <\/em>je bila dejala <strong>Katja<\/strong> po tekmovanju.<\/p>\n\n\n\n<p>Slovenijo sta danes ponovno zastopali tudi <strong>Brigita Kra\u0161ovec<\/strong> v sestavi s kiji in <strong>Ela Polak<\/strong> v sestavi s trakom. <strong>Brigita,<\/strong> ki je svojo sestavo izvedla zelo artisti\u010dno, je prejela oceno 28,000 in tekmovanje kon\u010dala na odli\u010dnem 21. mestu. &#8220;Vaja je bila izvedena brez ve\u010djih napak, vendar ne popolno. Veliko elementov znam izvesti bolje. Glede na to, da so mi kiji na treningih zadnje dni zelo nagajali in vanje nisem bila sigurna, se mi zdi izvedba na tekmovalnem tepihu danes zadovoljiva,&#8221; je dejala <strong>Brigita <\/strong>po tekmovanju. <strong>Ela<\/strong> je svojo sestavo izvedla zelo dobro in prejela oceno 26,900 ter zasedla 23. mesto. Ela je bila po tekmovanju zelo zadovoljna: &#8220;Z dana\u0161njim nastopom sem zadovoljna, saj je bil izveden brez napak. Artistika je pri\u0161la do izraza, v vaji sem u\u017eivala ter tako dobro zaklju\u010dila svoje prvo \u010dlansko evropsko prvenstvo&#8221;.<\/p>\n\n\n\n<p><em>\u00bbZa nami je zelo uspe\u0161en dan! Vaje smo naredile brez ve\u010djih napak. Ob\u010dutek je super, ko ti v enem in edinem poskusu uspe prikazat, to kar si dolge ure treniral v dvorani. Ela je tekmovala z novim dresom in po v\u010deraj\u0161nji slab\u0161i vaji, danes izvedla dobro vajo in v njej u\u017eivala. Brigita pa je na tekmovanju prikazala nov stil ritmike, s katerim je \u010disto prevzela dvorano. Ponosna sem na obe punci, da jima je uspelo! Vesela sem za celotno slovensko ekipo, ki je dosegla res dober rezultat,\u00ab<\/em> je po tekmovanju dejala trenerka <strong>Ana Kokalj<\/strong>, ki spremlja dekleti na tekmovanju.<\/p>\n\n\n\n<p><em>\u00bbDana\u0161nji nastopi so bili bolj\u0161i kot v\u010deraj! Tako Katja kot Brigita in Ela so naredile svoje vaje suvereno, izrazno in brez velikih napak! Tudi rezultatsko je bila celotna ekipa zelo uspe\u0161na!\u00ab<\/em> je bila po tekmovanju zadovoljna predsednica strokovnega odbora za ritmi\u010dno gimnastiko pri Gimnasti\u010dni zvezi Slovenije <strong>Alena Yakubouskaya<\/strong>.<\/p>\n\n\n\n<p>Najbolj\u0161a v kvalifikacijah s kiji je bila <strong>Nemka Darja Varfolomeev<\/strong>, ki je prejela oceno 31,900. V sestavi s trakom pa je bila najbolj\u0161a Ukrajinka<strong> Viktoriia<\/strong> <strong>Onopriienko ,<\/strong> ki je prejela oceno 32,050. Kvalifikacije je v mnogoboju je kot prvo uvr\u0161\u010dena v finalne mnogoboja kon\u010dala <strong>Bolgarka Stiliana <\/strong><strong>Nikolova<\/strong>, ki je enak zbir to\u010dk z njeno reprezentan\u010dno kolegico <strong>Boryano Kaleyn. <\/strong>Tretje mesto v kvalifikacijah je pripadlo <strong>Nemki Darji Varfolomeev.<\/strong><\/p>\n\n\n\n<p>Jutri bodo na sporedu finali mnogoboja, kjer se bodo tekmovalke predstavile v vseh \u0161tirih sestavah (sestava z obro\u010dem, \u017eogo, kiji in trakom). Slovenijo bo jutri zastopala <strong>Ekaterina Vedeneeva<\/strong>. Tekmovala bo v skupini A kot tretja.<\/p>\n\n\n\n<div class=\"wp-block-jetpack-tiled-gallery aligncenter is-style-rectangular\"><div class=\"tiled-gallery__gallery\"><div class=\"tiled-gallery__row\"><div class=\"tiled-gallery__col\" style=\"flex-basis:63.72486%\"><figure class=\"tiled-gallery__item\"><img decoding=\"async\" alt=\"\" data-height=\"1018\" data-id=\"5631\" data-link=\"https:\/\/www.gimnasticna-zveza.si\/index.php\/2023\/05\/19\/katja-do-treh-uvrstitev-v-finale-na-evropskem-prvenstvu-ekipno-slovenke-do-treh-kvot-na-svetovnem-prvenstvu\/attachment\/33\/\" data-url=\"https:\/\/www.gimnasticna-zveza.si\/wp-content\/uploads\/2023\/05\/33-1024x712.jpg\" data-width=\"1464\" src=\"https:\/\/i2.wp.com\/www.gimnasticna-zveza.si\/wp-content\/uploads\/2023\/05\/33-1024x712.jpg?ssl=1\" data-amp-layout=\"responsive\"\/><\/figure><\/div><div class=\"tiled-gallery__col\" style=\"flex-basis:36.27514%\"><figure class=\"tiled-gallery__item\"><img decoding=\"async\" alt=\"\" data-height=\"1467\" data-id=\"5635\" data-link=\"https:\/\/www.gimnasticna-zveza.si\/index.php\/2023\/05\/19\/katja-do-treh-uvrstitev-v-finale-na-evropskem-prvenstvu-ekipno-slovenke-do-treh-kvot-na-svetovnem-prvenstvu\/whatsapp-image-2023-05-19-at-20-08-09\/\" data-url=\"https:\/\/www.gimnasticna-zveza.si\/wp-content\/uploads\/2023\/05\/WhatsApp-Image-2023-05-19-at-20.08.09-837x1024.jpeg\" data-width=\"1199\" src=\"https:\/\/i1.wp.com\/www.gimnasticna-zveza.si\/wp-content\/uploads\/2023\/05\/WhatsApp-Image-2023-05-19-at-20.08.09-837x1024.jpeg?ssl=1\" data-amp-layout=\"responsive\"\/><\/figure><\/div><\/div><div class=\"tiled-gallery__row\"><div class=\"tiled-gallery__col\" style=\"flex-basis:43.36815%\"><figure class=\"tiled-gallery__item\"><img decoding=\"async\" alt=\"\" data-height=\"1205\" data-id=\"5636\" data-link=\"https:\/\/www.gimnasticna-zveza.si\/index.php\/2023\/05\/19\/katja-do-treh-uvrstitev-v-finale-na-evropskem-prvenstvu-ekipno-slovenke-do-treh-kvot-na-svetovnem-prvenstvu\/whatsapp-image-2023-05-19-at-20-08-07\/\" data-url=\"https:\/\/www.gimnasticna-zveza.si\/wp-content\/uploads\/2023\/05\/WhatsApp-Image-2023-05-19-at-20.08.07-1019x1024.jpeg\" data-width=\"1199\" src=\"https:\/\/i2.wp.com\/www.gimnasticna-zveza.si\/wp-content\/uploads\/2023\/05\/WhatsApp-Image-2023-05-19-at-20.08.07-1019x1024.jpeg?ssl=1\" data-amp-layout=\"responsive\"\/><\/figure><figure class=\"tiled-gallery__item\"><img decoding=\"async\" alt=\"\" data-height=\"1792\" data-id=\"5224\" data-link=\"https:\/\/www.gimnasticna-zveza.si\/09_sponzorji_gzs_banner_mailchimp_februar-2023\/\" data-url=\"https:\/\/www.gimnasticna-zveza.si\/wp-content\/uploads\/2023\/02\/09_sponzorji_gzs_banner_mailchimp_februar-2023-1024x717.jpg\" data-width=\"2560\" src=\"https:\/\/i1.wp.com\/www.gimnasticna-zveza.si\/wp-content\/uploads\/2023\/02\/09_sponzorji_gzs_banner_mailchimp_februar-2023-1024x717.jpg?ssl=1\" data-amp-layout=\"responsive\"\/><\/figure><\/div><div class=\"tiled-gallery__col\" style=\"flex-basis:56.63185%\"><figure class=\"tiled-gallery__item\"><img decoding=\"async\" alt=\"\" data-height=\"962\" data-id=\"5638\" data-link=\"https:\/\/www.gimnasticna-zveza.si\/index.php\/2023\/05\/19\/katja-do-treh-uvrstitev-v-finale-na-evropskem-prvenstvu-ekipno-slovenke-do-treh-kvot-na-svetovnem-prvenstvu\/whatsapp-image-2023-05-19-at-22-10-56\/\" data-url=\"https:\/\/www.gimnasticna-zveza.si\/wp-content\/uploads\/2023\/05\/WhatsApp-Image-2023-05-19-at-22.10.56.jpeg\" data-width=\"733\" src=\"https:\/\/i0.wp.com\/www.gimnasticna-zveza.si\/wp-content\/uploads\/2023\/05\/WhatsApp-Image-2023-05-19-at-22.10.56.jpeg?ssl=1\" data-amp-layout=\"responsive\"\/><\/figure><\/div><\/div><\/div><\/div>\n","protected":false},"excerpt":{"rendered":"<p>Danes so se v Bakuju nadaljevale kvalifikacije za uvrstitev v<span class=\"excerpt-hellip\"> [\u2026]<\/span><\/p>\n","protected":false},"author":8,"featured_media":5629,"comment_status":"open","ping_status":"open","sticky":false,"template":"","format":"standard","meta":{"_monsterinsights_skip_tracking":false,"_monsterinsights_sitenote_active":false,"_monsterinsights_sitenote_note":"","_monsterinsights_sitenote_category":0,"footnotes":""},"categories":[31,40,28],"tags":[],"class_list":["post-5627","post","type-post","status-publish","format-standard","has-post-thumbnail","hentry","category-gimnastika","category-ritmicna-gimnastika","category-vrhunski-sport"],"_links":{"self":[{"href":"https:\/\/www.gimnasticna-zveza.si\/index.php\/wp-json\/wp\/v2\/posts\/5627","targetHints":{"allow":["GET"]}}],"collection":[{"href":"https:\/\/www.gimnasticna-zveza.si\/index.php\/wp-json\/wp\/v2\/posts"}],"about":[{"href":"https:\/\/www.gimnasticna-zveza.si\/index.php\/wp-json\/wp\/v2\/types\/post"}],"author":[{"embeddable":true,"href":"https:\/\/www.gimnasticna-zveza.si\/index.php\/wp-json\/wp\/v2\/users\/8"}],"replies":[{"embeddable":true,"href":"https:\/\/www.gimnasticna-zveza.si\/index.php\/wp-json\/wp\/v2\/comments?post=5627"}],"version-history":[{"count":6,"href":"https:\/\/www.gimnasticna-zveza.si\/index.php\/wp-json\/wp\/v2\/posts\/5627\/revisions"}],"predecessor-version":[{"id":5641,"href":"https:\/\/www.gimnasticna-zveza.si\/index.php\/wp-json\/wp\/v2\/posts\/5627\/revisions\/5641"}],"wp:featuredmedia":[{"embeddable":true,"href":"https:\/\/www.gimnasticna-zveza.si\/index.php\/wp-json\/wp\/v2\/media\/5629"}],"wp:attachment":[{"href":"https:\/\/www.gimnasticna-zveza.si\/index.php\/wp-json\/wp\/v2\/media?parent=5627"}],"wp:term":[{"taxonomy":"category","embeddable":true,"href":"https:\/\/www.gimnasticna-zveza.si\/index.php\/wp-json\/wp\/v2\/categories?post=5627"},{"taxonomy":"post_tag","embeddable":true,"href":"https:\/\/www.gimnasticna-zveza.si\/index.php\/wp-json\/wp\/v2\/tags?post=5627"}],"curies":[{"name":"wp","href":"https:\/\/api.w.org\/{rel}","templated":true}]}}