{"id":5183,"date":"2023-02-17T10:29:02","date_gmt":"2023-02-17T08:29:02","guid":{"rendered":"http:\/\/www.gimnasticna-zveza.si\/?p=5183"},"modified":"2023-02-17T11:15:11","modified_gmt":"2023-02-17T09:15:11","slug":"gimnasticna-zveza-slovenije-predstavila-reprezentance-za-sezono-2023-in-podpisala-novo-pogodbo-z-generalnim-sponzorjem-druzbo-btc","status":"publish","type":"post","link":"https:\/\/www.gimnasticna-zveza.si\/index.php\/2023\/02\/17\/gimnasticna-zveza-slovenije-predstavila-reprezentance-za-sezono-2023-in-podpisala-novo-pogodbo-z-generalnim-sponzorjem-druzbo-btc\/","title":{"rendered":"Gimnasti\u010dna zveza Slovenije predstavila reprezentance za sezono 2023 in podpisala novo pogodbo z generalnim sponzorjem, dru\u017ebo BTC"},"content":{"rendered":"\n<p>Gimnasti\u010dna zveza Slovenije je na novinarski konferenci v Poslovnem klubu Kristalne pala\u010de napovedala sezono 2023 in podpisala generalno sponzorsko pogodbo z dru\u017ebo BTC. Zveza je ponosna in vesela, da dru\u017eba BTC nadaljuje svojo dolgoletno podporo slovenski gimnastiki, ki se je za\u010delo \u017ee pred ve\u010d kot 20 leti. Sodelovanje med dru\u017ebo BTC in zvezo poteka na razli\u010dnih ravneh, s \u010dimer ostaja dru\u017eba eden klju\u010dnih podpornikov razvoja gimnastike v Sloveniji in \u0161portnikom omogo\u010da bolj\u0161e pogoje za izvajanje treningov in priprav ter udele\u017ebo na mednarodnih tekmovanjih.<\/p>\n\n\n\n<p><em>\u00bbV dru\u017ebi BTC s ponosom \u017ee ve\u010d kot 20 let podpiramo razvoj in promocijo slovenske gimnastike ter perspektivnih telovadcev in telovadk. Pri tej \u0161portni disciplini so v ospredju predanost, vztrajnost in agilnost \u2013 vrednote, s katerimi se lahko poistovetimo tudi sami.&nbsp; Tudi v lanski sezoni smo videli, da se na krilih teh vrednot uresni\u010dujejo velike \u0161portne sanje. V letu 2022 smo bele\u017eili \u0161tevilne dose\u017eke na\u0161ih \u0161portnikov, med drugim je <\/em><strong><em>Ekaterina Vedeneeva<\/em><\/strong><em> postavila nov mejnik v ritmi\u010dni gimnastiki z osvojenim 3. mestom na svetovnem prvenstvu, kar je bila prva slovenska medalja v tej disciplini. V leto\u0161nje leto, ki smo ga za\u010deli z obele\u017eitvijo 60-letnice delovanja GZS, in v novo gimnasti\u010dno sezono tako vstopamo optimisti\u010dni in pripravljeni na nove zmage,\u00ab <\/em>je izpostavil <strong>mag. Damjan Kralj, <\/strong>predsednik Gimnasti\u010dne zveze Slovenije in glavni izvr\u0161ni direktor dru\u017ebe BTC.<\/p>\n\n\n\n<p>Gimnasti\u010dna zveza Slovenije je predstavila \u010dlansko reprezentanco, ki bo v mo\u0161ki in \u017eenski \u0161portni gimnastiki ter ritmi\u010dni gimnastiki nastopala v tekmovalni sezoni 2023. Predstavila je tudi kandidate za nastop na mladinskem svetovnem prvenstvu in mladinskem evropskem prvenstvu v skupinskih sestavah.<\/p>\n\n\n\n<figure class=\"wp-block-gallery has-nested-images columns-default is-cropped wp-block-gallery-1 is-layout-flex wp-block-gallery-is-layout-flex\">\n<figure class=\"wp-block-image size-large\"><img fetchpriority=\"high\" decoding=\"async\" width=\"1024\" height=\"683\" data-id=\"5190\" src=\"https:\/\/www.gimnasticna-zveza.si\/wp-content\/uploads\/2023\/02\/AR-20230216BU4I9909-1024x683.jpg\" alt=\"\" class=\"wp-image-5190\" srcset=\"https:\/\/www.gimnasticna-zveza.si\/wp-content\/uploads\/2023\/02\/AR-20230216BU4I9909-1024x683.jpg 1024w, https:\/\/www.gimnasticna-zveza.si\/wp-content\/uploads\/2023\/02\/AR-20230216BU4I9909-300x200.jpg 300w, https:\/\/www.gimnasticna-zveza.si\/wp-content\/uploads\/2023\/02\/AR-20230216BU4I9909-768x512.jpg 768w, https:\/\/www.gimnasticna-zveza.si\/wp-content\/uploads\/2023\/02\/AR-20230216BU4I9909-1536x1024.jpg 1536w, https:\/\/www.gimnasticna-zveza.si\/wp-content\/uploads\/2023\/02\/AR-20230216BU4I9909-2048x1365.jpg 2048w, https:\/\/www.gimnasticna-zveza.si\/wp-content\/uploads\/2023\/02\/AR-20230216BU4I9909-219x146.jpg 219w, https:\/\/www.gimnasticna-zveza.si\/wp-content\/uploads\/2023\/02\/AR-20230216BU4I9909-50x33.jpg 50w, https:\/\/www.gimnasticna-zveza.si\/wp-content\/uploads\/2023\/02\/AR-20230216BU4I9909-113x75.jpg 113w, https:\/\/www.gimnasticna-zveza.si\/wp-content\/uploads\/2023\/02\/AR-20230216BU4I9909-800x533.jpg 800w\" sizes=\"(max-width:767px) 480px, (max-width:1024px) 100vw, 1024px\" \/><\/figure>\n\n\n\n<figure class=\"wp-block-image size-large\"><img decoding=\"async\" width=\"1024\" height=\"683\" data-id=\"5189\" src=\"https:\/\/www.gimnasticna-zveza.si\/wp-content\/uploads\/2023\/02\/AR-20230216BU4I9892-1024x683.jpg\" alt=\"\" class=\"wp-image-5189\" srcset=\"https:\/\/www.gimnasticna-zveza.si\/wp-content\/uploads\/2023\/02\/AR-20230216BU4I9892-1024x683.jpg 1024w, https:\/\/www.gimnasticna-zveza.si\/wp-content\/uploads\/2023\/02\/AR-20230216BU4I9892-300x200.jpg 300w, https:\/\/www.gimnasticna-zveza.si\/wp-content\/uploads\/2023\/02\/AR-20230216BU4I9892-768x512.jpg 768w, https:\/\/www.gimnasticna-zveza.si\/wp-content\/uploads\/2023\/02\/AR-20230216BU4I9892-1536x1024.jpg 1536w, https:\/\/www.gimnasticna-zveza.si\/wp-content\/uploads\/2023\/02\/AR-20230216BU4I9892-2048x1365.jpg 2048w, https:\/\/www.gimnasticna-zveza.si\/wp-content\/uploads\/2023\/02\/AR-20230216BU4I9892-219x146.jpg 219w, https:\/\/www.gimnasticna-zveza.si\/wp-content\/uploads\/2023\/02\/AR-20230216BU4I9892-50x33.jpg 50w, https:\/\/www.gimnasticna-zveza.si\/wp-content\/uploads\/2023\/02\/AR-20230216BU4I9892-113x75.jpg 113w, https:\/\/www.gimnasticna-zveza.si\/wp-content\/uploads\/2023\/02\/AR-20230216BU4I9892-800x533.jpg 800w\" sizes=\"(max-width:767px) 480px, (max-width:1024px) 100vw, 1024px\" \/><\/figure>\n<\/figure>\n\n\n\n<p><\/p>\n\n\n\n<p><strong>Ritmi\u010dna gimnastika<\/strong><\/p>\n\n\n\n<p>predsednica strokovnega odbora: <strong>Alena Yakubouskaya<\/strong><\/p>\n\n\n\n<p>Sezona 2022 je bila za slovensko ritmi\u010dno gimnastiko zgodovinska, saj je <strong>Ekaterina Vedeneeva<\/strong> na Svetovnem prvenstvu 2022 v Sofiji osvojila prvo bronasto medaljo v sestavi s trakom. Poleg zgodovinske medalje na svetovnem prvenstvu je osvojila tudi medaljo na svetovnih igrah, se uvrstila v vsa finalna tekmovanja na evropskem prvenstvu in zasedla zgodovinsko 4. mesto ter v kon\u010dnem skupnem se\u0161tevku svetovnih pokalov v sestavi s trakom zasedla najvi\u0161je mesto. Prav <strong>Ekaterina Vedeneeva<\/strong> bo tudi prvo ime slovenske reprezentance v sezoni 2023.<\/p>\n\n\n\n<p>\u010clanska reprezentanca:<br>Ekaterina Vedeneeva (trenerka Elena Drozhanova, KRG TiM),<br>Ela Polak (trenerka Viktorija Rus in Lori Vrankar, KRG \u0160i\u0161ka),<br>Asja Pu\u010dnik (trenerka Natalia Belkina, \u0160K Favorit),<br>Nika Zajc (KRG Narodni dom),<br>Karina Gerkaman Salauyova (trenerki Alena Salauyova, Alena Yakubouskaya, KRG Narodni dom) in<br>Brigita Kra\u0161ovec (trenerki Tina \u010cas in Ana Kokalj, \u0160D Moste).<\/p>\n\n\n\n<p><em>Cilji:<\/em><\/p>\n\n\n\n<p><em>\u00bbNajpomembnej\u0161e tekmovanje v letu 2023 je vsekakor svetovno prvenstvo, ki je letos kvalifikacijsko za prihajajo\u010de olimpijske igre. \u017delimo si uvrstitve v finale. Na\u0161 drugi najpomembnej\u0161i cilj je evropsko prvenstvo. Na to tekmovanje bomo poslali ekipo z dvema ali tremi tekmovalkami. Najve\u010d pri\u010dakujemo od <strong>Ekaterine Vedeneeve,<\/strong> in sicer uvrstitev v finale in borbo za medalje,\u00ab<\/em> je dejala predsednica strokovnega odbora za ritmi\u010dno gimnastiko <strong>Alena Yakubouskaya.<\/strong><\/p>\n\n\n\n<p><\/p>\n\n\n\n<p><strong>\u017denska \u0161portna gimnastika<\/strong><\/p>\n\n\n\n<p>predsednik strokovnega odbora: <strong>mag. Klemen Bedenik<\/strong><\/p>\n\n\n\n<p>Leto\u0161njo sezono bo Slovenijo v \u017eenski \u0161portni gimnastiki zastopal dvojec Lucija Hribar in Zala Trtnik. Obe sta se lani v mnogoboju preko evropskega prvenstva uvrstile na svetovno prvenstvo, kjer se je Lucija z zelo dobrimi vajami uvrstila na 36. mesto. Zala Trtnik, ki se je v lanskem letu pridru\u017eila \u010dlanski reprezentanci, se je \u017ee na svojih prvih svetovnih pokalih veselila uvrstitve v finale. Tekom sezone se jima bo pridru\u017eila \u0161e Tja\u0161a Kysselef, ki zaklju\u010duje rehabilitacijo po operaciji.<\/p>\n\n\n\n<p>\u010clanska reprezentanca:<br>Tja\u0161a Kysselef (trener Andrej Mavri\u010d, GD Zelena jama),<br>Teja Belak, (trener Andrej Mavri\u010d, GD Zelena jama),<br>Lucija Hribar (trenerka Nata\u0161a Retelj, GD Zelena jama) in<br>Zala Trtnik (trener Urban Sever, \u0160D GIB \u0160i\u0161ka Ljubljana).<\/p>\n\n\n\n<p><em>Cilji:<\/em><\/p>\n\n\n\n<p>Trener \u010dlanske reprezentance v \u017eenski \u0161portni gimnastiki <strong>Andrej Mavri\u010d<\/strong> si v leto\u0161nji sezoni \u017eeli uvrstitve na olimpijske igre: <em>\u00bb V leto\u0161nji sezoni se bolj osredoto\u010damo na dve tekmovalki, Lucijo Hribar in Zalo Trtnik. Upamo, da se jima bo kasneje po uspe\u0161no zaklju\u010deni rehabilitaciji pridru\u017eila tudi Tja\u0161a Kysselef. Imamo dva cilja oziroma vrhova te sezone evropsko in svetovno prvenstvo. Na evropskem prvenstvu \u017eelimo dokazati, da smo v zadnjih letih dobro delali in se lahko kosamo z najbolj\u0161imi tudi v mnogoboju. Na tem tekmovanju si \u017eelimo enega nastopa v finalu mnogoboja. Na svetovnem prvenstvu rezultatski cilj niso toliko v ospredju, saj ra\u010dunamo na uvrstitev ene izmed tekmovalk na olimpijske igre, ki bodo naslednje leto. Med najve\u010djima tekmama pa imamo kar nekaj svetovnih pokalov, kjer bomo posku\u0161ali \u010dim bolje tekmovati in se redno uvr\u0161\u010dati v finalne dele tekmovanja.\u00ab<\/em><\/p>\n\n\n\n<p><\/p>\n\n\n\n<p><strong>Mo\u0161ka \u0161portna gimnastika<\/strong><\/p>\n\n\n\n<p>Predsednik strokovnega odbora: <strong>Alja\u017e Vogrinec<\/strong><\/p>\n\n\n\n<p><strong>Nikolaju Bo\u017ei\u010du<\/strong> in <strong>Luki Bojancu<\/strong>, ki se vra\u010da po kraj\u0161em odmoru zaradi po\u0161kodbe rame, se je pridru\u017eilo kar nekaj novih imen, ki so v lanskem letu zastopali Slovenijo na mladinskem evropskem prvenstvu. Med njimi je An\u017ee Hribar, ki svoj debi v \u010dlanski kategoriji opravil z odliko \u017ee lani in se na svetovnem pokalu v Mersinu na parterju uvrstil na 9. mesto.<\/p>\n\n\n\n<p>Reprezentanca:<br>Luka Bojanc (trener Sebastijan Pileti\u010d, \u0160D Narodni dom Ljubljana),<br>Nikolaj Bo\u017ei\u010d (trener Sebastijan Pileti\u010d, \u0160D Narodni dom Ljubljana),<br>An\u017ee Hribar (trener Franci Rojc, \u0160D Sokol Be\u017eigrad),<br>Gregor Rakovi\u010d (trener Alja\u017e Vogrinec, \u0160D Center Maribor),<br>Gregor Turk (trener Sebastijan Pileti\u010d, \u0160D Narodni dom Ljubljana),<br>Beno Kunst (TD Sokol Bre\u017eice) in<br>Kevin George Buckley (\u0160D Narodni dom Ljubljana).<\/p>\n\n\n\n<p><em>Cilji:<\/em><\/p>\n\n\n\n<p><em>\u00bbNa\u0161 prvi cilj svetovnih pokalov je uvrstitev na svetovno prvenstvo, kar nam je uspelo \u017ee lani. Ker so svetovni pokali kvalifikacijski za svetovno prvenstvo, ki je potem kvalifikacijsko za olimpijske igre, pri\u010dakujemo, da bo tudi malo ve\u010dja konkurenca in zelo mo\u010dne tekme. Prvi cilj je predvsem to, da pridemo med 12 najbolj\u0161ih tekmovalce in si s tem priborimo to\u010dke svetovnega pokala, kar se je \u017ee lani izkazalo za zelo pomembno, saj smo se na podlagi tega uvrstili na svetovno prvenstvo (<strong>Luka Bojanc<\/strong> in <strong>Nikolaj Bo\u017ei\u010d)<\/strong>. Za <strong>An\u017eeta Hribarja<\/strong>, ki je zelo mlad in perspektiven tekmovalec, si \u017eelimo, da se bo preko evropskega prvenstva uvrstil na svetovno prvenstvo v mnogoboju in se tam posku\u0161al boriti tudi za uvrstitev na olimpijske igre. <strong>Kevin Buckley<\/strong> ima trenutno manj\u0161e te\u017eave z zapestjem in se bo reprezentanci priklju\u010dil na tekmi Svetovnega pokala v Bakuju. \u017delimo si, da bo tam lahko prikazal dobro sestavo na konju z ro\u010daji,\u00ab<\/em> je dejal trener \u010dlanske reprezentance v mo\u0161ki \u0161portni gimnastiki <strong>Sebastijan Pileti\u010d<\/strong>.<\/p>\n\n\n\n<p><\/p>\n\n\n\n<div class=\"wp-block-jetpack-tiled-gallery aligncenter is-style-rectangular\"><div class=\"tiled-gallery__gallery\"><div class=\"tiled-gallery__row\"><div class=\"tiled-gallery__col\" style=\"flex-basis:66.78742%\"><figure class=\"tiled-gallery__item\"><img decoding=\"async\" alt=\"\" data-height=\"1707\" data-id=\"5193\" data-link=\"https:\/\/www.gimnasticna-zveza.si\/?attachment_id=5193\" data-url=\"https:\/\/www.gimnasticna-zveza.si\/wp-content\/uploads\/2023\/02\/AR-20230217BU4I9997-1024x683.jpg\" data-width=\"2560\" src=\"https:\/\/i2.wp.com\/www.gimnasticna-zveza.si\/wp-content\/uploads\/2023\/02\/AR-20230217BU4I9997-1024x683.jpg\" data-amp-layout=\"responsive\"\/><\/figure><\/div><div class=\"tiled-gallery__col\" style=\"flex-basis:33.21258%\"><figure class=\"tiled-gallery__item\"><img decoding=\"async\" alt=\"\" data-height=\"1707\" data-id=\"5192\" data-link=\"https:\/\/www.gimnasticna-zveza.si\/?attachment_id=5192\" data-url=\"https:\/\/www.gimnasticna-zveza.si\/wp-content\/uploads\/2023\/02\/AR-20230217BU4I9982-1024x683.jpg\" data-width=\"2560\" src=\"https:\/\/i0.wp.com\/www.gimnasticna-zveza.si\/wp-content\/uploads\/2023\/02\/AR-20230217BU4I9982-1024x683.jpg\" data-amp-layout=\"responsive\"\/><\/figure><figure class=\"tiled-gallery__item\"><img decoding=\"async\" alt=\"\" data-height=\"1707\" data-id=\"5191\" data-link=\"https:\/\/www.gimnasticna-zveza.si\/?attachment_id=5191\" data-url=\"https:\/\/www.gimnasticna-zveza.si\/wp-content\/uploads\/2023\/02\/AR-20230217BU4I0043-1024x683.jpg\" data-width=\"2560\" src=\"https:\/\/i1.wp.com\/www.gimnasticna-zveza.si\/wp-content\/uploads\/2023\/02\/AR-20230217BU4I0043-1024x683.jpg\" data-amp-layout=\"responsive\"\/><\/figure><\/div><\/div><div class=\"tiled-gallery__row\"><div class=\"tiled-gallery__col\" style=\"flex-basis:51.21034%\"><figure class=\"tiled-gallery__item\"><img decoding=\"async\" alt=\"\" data-height=\"1707\" data-id=\"5188\" data-link=\"https:\/\/www.gimnasticna-zveza.si\/?attachment_id=5188\" data-url=\"https:\/\/www.gimnasticna-zveza.si\/wp-content\/uploads\/2023\/02\/AR-20230216BU4I9867-1024x683.jpg\" data-width=\"2560\" src=\"https:\/\/i1.wp.com\/www.gimnasticna-zveza.si\/wp-content\/uploads\/2023\/02\/AR-20230216BU4I9867-1024x683.jpg\" data-amp-layout=\"responsive\"\/><\/figure><\/div><div class=\"tiled-gallery__col\" style=\"flex-basis:48.78966%\"><figure class=\"tiled-gallery__item\"><img decoding=\"async\" alt=\"\" data-height=\"1323\" data-id=\"4218\" data-link=\"https:\/\/www.gimnasticna-zveza.si\/index.php\/2022\/08\/09\/v-cetrtek-se-zacenja-evropsko-prvenstvo-v-sportni-gimnastiki\/08_sponzorji_gzs_banner_mailchimp_julij-2022\/\" data-url=\"https:\/\/www.gimnasticna-zveza.si\/wp-content\/uploads\/2022\/08\/08_sponzorji_gzs_banner_mailchimp_julij-2022-1024x717.jpg\" data-width=\"1890\" src=\"https:\/\/i2.wp.com\/www.gimnasticna-zveza.si\/wp-content\/uploads\/2022\/08\/08_sponzorji_gzs_banner_mailchimp_julij-2022-1024x717.jpg\" data-amp-layout=\"responsive\"\/><\/figure><\/div><\/div><\/div><\/div>\n\n\n\n<p><strong>MLADINSKA REPREZENTANCA:<\/strong><\/p>\n\n\n\n<p>Mladinske kategorije v leto\u0161njem letu \u010daka najpomembnej\u0161e tekmovanje sezone, svetovno mladinsko prvenstvo, ki se bo organizirano drugi\u010d. Na prvem svetovnem prvenstvu smo imeli predstavnico v \u017eenski \u0161portni gimnastiki <strong>Zalo Bedenik<\/strong> in v ritmi\u010dni gimnastiki <strong>Brigito Kra\u0161ovec<\/strong>. Za gimnasti\u010darje in gimnasti\u010darke bo svetovno prvenstvu \u017ee zelo zgodaj v za\u010detku sezone, in sicer konec meseca marca v Antalya, Tur\u010dija. Predstavnice ritmi\u010dne gimnastike se bodo na svetovnem mladinskem prvenstvo pomerile v mesecu juniju v Cluj-Napoca, Romunija. Po \u0161estih letih, ko je slovenska mladinska reprezentanca v skupinskih sestavah na evropskem prvenstvu osvojila 21. mesto bo Slovenija ponovno imela predstavnice tudi v leto\u0161nji sezoni, kjer bodo dekleta tekmovala na evropskem mladinskem prvenstvu in prvi\u010d tudi na svetovnem mladinskem prvenstvu.<\/p>\n\n\n\n<p>V leto\u0161nji sezoni pa tekmovalce v \u0161portni gimnastiki \u010daka \u0161e Olimpijski festival evropske mladine, kjer se bodo tekmovalci predstavili pred doma\u010dim ob\u010dinstvom v \u010dasu od 25. do 29. julija 2023.<\/p>\n\n\n\n<p><\/p>\n\n\n\n<p><strong>Ritmi\u010dna gimnastika<\/strong><\/p>\n\n\n\n<p>Kandidatke za nastop na mladinskem Evropskem prvenstvu:<br>Alja Ponikvar (KRG Narodni dom),<br>Luna Gregori\u010d (\u0160D Moste),<br>Ur\u0161a Kra\u010dman (KRG Narodni dom),<br>Paula Loboda (KRG Narodni dom) in<br>Vida Kon\u010dek (\u0160D Moste).<\/p>\n\n\n\n<p><em>Cilj:<\/em><\/p>\n\n\n\n<p><em>\u00bbMed mladinkami je letos mo\u010dna konkurenca in \u010daka na\u0161 te\u017eko delo, da dolo\u010dimo, kdo bo zastopal barve Slovenije na svetovnem prvenstvu. Pri\u010dakujemo, da bodo tekmovalke predstavile dobro narejene sestave in se s tem borile za uvrstitev med prvo polovico nastopajo\u010dih po posameznem rekvizitu,\u00ab<\/em> si \u017eeli trenerka mladinske reprezentance <strong>Alena Yakubouskaya<\/strong>.<\/p>\n\n\n\n<p>Mladinska reprezentanca v skupinskih sestavah:<\/p>\n\n\n\n<p>Ta\u0161a Jagodi\u010d (\u0160K Favorit),<br>Zara Povoden (\u0160K Favorit),<br>Tia Ember\u0161i\u010d (\u0160K Favorit),<br>Zarja Dreven\u0161ek (D\u0160RG Branik Maribor),<br>Elli Cof (\u0160K Favorit),<br>Maja Topi\u010d (\u0160K Favorit) in<br>Trener: Natalia Belkina.<\/p>\n\n\n\n<p><em>Cilj:<\/em><\/p>\n\n\n\n<p>Trenerka mladinske reprezentance v skupinskih sestavah <strong>Natalia Belkina<\/strong> od ekipe na evropskem in svetovnem prvenstvu pri\u010dakuje predvsem \u010diste sestave: <em>\u00bbZelo sem vesela, da smo se zbrali in sestavili mladinsko skupinsko sestavo ter, da imamo medklubsko sodelovanje. Na evropskem prvenstvu si \u017eelimo uvrstitve med najbolj\u0161ih 20. ekip.\u00ab<\/em><\/p>\n\n\n\n<p><\/p>\n\n\n\n<p><strong>\u017denska \u0161portna gimnastika<\/strong><\/p>\n\n\n\n<p>Mladinska reprezentanca:<br>Luna Babi\u0107 (\u0160K Salto Koper),<br>Luana Lubini\u010d (\u0160K Salto Koper),<br>Ronja Gla\u017ear Tam\u0161e (\u0160D GIB Ljubljana \u0160i\u0161ka),<br>Hana Rebec (GD Zelena jama),<br>Lana Lederer (GD Zelena jama) in<br>Vita Prijanovi\u010d (GD Zelena jama).<\/p>\n\n\n\n<p><em>Cilji:<\/em><\/p>\n\n\n\n<p><em>\u00bbV leto\u0161nji sezoni imamo dve pomembni tekmi, mladinsko svetovno prvenstvo in Olimpijski festival evropske mladine, ki bo organiziran v Mariboru. Za te dve tekmovanji imamo \u0161est kandidatk, ki ka\u017eejo \u017ee zelo dobro formo. \u017delimo si, da bodo vaje na glavnih tekmovanjih prikazane brez padcev in ve\u010djih napak, saj lahko v tem primeru ra\u010dunamo na \u010dim bolj\u0161e uvrstitve,\u00ab<\/em> je dejala trenerka mladinske reprezentance <strong>Vesna Stavrev<\/strong>.<\/p>\n\n\n\n<p><\/p>\n\n\n\n<p><strong>Mo\u0161ka \u0161portna gimnastika:<\/strong><\/p>\n\n\n\n<p>Mladinska reprezentanca:<br>Tin \u0160tros (\u0160D Center Maribor),<br>Jure Podobnik (\u0160D Narodni dom Ljubljana),<br>Timon Sternad Hiter (\u0160D Ru\u0161e),<br>Maj Kondri\u010d (\u0160D Center Maribor) in<br>Toni Kastelic (Dru\u0161tvo Partizan Vi\u010d).<\/p>\n\n\n\n<p><em>Cilj:<\/em><\/p>\n\n\n\n<ul class=\"wp-block-list\">\n<li>na mladinskem svetovnem prvenstvu dose\u010di rezultat 73,000 to\u010dk z enim posameznikom,<\/li>\n\n\n\n<li>na Olimpijskem festivalu evropske mladine dose\u010di ekipni rezultat 144,00 to\u010dk in ena uvrstitev med 16 najbolj\u0161ih in dve uvrstitvi v 1\/3 udele\u017eencev in<\/li>\n\n\n\n<li>tekmovalce pripraviti na mladinsko evropsko prvenstvo za leto 2024 ter omogo\u010diti prehod v \u010dlansko kategorijo dvema tekmovalcema v letu 2024<\/li>\n<\/ul>\n","protected":false},"excerpt":{"rendered":"<p>Gimnasti\u010dna zveza Slovenije je na novinarski konferenci v Poslovnem klubu<span class=\"excerpt-hellip\"> [\u2026]<\/span><\/p>\n","protected":false},"author":8,"featured_media":5187,"comment_status":"closed","ping_status":"closed","sticky":false,"template":"","format":"standard","meta":{"_monsterinsights_skip_tracking":false,"_monsterinsights_sitenote_active":false,"_monsterinsights_sitenote_note":"","_monsterinsights_sitenote_category":0,"footnotes":""},"categories":[31,28],"tags":[],"class_list":["post-5183","post","type-post","status-publish","format-standard","has-post-thumbnail","hentry","category-gimnastika","category-vrhunski-sport"],"_links":{"self":[{"href":"https:\/\/www.gimnasticna-zveza.si\/index.php\/wp-json\/wp\/v2\/posts\/5183","targetHints":{"allow":["GET"]}}],"collection":[{"href":"https:\/\/www.gimnasticna-zveza.si\/index.php\/wp-json\/wp\/v2\/posts"}],"about":[{"href":"https:\/\/www.gimnasticna-zveza.si\/index.php\/wp-json\/wp\/v2\/types\/post"}],"author":[{"embeddable":true,"href":"https:\/\/www.gimnasticna-zveza.si\/index.php\/wp-json\/wp\/v2\/users\/8"}],"replies":[{"embeddable":true,"href":"https:\/\/www.gimnasticna-zveza.si\/index.php\/wp-json\/wp\/v2\/comments?post=5183"}],"version-history":[{"count":7,"href":"https:\/\/www.gimnasticna-zveza.si\/index.php\/wp-json\/wp\/v2\/posts\/5183\/revisions"}],"predecessor-version":[{"id":5197,"href":"https:\/\/www.gimnasticna-zveza.si\/index.php\/wp-json\/wp\/v2\/posts\/5183\/revisions\/5197"}],"wp:featuredmedia":[{"embeddable":true,"href":"https:\/\/www.gimnasticna-zveza.si\/index.php\/wp-json\/wp\/v2\/media\/5187"}],"wp:attachment":[{"href":"https:\/\/www.gimnasticna-zveza.si\/index.php\/wp-json\/wp\/v2\/media?parent=5183"}],"wp:term":[{"taxonomy":"category","embeddable":true,"href":"https:\/\/www.gimnasticna-zveza.si\/index.php\/wp-json\/wp\/v2\/categories?post=5183"},{"taxonomy":"post_tag","embeddable":true,"href":"https:\/\/www.gimnasticna-zveza.si\/index.php\/wp-json\/wp\/v2\/tags?post=5183"}],"curies":[{"name":"wp","href":"https:\/\/api.w.org\/{rel}","templated":true}]}}