{"id":4305,"date":"2022-08-22T08:49:48","date_gmt":"2022-08-22T06:49:48","guid":{"rendered":"http:\/\/www.gimnasticna-zveza.si\/?p=4305"},"modified":"2022-08-22T08:54:40","modified_gmt":"2022-08-22T06:54:40","slug":"evropsko-prvenstvo-v-sportni-gimnastiki","status":"publish","type":"post","link":"https:\/\/www.gimnasticna-zveza.si\/index.php\/2022\/08\/22\/evropsko-prvenstvo-v-sportni-gimnastiki\/","title":{"rendered":"Evropsko prvenstvo v \u0161portni gimnastiki"},"content":{"rendered":"\n<p><strong>Z v\u010deraj\u0161njim dnem se je v M\u00fcnchnu Nem\u010dija kon\u010dalo evropsko prvenstvo v \u0161portni gimnastiki. Tekmovanje je trajalo od 11. avgusta do 21. avgusta. V prvem tednu tekmovanja je potekalo tekmovanje v \u017eenski \u0161portni gimnastiki, nato je sledilo \u0161e tekmovanje v mo\u0161ki \u0161portni gimnastiki. Tekmovanje je potekalo tako v \u010dlanski kot tudi v mladinski kategoriji. Najbolj\u0161a med slovenskimi predstavniki je bila Tja\u0161a Kysselef, ki je na preskoku zasedla 14. mesto.<\/strong><\/p>\n\n\n\n<p><strong>Tja\u0161a Kysselef<\/strong>, ki se je na lanskem evropskem prvenstvu uvrstila v finale na preskoku, je po prvem skoku prejela oceno 13,133 to\u010dk. Po izvedbi drugega skoka, ki je bil te\u017eavnostno nekoliko la\u017eji, je prejela kon\u010dno oceno 12,866. <em>\u00bbZadovoljna sem, da sem skoke pristala na noge, z oceno malo manj. Po pregledu skokov sem tudi videla, da izvedba ni bila najbolj\u0161a. Sicer pa je pravi mali \u010dude\u017e, da sem uspela sko\u010diti glede na trenutno situacijo, ki jo imam s kolenom (o.p. Tja\u0161a je morala pred odhodom na evropsko prvenstvo prejeti protibole\u010dinsko terapijo zaradi mo\u010dnih bole\u010din v kolenu),\u00ab<\/em> je po tekmovanju dejala<strong> Tja\u0161a<\/strong>, ki je na koncu zasedla 14. mesto. Med prvimi imeni na preskoku je bila tudi<strong> Teja Belak<\/strong>, ki se je pri izvedbi prvega skoka la\u017eje po\u0161kodovala in zaklju\u010dila s tekmovanjem. Po tekmi je bila <strong>Teja<\/strong> vidno razo\u010darana<em>: \u00bbBila sem v \u017eivljenjski formi in tega nisem znala pokazati na tekmi. Ne vem, kaj se je pravzaprav zgodilo. Skok se mi je ponesre\u010dil. Ker nisem dobro pri\u0161la na konja, sem v drugem delu naredila obrat zadnji trenutek. Na koncu sem pristala na hrbtu, poleg tega pa sem si \u0161e po\u0161kodovala gle\u017eenj, zaradi \u010desar nisem nadaljevala s tekmovanjem. Te\u017eko je sprejeti, da postavi\u0161 dru\u017eino na stran, celo poletje gara\u0161 v dvorani in potem s takim razo\u010daranjem zaklju\u010di\u0161 EP. Trenutno rabim nekaj \u010dasa zase, dru\u017eino in svojega sin\u010dka ter sanacijo nastale po\u0161kodbe. Vseeno pa bi se \u0161e rada zahvalila vsem, ki so se mi po porodu pomagali vrniti na najvi\u0161jo raven tekmovanja.\u00ab <\/em><\/p>\n\n\n\n<p>V mnogoboju sta tekmovali <strong>Lucija Hribar<\/strong> in <strong>Zala Trtnik<\/strong>, ki sta zasedli 35. in 41. mesto ter tako poskrbeli za zadovoljstvo v slovenskem taboru, saj sta se dekleti uvrstili na prihajajo\u010de svetovno prvenstvo. Za ekipo je tekmovala tudi <strong>Sara King<\/strong>. Slovenija se je z zbranimi 141,862 to\u010dkami uvrstila na 17. mesto. Ekipno so bile najbolj\u0161e Italijanke, drugo mesto so zasedle Britanke in tretje mesto doma\u010dinke Nemke. Najve\u010d to\u010dk (54,732 to\u010dk) v mnogoboju je zbrala Italijanka <strong>Asia D&#8217;amato<\/strong> in tako postala evropska prvakinja v mnogoboju. Za 0,600 to\u010dk je za njo zaostala Britanka <strong>Alice Kinsella<\/strong>. Tretje mesto je osvojila Italijanka <strong>Martina Maggio<\/strong> s skupno zbranimi 53,965 to\u010dkami. V finalih po orodjih na evropskem prvenstvu so naslove osvojile Mad\u017earka <strong>Zsofia Kovacs <\/strong>v preskoku, ki je tekmovala tudi na Svetovnem pokalu v Kopru, na dvovi\u0161inski bradlji Nemka <strong>Elisabeth Seitz<\/strong>, na gredi Nemka <strong>Emma Leonie Malewski<\/strong> in na parterju Britanka <strong>Jessica Gadirova.<\/strong><\/p>\n\n\n\n<p><em>\u00bbSplo\u0161na ocena na\u0161e ekipe na tekmovanju je pozitivna, saj so dekleta pokazala dobre nastope. <strong>Lucija<\/strong>, <strong>Zala<\/strong>, <strong>Sara<\/strong> in <strong>Tja\u0161a<\/strong> so opravile skoraj brez napak oziroma po pri\u010dakovanjih. Je pa seveda vedeno nek grenak priokus, \u010de se ti ponesre\u010di nekaj, na kar si najbolj ra\u010dunal. Danes se \u017eal <strong>Teji<\/strong> ni iz\u0161lo tako, kot smo na\u010drtovali. Posledi\u010dno smo ostali brez tako \u017eeljenega finalnega nastopa. To je nek del dana\u0161nje zgodbe, za katerega ne moram re\u010di, da smo zadovoljni, vendar ne smemo pozabiti, da so ostala dekleta dobro nastopila,\u00ab<\/em> je po tekmovanju dejal selektor slovenske reprezentance <strong>Andrej Mavri\u010d.<\/strong><\/p>\n\n\n\n<div class=\"wp-block-jetpack-tiled-gallery aligncenter is-style-rectangular\"><div class=\"tiled-gallery__gallery\"><div class=\"tiled-gallery__row\"><div class=\"tiled-gallery__col\" style=\"flex-basis:100.00000%\"><figure class=\"tiled-gallery__item\"><img decoding=\"async\" alt=\"\" data-height=\"1152\" data-id=\"4298\" data-link=\"https:\/\/www.gimnasticna-zveza.si\/index.php\/2022\/08\/19\/slovenski-gimnasticarji-v-clanski-kategoriji-koncali-nastope-na-evropskem-prvenstvu\/img_20220816_131317-002\/\" data-url=\"https:\/\/www.gimnasticna-zveza.si\/wp-content\/uploads\/2022\/08\/IMG_20220816_131317-002-1024x461.jpg\" data-width=\"2560\" src=\"https:\/\/i0.wp.com\/www.gimnasticna-zveza.si\/wp-content\/uploads\/2022\/08\/IMG_20220816_131317-002-1024x461.jpg\" data-amp-layout=\"responsive\"\/><\/figure><\/div><\/div><div class=\"tiled-gallery__row\"><div class=\"tiled-gallery__col\" style=\"flex-basis:58.01554%\"><figure class=\"tiled-gallery__item\"><img decoding=\"async\" alt=\"\" data-height=\"1600\" data-id=\"4266\" data-link=\"https:\/\/www.gimnasticna-zveza.si\/index.php\/2022\/08\/12\/kljub-hitremu-zakljucku-evropskega-prvenstva-dve-uvrstitvi-na-svetovno-prvenstvo\/viber_image_2022-08-08_15-53-46-508\/\" data-url=\"https:\/\/www.gimnasticna-zveza.si\/wp-content\/uploads\/2022\/08\/viber_image_2022-08-08_15-53-46-508-768x1024.jpg\" data-width=\"1200\" src=\"https:\/\/i0.wp.com\/www.gimnasticna-zveza.si\/wp-content\/uploads\/2022\/08\/viber_image_2022-08-08_15-53-46-508-768x1024.jpg\" data-amp-layout=\"responsive\"\/><\/figure><\/div><div class=\"tiled-gallery__col\" style=\"flex-basis:41.98446%\"><figure class=\"tiled-gallery__item\"><img decoding=\"async\" alt=\"\" data-height=\"1323\" data-id=\"4218\" data-link=\"https:\/\/www.gimnasticna-zveza.si\/index.php\/2022\/08\/09\/v-cetrtek-se-zacenja-evropsko-prvenstvo-v-sportni-gimnastiki\/08_sponzorji_gzs_banner_mailchimp_julij-2022\/\" data-url=\"https:\/\/www.gimnasticna-zveza.si\/wp-content\/uploads\/2022\/08\/08_sponzorji_gzs_banner_mailchimp_julij-2022-1024x717.jpg\" data-width=\"1890\" src=\"https:\/\/i2.wp.com\/www.gimnasticna-zveza.si\/wp-content\/uploads\/2022\/08\/08_sponzorji_gzs_banner_mailchimp_julij-2022-1024x717.jpg\" data-amp-layout=\"responsive\"\/><\/figure><figure class=\"tiled-gallery__item\"><img decoding=\"async\" alt=\"\" data-height=\"1439\" data-id=\"4290\" data-link=\"https:\/\/www.gimnasticna-zveza.si\/gzs_ep-munich-20223\/\" data-url=\"https:\/\/www.gimnasticna-zveza.si\/wp-content\/uploads\/2022\/08\/GZS_EP-Munich-20223-1024x576.jpg\" data-width=\"2560\" src=\"https:\/\/i1.wp.com\/www.gimnasticna-zveza.si\/wp-content\/uploads\/2022\/08\/GZS_EP-Munich-20223-1024x576.jpg\" data-amp-layout=\"responsive\"\/><\/figure><figure class=\"tiled-gallery__item\"><img decoding=\"async\" alt=\"\" data-height=\"1439\" data-id=\"4263\" data-link=\"https:\/\/www.gimnasticna-zveza.si\/index.php\/2022\/08\/12\/kljub-hitremu-zakljucku-evropskega-prvenstva-dve-uvrstitvi-na-svetovno-prvenstvo\/gzs_ep-munich-2022-1\/\" data-url=\"https:\/\/www.gimnasticna-zveza.si\/wp-content\/uploads\/2022\/08\/GZS_EP-Munich-2022-1-1024x576.jpg\" data-width=\"2560\" src=\"https:\/\/i0.wp.com\/www.gimnasticna-zveza.si\/wp-content\/uploads\/2022\/08\/GZS_EP-Munich-2022-1-1024x576.jpg\" data-amp-layout=\"responsive\"\/><\/figure><\/div><\/div><\/div><\/div>\n\n\n\n<p>Ob zaklju\u010dku kariere <strong>Sa\u0161e Bertonclja<\/strong> in <strong>Roka Klavore<\/strong> v letu 2021 je imela Slovenija na tem evropskem prvenstvu pomlajeno \u010dlansko reprezentanco v mo\u0161ki gimnastiki. Kot prvi je Slovenijo zastopal <strong>Luka Bojanc<\/strong> na krogih, ki je vajo izvedel dobro in prejel oceno 12,900 ter se uvrstil na kon\u010dno 63. mesto. V zadnji menjavi se je na parterju predstavil \u0161e <strong>Nikolaj Bo\u017ei\u010d<\/strong>, ki je v sestavi storil napako (padec). S prejeto oceno 10,833 se je uvrstil na 108. mesto. Naslov evropskega prvaka v mnogoboju je osvojil Britanec <strong>Joe Fraser<\/strong>, ki je skupno zbral 85,565 to\u010dk. Le za 0,434 to\u010dke je za njim zaostal Turk <strong>Ahmet Onder<\/strong> (85,131 to\u010dke). Na tretje mesto se je uvrstil njegov rojak <strong>Adem Asil<\/strong> s skupno zbranimi 84,465 to\u010dkami. Slovenska \u010dlanska reprezentanca se ni potegovala za ekipno uvrstitev. Najbolj\u0161a ekipa na tem evropskem prvenstvu je bila Velika Britanija, ki je s skoraj 7,000 to\u010dkami prednosti premagala Italijansko ekipo. Tretje mesto so zasedli tekmovalci iz Tur\u010dije. V finalih po orodjih so naslov najbolj\u0161ega osvojili Izraelec <strong>Artem Dolgopyat <\/strong>na parterju, na konju z ro\u010daji Armenec <strong>Harutyun Merdinyan<\/strong>, na krogih v zadnjih letih nepremagljivi Grk <strong>Eleftherios<\/strong> <strong>Petrounias, <\/strong>na preskoku Britanec <strong>Jake Jarman<\/strong>, na bradlji njegov rojak <strong>Joe Fraser<\/strong> in na drogu tekmovalec iz Cipra <strong>Marios Georgiou.<\/strong><\/p>\n\n\n\n<p><em>\u00bb<strong>Luka<\/strong> je na krogih tekmoval solidno. Opravil je vse, kar je bilo dogovorjeno. Na koncu smo morali spremeniti doskok, ker je imel te\u017eave s \u00bbpa\u0161\u010dki\u00ab. Delal je nekoliko la\u017eji doskok, zaradi \u010desar je dobil pribli\u017eno 0,300 to\u010dke manj. <strong>Nikolaj<\/strong> je na parterju izvedel novo vajo, za katero je bil dobro pripravljen, \u010deprav je imel nekaj te\u017eav z zapestjem. V vaji je naredil veliko napak, v tretji diagonali je padel. Ocena je bila posledi\u010dno zelo zelo nizka in pod pri\u010dakovanji,\u00ab<\/em> je po tekmi dejal selektor slovenske \u010dlanske reprezentance v mo\u0161ki \u0161portni gimnastiki <strong>Sebastijan Pileti\u010d.<\/strong><\/p>\n\n\n\n<p>V mladinski kategoriji je imela Slovenija predstavnike v mo\u0161ki \u0161portni gimnastiki, kjer je slovenske barve zastopalo kar pet tekmovalcev. V mnogoboju se je s skupno zbranimi 75,299 to\u010dkami uvrstil na 29.mesto <strong>An\u017ee Hribar<\/strong>. Poleg njega je v mnogoboju tekmoval tudi <strong>Kevin George Buckley,<\/strong> ki je zasedel 52. mesto. Za ekipo so tekmovali \u0161e <strong>Tin \u0160tros<\/strong>, <strong>Gregor Rakovi\u010d<\/strong> in <strong>Jure Podobnik<\/strong>. Mladinska ekipa je zbrala 219,795 to\u010dk in se uvrstila na 21. mesto.<\/p>\n\n\n\n<p>Evropsko prvenstvo se ni iz\u0161lo po \u017eeljah. Kljub vsemu pa so s tekmovanjem zadovoljni. Kot najbolj\u0161a Slovenka <strong>Tja\u0161a Kysselef<\/strong> je zasedla 14. mesto na preskoku. Poleg nje sta za uspeh ekipe poskrbeli <strong>Lucija Hribar<\/strong> in <strong>Zala Trtnik<\/strong>, ki sta se v mnogoboju uvrstili na prihajajo\u010de svetovno prvenstvo. Dobro popotnico za naprej predstavlja tudi velika slovenska mladinska ekipa in med njimi <strong>An\u017ee Hribar<\/strong>, ki je v mnogoboju zasedel dobro 29. mesto.<\/p>\n","protected":false},"excerpt":{"rendered":"<p>Z v\u010deraj\u0161njim dnem se je v M\u00fcnchnu Nem\u010dija kon\u010dalo evropsko<span class=\"excerpt-hellip\"> [\u2026]<\/span><\/p>\n","protected":false},"author":8,"featured_media":4271,"comment_status":"open","ping_status":"open","sticky":false,"template":"","format":"standard","meta":{"_monsterinsights_skip_tracking":false,"_monsterinsights_sitenote_active":false,"_monsterinsights_sitenote_note":"","_monsterinsights_sitenote_category":0,"footnotes":""},"categories":[34,35,39],"tags":[],"class_list":["post-4305","post","type-post","status-publish","format-standard","has-post-thumbnail","hentry","category-fig-in-ueg","category-mladinski-sport","category-sportna-gimnastika"],"_links":{"self":[{"href":"https:\/\/www.gimnasticna-zveza.si\/index.php\/wp-json\/wp\/v2\/posts\/4305","targetHints":{"allow":["GET"]}}],"collection":[{"href":"https:\/\/www.gimnasticna-zveza.si\/index.php\/wp-json\/wp\/v2\/posts"}],"about":[{"href":"https:\/\/www.gimnasticna-zveza.si\/index.php\/wp-json\/wp\/v2\/types\/post"}],"author":[{"embeddable":true,"href":"https:\/\/www.gimnasticna-zveza.si\/index.php\/wp-json\/wp\/v2\/users\/8"}],"replies":[{"embeddable":true,"href":"https:\/\/www.gimnasticna-zveza.si\/index.php\/wp-json\/wp\/v2\/comments?post=4305"}],"version-history":[{"count":3,"href":"https:\/\/www.gimnasticna-zveza.si\/index.php\/wp-json\/wp\/v2\/posts\/4305\/revisions"}],"predecessor-version":[{"id":4309,"href":"https:\/\/www.gimnasticna-zveza.si\/index.php\/wp-json\/wp\/v2\/posts\/4305\/revisions\/4309"}],"wp:featuredmedia":[{"embeddable":true,"href":"https:\/\/www.gimnasticna-zveza.si\/index.php\/wp-json\/wp\/v2\/media\/4271"}],"wp:attachment":[{"href":"https:\/\/www.gimnasticna-zveza.si\/index.php\/wp-json\/wp\/v2\/media?parent=4305"}],"wp:term":[{"taxonomy":"category","embeddable":true,"href":"https:\/\/www.gimnasticna-zveza.si\/index.php\/wp-json\/wp\/v2\/categories?post=4305"},{"taxonomy":"post_tag","embeddable":true,"href":"https:\/\/www.gimnasticna-zveza.si\/index.php\/wp-json\/wp\/v2\/tags?post=4305"}],"curies":[{"name":"wp","href":"https:\/\/api.w.org\/{rel}","templated":true}]}}