{"id":3902,"date":"2022-04-07T14:37:18","date_gmt":"2022-04-07T12:37:18","guid":{"rendered":"http:\/\/www.gimnasticna-zveza.si\/?p=3902"},"modified":"2022-04-07T14:37:24","modified_gmt":"2022-04-07T12:37:24","slug":"slovenski-izkupicek-svetovnega-pokala-skupno-2-in-3-mesto-vrnitev-teje-belak","status":"publish","type":"post","link":"https:\/\/www.gimnasticna-zveza.si\/index.php\/2022\/04\/07\/slovenski-izkupicek-svetovnega-pokala-skupno-2-in-3-mesto-vrnitev-teje-belak\/","title":{"rendered":"Slovenski izkupi\u010dek svetovnega pokala: skupno 2. in 3. mesto, vrnitev Teje Belak"},"content":{"rendered":"\n<p>Ljubljana, 07. aprila (STA) &#8211; Izkupi\u010dek slovenskega tabora po koncu sezone svetovnega pokala v \u0161portni gimnastiki je dober, a ima kan\u010dek pelina. Tja\u0161a Kysselef je namre\u010d na preskoku na zadnji tekmi zapravila skupno zmago in se morala zadovoljiti s kon\u010dnim drugim mestom sezone, Lucija Hribar je bila na bradlji skupno tretja. Na tekmovalni oder pa se je vrnila Teja Belak.<\/p>\n\n\n\n<p><strong>Sloveniji skupno 2. in 3. mesto v svetovnem pokalu<\/strong><\/p>\n\n\n\n<p>Slovenska telovadka Tja\u0161a Kysselef je uspe\u0161no opravila z vsemi \u0161tirimi postajami svetovnega pokala. Po Cottbusu, Dohi, Kairu in Bakuju je sezono na preskoku kon\u010dala na skupno drugem mestu. Nekaj grenkega priokusa ostaja, saj je bila 28-letna telovadka \u0161e do zadnjega v igri za skupno zmago.<\/p>\n\n\n\n<p>Kysselefova je bila po zmagah v Cottbusu in Kairu na zadnji postojanki v Bakuju na dobri poti do skupne zmage, vendar jo je velika napaka v finalu stala ne le stopni\u010dk na zadnji tekmi te ravni sezone, temve\u010d tudi skupne zmage. Te se je veselila uzbekistanska veteranka Oksana \u010cusovitina, ki je zmagala v Bakuju, ob tem pa pobrala tudi 5000 \u0161vicarskih frankov nagrade (4870 evrov).<\/p>\n\n\n\n<p>Medtem pa so Hribarjevo, ki sicer niti na eni od \u0161tirih tekem na dvovi\u0161inski bradlji ni stala na zmagovalnem odru, zanesljivi nastopi &#8211; 12., 4., 7. in 11. mesto &#8211; popeljali do skupno tretjega mesta sezone. Hribarjeva pa ni bila le finalistka na bradlji, temve\u010d je to sezono svetovnega pokala pri\u0161la med najbolj\u0161o osmerico tudi na parterju in gredi.<\/p>\n\n\n\n<p><strong>Vrnitev Teje Belak in uvrstitev treh telovadk na jesensko SP<\/strong><\/p>\n\n\n\n<p>Za \u017eenski tabor je vesela novica tudi vrnitev Teje Belak, dolgoletne najbolj\u0161e slovenske telovadke, na tekmovalne odre. Manj kot deset mesecev po rojstvu sina Maija se je 27-letna telovadka spet vrnila na tekmovanja najvi\u0161je ravni. V Kairu se ji nastop ni posre\u010dil, saj je ostala brez finala, na zadnji postaji sezone v Bakuju pa je sko\u010dila celo na zmagovalni oder in zasedla tretje mesto.<\/p>\n\n\n\n<p>In ne le to. Ker izvaja tako te\u017eka skoka glede na konkurenco, je do stopni\u010dk pri\u0161la kljub padcu v finalu. \u010ce bi obstala na nogah, bi celo zmagala. &#8220;Imela sem sre\u010do, da sem danes kon\u010dala na stopni\u010dkah, ker imam tako te\u017eka skoka. S skokoma pa seveda nisem zadovoljna. \u017de prvega znam sicer lep\u0161e prikazati, z drugim, la\u017ejim, pa imam zadnje \u010dase precej te\u017eav, priznam,&#8221; je po nastopu za STA razmi\u0161ljala Belakova in dodala, da je malo razo\u010darana.<\/p>\n\n\n\n<p>Da se je vrnila na zmagovalni oder svetovnega pokala komaj deset mesecev po porodu s carskim rezom, je brez dvoma velik uspeh. Sama telovadka je do sebe bolj stroga. &#8220;Sicer ne ob\u017ealujem tega, da sem \u0161la tako kmalu na tekmo, saj obi\u010dajno vedno potrebujem nekaj tekem, da &#8216;za\u017eenem motor&#8217;. Stopni\u010dke pa so tokrat bolj tola\u017eilna nagrada,&#8221; je \u0161e dejala Belakova, katere glavni cilj sezone je kolajna na evropskem prvenstvu. Za name\u010dek pa je z dvema tekmama na lestvici pokala na skupno sedmem mestu, kar ji prina\u0161a nastop na svetovnem prvenstvu.<\/p>\n\n\n\n<p>Selektor \u017eenske vrste Andrej Mavri\u010d je prvi del sezone ocenil za uspe\u0161nega, saj je prvi cilj izpolnjen. &#8220;Vse tri telovadke so si \u017ee preko svetovnega pokala zagotovile nastop na jesenskem SP, \u010deprav za Lucijo ra\u010dunamo, da se ji bo na EP uspelo v Liverpool uvrstiti preko mnogoboja. Seveda sem zadovoljen s prvim delom sezone,&#8221; je za STA dejal Mavri\u010d.<\/p>\n\n\n\n<p>&#8220;Za Tejo in Tja\u0161o je to velik prvi korak, da jima je uspelo na SP na preskoku, medtem ko je za Lucijo cilj, da se predstavi na vseh \u0161tirih orodjih. To, da je na bradlji \u017ee uvr\u0161\u010dena, je super, ampak zgolj rezervni scenarij. \u017delimo si \u0161e, da bi se nam priklju\u010dila \u0161e Zala Trtnik in tudi zanjo je cilj, da na SP nastopi v mnogoboju,&#8221; je pojasnil Mavri\u010d.<\/p>\n\n\n\n<p>Mladinska prvakinja Zala Trtnik je morala zaradi bole\u010din v nogi v celoti izpustiti sezono svetovnega pokala, vendar v slovenskem taboru upajo, da se bo \u010dlanski vrsti lahko priklju\u010dila za glavni del sezone.<\/p>\n\n\n\n<p>&#8220;Na teh svetovnih pokalih nam je uspelo narediti to, kar smo si zamislili. Ne samo, da so se telovadke uvr\u0161\u010dale med najbolj\u0161ih osem, ampak precej vi\u0161je. Seveda sem zadovoljen s tem. Z zadnjo tekmo v Bakuju sicer ne morem biti, ker so nas napake stale skupne zmage na preskoku in zmage na tekmi. V celoti gledano pa je bilo super. Vse, kar smo si zastavili, smo naredili,&#8221; je \u0161e dodal Mavri\u010d, ki bo s svojimi varovankami premor do naslednjih tekmovanj izkoristil za vadbo te\u017ejih skokov. Tako Kysselefova kot Belakova pripravljata \u0161e te\u017eji razli\u010dici, saj je njun glavni cilj to sezono, da se na EP obe uvrstita v finale in tam borita za kolajne.<\/p>\n\n\n\n<p><strong>Mo\u0161ki tabor zadovoljen z napredkom<\/strong><\/p>\n\n\n\n<p>Poleg omenjenih telovadk so se na svetovnih pokalih predstavili \u0161e trije telovadci, Luka Bojanc na krogih, Nikolaj Bo\u017ei\u010d na parterju in Luka Ki\u0161ek na konju z ro\u010daji. Kot je izpostavil selektor Sebastijan Pileti\u010d, je bil njihov glavni cilj uvrstitev do 12. mesta, ki po novem tekmovalnem sistemu prina\u0161a to\u010dke za nastop na SP. To jim za zdaj \u0161e ni uspelo, sta se pa Bo\u017ei\u010d in Bojanc uvrstila na lestvico svetovnega pokala, kar je prvi pogoj za nastop na SP, je dejal Pileti\u010d.<\/p>\n\n\n\n<p>&#8220;Kdo se je uvrstil na SP, bo zares znano \u0161ele po avgustovskem EP. Z vidika, da sta se Bojanc in Bo\u017ei\u010d uvrstila na lestvico, sem zadovoljen. Tudi z vidika, kako sta prvi\u010d v karieri tekmovala na ravni svetovnega pokala. Prvi\u010d smo tako ote\u017eili sestave, da sta lahko tekmovala na tako visoki ravni. Sam sem si \u017eelel ve\u010d uvrstitev med prvih 12, a so njuni dose\u017eki ob mo\u010dni konkurenci za zdaj povsem realni,&#8221; je za STA dejal Pileti\u010d.<\/p>\n\n\n\n<p>&#8220;Meni je z razvojnega vidika pomembno, da sta se, sploh Nikolaj, izkazala za zelo zanesljiva telovadca, da so obema \u0161teli nove elemente, sta imela konstantni izhodi\u0161\u010dni oceni. S tem sem zadovoljen, saj imamo na\u010drt, da bomo med premorom vaje ote\u017eili, potem pa bomo bolj konkuren\u010dni tudi za finale,&#8221; je dodal selektor.<\/p>\n\n\n\n<p><strong>Po dvomese\u010dnem premoru \u0161ele glavni vrhunci sezone<\/strong><\/p>\n\n\n\n<p>\u010cetudi je sezona svetovnega pokala \u017ee kon\u010dana, pa je pred telovadci letos \u0161e veliko izzivov. Tekmovalni spored jim letos namre\u010d nalaga skoraj dvomese\u010dni premor, preden se nadaljujejo tekme najvi\u0161je ravni, saj je letos evropsko prvenstvo namesto v tradicionalnem spomladanskem terminu na sporedu \u0161ele sredi avgusta v M\u00fcnchnu.<\/p>\n\n\n\n<p>Prvi svetovni izziv bo tako v Varni konec maja, ki ga bodo Slovenci izpustili, nato sledita \u0161e Osijek (9. &#8211; 12. junij) in Koper (16. &#8211; 19.). Konec junija so sredozemske igre v Al\u017eiriji, sledi EP, nato pa \u0161e niz treh svetovnih izzivov v Parizu, Sombotelu in Mersinu. Vrhunec izjemno polne sezone pa bo SP, ki bo od 29. oktobra do 6. novembra v Liverpoolu.<\/p>\n","protected":false},"excerpt":{"rendered":"<p>Ljubljana, 07. aprila (STA) &#8211; Izkupi\u010dek slovenskega tabora po koncu<span class=\"excerpt-hellip\"> [\u2026]<\/span><\/p>\n","protected":false},"author":3,"featured_media":3903,"comment_status":"open","ping_status":"open","sticky":false,"template":"","format":"standard","meta":{"_monsterinsights_skip_tracking":false,"_monsterinsights_sitenote_active":false,"_monsterinsights_sitenote_note":"","_monsterinsights_sitenote_category":0,"footnotes":""},"categories":[34,28],"tags":[],"class_list":["post-3902","post","type-post","status-publish","format-standard","has-post-thumbnail","hentry","category-fig-in-ueg","category-vrhunski-sport"],"_links":{"self":[{"href":"https:\/\/www.gimnasticna-zveza.si\/index.php\/wp-json\/wp\/v2\/posts\/3902","targetHints":{"allow":["GET"]}}],"collection":[{"href":"https:\/\/www.gimnasticna-zveza.si\/index.php\/wp-json\/wp\/v2\/posts"}],"about":[{"href":"https:\/\/www.gimnasticna-zveza.si\/index.php\/wp-json\/wp\/v2\/types\/post"}],"author":[{"embeddable":true,"href":"https:\/\/www.gimnasticna-zveza.si\/index.php\/wp-json\/wp\/v2\/users\/3"}],"replies":[{"embeddable":true,"href":"https:\/\/www.gimnasticna-zveza.si\/index.php\/wp-json\/wp\/v2\/comments?post=3902"}],"version-history":[{"count":1,"href":"https:\/\/www.gimnasticna-zveza.si\/index.php\/wp-json\/wp\/v2\/posts\/3902\/revisions"}],"predecessor-version":[{"id":3904,"href":"https:\/\/www.gimnasticna-zveza.si\/index.php\/wp-json\/wp\/v2\/posts\/3902\/revisions\/3904"}],"wp:featuredmedia":[{"embeddable":true,"href":"https:\/\/www.gimnasticna-zveza.si\/index.php\/wp-json\/wp\/v2\/media\/3903"}],"wp:attachment":[{"href":"https:\/\/www.gimnasticna-zveza.si\/index.php\/wp-json\/wp\/v2\/media?parent=3902"}],"wp:term":[{"taxonomy":"category","embeddable":true,"href":"https:\/\/www.gimnasticna-zveza.si\/index.php\/wp-json\/wp\/v2\/categories?post=3902"},{"taxonomy":"post_tag","embeddable":true,"href":"https:\/\/www.gimnasticna-zveza.si\/index.php\/wp-json\/wp\/v2\/tags?post=3902"}],"curies":[{"name":"wp","href":"https:\/\/api.w.org\/{rel}","templated":true}]}}