{"id":3860,"date":"2022-03-18T18:51:29","date_gmt":"2022-03-18T16:51:29","guid":{"rendered":"http:\/\/www.gimnasticna-zveza.si\/?p=3860"},"modified":"2022-03-18T19:00:56","modified_gmt":"2022-03-18T17:00:56","slug":"milena-baldassarri-prvo-ime-34-mtm-narodni-dom-v-ljubljani","status":"publish","type":"post","link":"https:\/\/www.gimnasticna-zveza.si\/index.php\/2022\/03\/18\/milena-baldassarri-prvo-ime-34-mtm-narodni-dom-v-ljubljani\/","title":{"rendered":"Milena Baldassarri prvo ime 34. MTM Narodni dom v Ljubljani"},"content":{"rendered":"\n<p>Ljubljana, 17. marca (STA) &#8211; Od petka do nedelje bo v ljubljanskem gimnasti\u010dnem centru potekal \u017ee 34. mednarodni turnir MTM Narodni dom. Organizatorji pri\u010dakujejo 340 tekmovalk iz 20 dr\u017eav, prvo ime turnirja bo v odsotnosti ruskih in beloruskih tekmovalk Italijanka Milena Baldassarri, svetovna podprvakinja s trakom (2018) in z ekipo (2021).<\/p>\n\n\n\n<h4 class=\"has-text-align-center has-vivid-cyan-blue-color has-text-color wp-block-heading\"><a href=\"https:\/\/www.rgform.eu\/event.php?id_prop=3269\">Povezava do urnika in \u0161tartnih list<\/a><\/h4>\n\n\n\n<p>Potem ko so prireditelji najve\u010djega slovenskega tekmovanja v ritmi\u010dni gimnastiki z bogato tradicijo po enoletnem premoru zaradi koronske pandemije lani jeseni le izpeljali dvakrat prelo\u017eeni 33. turnir, je zdaj 34. spet v svojem tradicionalnem spomladanskem terminu.<\/p>\n\n\n\n<p>Prireditelje je nekoliko presenetil izjemen odziv povabljenih, saj se bo tridnevnega tekmovanja, ki bo v gimnasti\u010dnem centru vsak dan potekalo prakti\u010dno od jutra do poznega ve\u010dera, udele\u017eilo blizu 350 tekmovalk.<\/p>\n\n\n\n<p>Zaradi ruske agresije nad Ukrajino in suspenza \u0161portnikov teh dveh dr\u017eav v Ljubljano tokrat ne bo najve\u010djih mojstric tega \u0161porta iz Rusije in Belorusije, zato pa bo prvo ime 20-letna italijanska prvakinja Baldassarrijeva, ki je edina Italijanka v zgodovini tega \u0161porta z naslovom svetovne podprvakinje.<\/p>\n\n\n\n<p>Doma\u010dim navija\u010dem se bo predstavila tudi Jekaterina Vedenejeva, Rusinja, finalistka olimpijskih iger Tokio 2020, ki zadnja leta na najve\u010djih tekmovanjih uspe\u0161no zastopa slovenske barve.<\/p>\n\n\n\n<p>Poleg Vedenejeve bodo na turnirju v organizaciji ljubljanskega kluba Narodni dom med \u010dlanicami nastopile \u0161e Tina Hajdinjak, Brigita Kra\u0161ovec, Karina Gerkman Salaujova in Tijana Aksentijevi\u0107.<\/p>\n\n\n\n<p>Mo\u010dna bo konkurenca tudi med mladinkami, kjer bo zagotovo za navdu\u0161enje gledalcev poskrbela Tara Draga\u0161, Slovenka, ki sicer uspe\u0161no zastopa italijansko reprezentanco in barve videmskega kluba Udinese. Slovenske reprezentantke Nika Zajc, Ela Polak, Asja Pu\u010dnik, Lana Javh Arko in Alja Ponikvar bodo sku\u0161ale prikazati \u010dim bolj\u0161e predstave, saj se borijo za mesta v reprezentanci za evropsko prvenstvo junija v Tel Avivu.<\/p>\n\n\n\n<p>Tekmovanje, gre za prvo ve\u010djo mednarodno preizku\u0161njo pri nas po spremembah tekmovalnega pravilnika za nov olimpijski ciklus, bodo ritmi\u010darke s pridom izkoristile z mislijo na vrhunec sezone, \u010dlansko svetovno prvenstvo septembra v Sofiji.<\/p>\n\n\n\n<p>Prvi nastopi bodo \u017ee v petek popoldan, ko se bodo predstavile tekmovalke B-programa, turnir pod okriljem Mednarodne gimnasti\u010dne zveze (Fig) je na sporedu v soboto in nedeljo. V soboto se bo dogajanje za\u010delo \u017ee ob 8. uri s kadetinjami, vrhunec, \u010dlanske predstave, so na urniku ob 19.50, v nedeljo bo dvorana za\u017eivela ob 9. uri.<\/p>\n\n\n\n<figure class=\"wp-block-image size-full\"><img fetchpriority=\"high\" decoding=\"async\" width=\"828\" height=\"315\" src=\"https:\/\/www.gimnasticna-zveza.si\/wp-content\/uploads\/2022\/03\/WhatsApp-Image-2022-03-16-at-10.41.35-AM.jpeg\" alt=\"\" class=\"wp-image-3862\" srcset=\"https:\/\/www.gimnasticna-zveza.si\/wp-content\/uploads\/2022\/03\/WhatsApp-Image-2022-03-16-at-10.41.35-AM.jpeg 828w, https:\/\/www.gimnasticna-zveza.si\/wp-content\/uploads\/2022\/03\/WhatsApp-Image-2022-03-16-at-10.41.35-AM-300x114.jpeg 300w, https:\/\/www.gimnasticna-zveza.si\/wp-content\/uploads\/2022\/03\/WhatsApp-Image-2022-03-16-at-10.41.35-AM-768x292.jpeg 768w, https:\/\/www.gimnasticna-zveza.si\/wp-content\/uploads\/2022\/03\/WhatsApp-Image-2022-03-16-at-10.41.35-AM-260x99.jpeg 260w, https:\/\/www.gimnasticna-zveza.si\/wp-content\/uploads\/2022\/03\/WhatsApp-Image-2022-03-16-at-10.41.35-AM-50x19.jpeg 50w, https:\/\/www.gimnasticna-zveza.si\/wp-content\/uploads\/2022\/03\/WhatsApp-Image-2022-03-16-at-10.41.35-AM-150x57.jpeg 150w, https:\/\/www.gimnasticna-zveza.si\/wp-content\/uploads\/2022\/03\/WhatsApp-Image-2022-03-16-at-10.41.35-AM-800x304.jpeg 800w\" sizes=\"(max-width:767px) 480px, (max-width:828px) 100vw, 828px\" \/><\/figure>\n","protected":false},"excerpt":{"rendered":"<p>Ljubljana, 17. marca (STA) &#8211; Od petka do nedelje bo<span class=\"excerpt-hellip\"> [\u2026]<\/span><\/p>\n","protected":false},"author":3,"featured_media":3861,"comment_status":"open","ping_status":"open","sticky":false,"template":"","format":"standard","meta":{"_monsterinsights_skip_tracking":false,"_monsterinsights_sitenote_active":false,"_monsterinsights_sitenote_note":"","_monsterinsights_sitenote_category":0,"footnotes":""},"categories":[34,28],"tags":[],"class_list":["post-3860","post","type-post","status-publish","format-standard","has-post-thumbnail","hentry","category-fig-in-ueg","category-vrhunski-sport"],"_links":{"self":[{"href":"https:\/\/www.gimnasticna-zveza.si\/index.php\/wp-json\/wp\/v2\/posts\/3860","targetHints":{"allow":["GET"]}}],"collection":[{"href":"https:\/\/www.gimnasticna-zveza.si\/index.php\/wp-json\/wp\/v2\/posts"}],"about":[{"href":"https:\/\/www.gimnasticna-zveza.si\/index.php\/wp-json\/wp\/v2\/types\/post"}],"author":[{"embeddable":true,"href":"https:\/\/www.gimnasticna-zveza.si\/index.php\/wp-json\/wp\/v2\/users\/3"}],"replies":[{"embeddable":true,"href":"https:\/\/www.gimnasticna-zveza.si\/index.php\/wp-json\/wp\/v2\/comments?post=3860"}],"version-history":[{"count":4,"href":"https:\/\/www.gimnasticna-zveza.si\/index.php\/wp-json\/wp\/v2\/posts\/3860\/revisions"}],"predecessor-version":[{"id":3866,"href":"https:\/\/www.gimnasticna-zveza.si\/index.php\/wp-json\/wp\/v2\/posts\/3860\/revisions\/3866"}],"wp:featuredmedia":[{"embeddable":true,"href":"https:\/\/www.gimnasticna-zveza.si\/index.php\/wp-json\/wp\/v2\/media\/3861"}],"wp:attachment":[{"href":"https:\/\/www.gimnasticna-zveza.si\/index.php\/wp-json\/wp\/v2\/media?parent=3860"}],"wp:term":[{"taxonomy":"category","embeddable":true,"href":"https:\/\/www.gimnasticna-zveza.si\/index.php\/wp-json\/wp\/v2\/categories?post=3860"},{"taxonomy":"post_tag","embeddable":true,"href":"https:\/\/www.gimnasticna-zveza.si\/index.php\/wp-json\/wp\/v2\/tags?post=3860"}],"curies":[{"name":"wp","href":"https:\/\/api.w.org\/{rel}","templated":true}]}}