{"id":3848,"date":"2022-03-15T19:38:12","date_gmt":"2022-03-15T17:38:12","guid":{"rendered":"http:\/\/www.gimnasticna-zveza.si\/?p=3848"},"modified":"2022-03-15T19:38:17","modified_gmt":"2022-03-15T17:38:17","slug":"telovadna-vrsta-na-tekmo-za-svetovni-pokal-v-kairu-tudi-s-tejo-belak","status":"publish","type":"post","link":"https:\/\/www.gimnasticna-zveza.si\/index.php\/2022\/03\/15\/telovadna-vrsta-na-tekmo-za-svetovni-pokal-v-kairu-tudi-s-tejo-belak\/","title":{"rendered":"Telovadna vrsta na tekmo za svetovni pokal v Kairu tudi s Tejo Belak"},"content":{"rendered":"\n<p>Ljubljana\/Kairo, 15. marca (STA) &#8211; Slovenske telovadce ta teden \u010daka tretja od \u0161tirih postojank svetovnega pokala to sezono, ki \u0161tejejo tudi kot kvalifikacije za jesensko svetovno prvenstvo v Liverpoolu. Za veliko presene\u010denje je poskrbela nekdaj dolgoletna prva telovadka Slovenije Teja Belak, ki se bo manj kot deset mesecev po rojstvu sina prvi\u010d spet preizkusila na najvi\u0161ji ravni.<\/p>\n\n\n\n<p>Novo sezono gimnasti\u010dnega svetovnega pokala konec februarja je sicer odli\u010dno za\u010dela Tja\u0161a Kysselef, ki je uvodoma na preskoku zmagala v Cottbusu, nato pa v Dohi zasedla \u010detrto mesto. Osemindvajsetletna Ljubljan\u010danka ima doslej tri zmage v svetovnem pokalu ter 23 uvrstitev na zmagovalni oder pokala.<\/p>\n\n\n\n<p>V nadaljevanju sezone se ji bo \u017ee v Kairu na preskoku pridru\u017eila tudi Belakova, ki je sicer na\u010drtovala vrnitev v Bakuju, z mislijo na svetovno prvenstvo pa se je odlo\u010dila, da se bo vrnila na najvi\u0161jo raven \u017ee prej, kot je bilo sprva predvideno.<\/p>\n\n\n\n<p>Sedemindvajsetletna telovadka je pred odhodom v Egipt priznala, da ima pred vrnitvijo na veliko sceno me\u0161ane ob\u010dutke.<\/p>\n\n\n\n<p>&#8220;Po eni strani se nastopa na svetovnem pokalu zelo veselim, ker \u017ee tako dolgo nisem tekmovala. Glede na to, da sem rodila pred manj kot letom dni, sem \u0161e sama sebe presenetila, kako dobro sem pripravljena,&#8221; je za STA dejala Belakova.<\/p>\n\n\n\n<p>&#8220;Po drugi strani pa \u017ee zdaj komaj \u010dakam, da bo tekme konec, da se vrnem domov k Maiju (njen \u0161e ne 10-mese\u010dni sin, op. STA),&#8221; je priznala dolgoletna prva violina slovenske gimnastike.<\/p>\n\n\n\n<p>V prvem delu sezone si \u0161tirje svetovni pokali sledijo eden za drugim &#8211; Cottbus, Doha, Kairo, Baku -, Mednarodna gimnasti\u010dna zveza (Fig) pa je ob obi\u010dajnih spremembah tekmovalnega pravilnika vsak nov olimpijski cikel spet posegla tudi po spremembah tekmovalnega sistema. Po novem se bo treba na SP prebiti prek kvalifikacij. Telovadci bodo to\u010dke nabirali prek omenjenih \u0161tirih tekem svetovnega pokala ter celinskih prvenstev.<\/p>\n\n\n\n<p>&#8220;Medtem ko sta Tja\u0161a in Lucija (Hribar, op. STA) v dobri formi \u017ee od za\u010detka sezone, pa se jima bo \u017ee za Kairo pridru\u017eila \u0161e Teja. Z mislijo na SP smo resda nekako na vrat na nos sprejeli to odlo\u010ditev, vendar lahko re\u010dem, da je dobro pripravljena. Normalno. Njen cilj ob vrnitvi je predvsem, da na zadnjih dveh pokalih nabere dovolj to\u010dk za preboj na jesensko SP,&#8221; pa je odlo\u010ditev pojasnil selektor Andrej Mavri\u010d.<\/p>\n\n\n\n<p>Kysselefova bo tekmovala na preskoku, Belakova na preskoku in gredi, Hribarjeva pa na dvovi\u0161inski bradlji, gredi in parterju. &#8220;Zagotovo bom razmi\u0161ljala o tem, kaj bom lahko izbolj\u0161ala. Mislim, da vem, kje je te\u017eava. Tako sem izbolj\u0161ala tehniko skoka, da sem zato pribli\u017eno 20 centimetrov vi\u0161je kot prej in \u0161e nisem prepri\u010dana, kje to\u010dno sem v zraku. Potrebujem ve\u010d ponovitev, da dobim pravi ob\u010dutek,&#8221; je napovedala Kysselefova po \u010detrtem mestu v Dohi.<\/p>\n\n\n\n<p>&#8220;Teja bo nastopila na dveh orodjih. \u010ce poka\u017ee tak\u0161na skoka, kot ju zna, lahko \u017ee v Kairu tudi zmaga. \u010cetudi ji ne uspe po na\u010drtih, je lahko razmeroma visoko, saj imata njena skoka visoko te\u017eavnost. A v Egiptu \u0161e ne bo imela rezultatskega cilja, temve\u010d osvojitev \u010dim ve\u010djega \u0161tevila to\u010dk za nastop v Liverpoolu,&#8221; je \u0161e dejal Mavri\u010d.<\/p>\n\n\n\n<p>Poleg omenjenih treh telovadk se bodo v Egiptu prvi\u010d to sezono predstavili tudi trije telovadci, saj se bo Nikolaju Bo\u017ei\u010du na parterju in Luki Bojancu na krogih, ki sta bila na zadnji postojanki v Dohi povsem blizu finala, pridru\u017eil \u0161e Luka Ki\u0161ek na konju z ro\u010daji.<\/p>\n\n\n\n<p>&#8220;Fantje pridno nabirajo to\u010dke za nastop na SP in upam, da bodo tako tudi nadaljevali. Na\u0161 glavni cilj v prvem delu sezone je uvrstitev med 12 najbolj\u0161ih, sicer pa, da se vsaj en telovadec uvrsti na SP,&#8221; je dejal selektor telovadcev Sebastijan Pileti\u010d.<\/p>\n\n\n\n<p>Po pokru svetovnih pokalov bodo imeli telovadci nekaj ve\u010d \u010dasa, saj jim tekmovalni koledar letos prina\u0161a skoraj dvomese\u010dni premor, preden se bodo nadaljevale tekme najvi\u0161je ravni. Prvi svetovni izziv bo v Varni konec maja, nato sledita \u0161e Osijek (9. &#8211; 12. junij) in Koper (16. &#8211; 19.). Konec junija so sredozemske igre, sledi evropsko prvenstvo, nato pa \u0161e niz treh svetovnih izzivov v Parizu, Sombotelu in Mersinu. Vrhunec izjemno polne sezone pa bo jesensko SP.<\/p>\n","protected":false},"excerpt":{"rendered":"<p>Ljubljana\/Kairo, 15. marca (STA) &#8211; Slovenske telovadce ta teden \u010daka<span class=\"excerpt-hellip\"> [\u2026]<\/span><\/p>\n","protected":false},"author":3,"featured_media":3850,"comment_status":"open","ping_status":"open","sticky":false,"template":"","format":"standard","meta":{"_monsterinsights_skip_tracking":false,"_monsterinsights_sitenote_active":false,"_monsterinsights_sitenote_note":"","_monsterinsights_sitenote_category":0,"footnotes":""},"categories":[34,28],"tags":[],"class_list":["post-3848","post","type-post","status-publish","format-standard","has-post-thumbnail","hentry","category-fig-in-ueg","category-vrhunski-sport"],"_links":{"self":[{"href":"https:\/\/www.gimnasticna-zveza.si\/index.php\/wp-json\/wp\/v2\/posts\/3848","targetHints":{"allow":["GET"]}}],"collection":[{"href":"https:\/\/www.gimnasticna-zveza.si\/index.php\/wp-json\/wp\/v2\/posts"}],"about":[{"href":"https:\/\/www.gimnasticna-zveza.si\/index.php\/wp-json\/wp\/v2\/types\/post"}],"author":[{"embeddable":true,"href":"https:\/\/www.gimnasticna-zveza.si\/index.php\/wp-json\/wp\/v2\/users\/3"}],"replies":[{"embeddable":true,"href":"https:\/\/www.gimnasticna-zveza.si\/index.php\/wp-json\/wp\/v2\/comments?post=3848"}],"version-history":[{"count":1,"href":"https:\/\/www.gimnasticna-zveza.si\/index.php\/wp-json\/wp\/v2\/posts\/3848\/revisions"}],"predecessor-version":[{"id":3851,"href":"https:\/\/www.gimnasticna-zveza.si\/index.php\/wp-json\/wp\/v2\/posts\/3848\/revisions\/3851"}],"wp:featuredmedia":[{"embeddable":true,"href":"https:\/\/www.gimnasticna-zveza.si\/index.php\/wp-json\/wp\/v2\/media\/3850"}],"wp:attachment":[{"href":"https:\/\/www.gimnasticna-zveza.si\/index.php\/wp-json\/wp\/v2\/media?parent=3848"}],"wp:term":[{"taxonomy":"category","embeddable":true,"href":"https:\/\/www.gimnasticna-zveza.si\/index.php\/wp-json\/wp\/v2\/categories?post=3848"},{"taxonomy":"post_tag","embeddable":true,"href":"https:\/\/www.gimnasticna-zveza.si\/index.php\/wp-json\/wp\/v2\/tags?post=3848"}],"curies":[{"name":"wp","href":"https:\/\/api.w.org\/{rel}","templated":true}]}}