{"id":3718,"date":"2022-02-22T20:45:00","date_gmt":"2022-02-22T18:45:00","guid":{"rendered":"http:\/\/www.gimnasticna-zveza.si\/?p=3718"},"modified":"2022-02-28T17:36:20","modified_gmt":"2022-02-28T15:36:20","slug":"saso-bertoncelj-tjasa-kysselef-in-ekaterina-vedeneeva-sportniki-leta-2021","status":"publish","type":"post","link":"https:\/\/www.gimnasticna-zveza.si\/index.php\/2022\/02\/22\/saso-bertoncelj-tjasa-kysselef-in-ekaterina-vedeneeva-sportniki-leta-2021\/","title":{"rendered":"Sa\u0161o Bertoncelj, Tja\u0161a Kysselef in Ekaterina Vedeneeva \u0161portniki leta 2021"},"content":{"rendered":"\n<p>Gimnasti\u010dna zveza Slovenije je podelila priznanja najbolj\u0161im \u0161portnikom pretekle sezone. Naslove najbolj\u0161ih v \u010dlanskih kategorijah so osvojili <strong>Sa\u0161o Bertoncelj <\/strong>(mo\u0161ka \u0161portna gimnastika)<strong>, Tja\u0161a Kysselef <\/strong>(\u017eenska \u0161portna gimnastika), <strong>Ekaterina Vedeneeva<\/strong> (ritmi\u010dna gimnastika) in <strong>Lana Dolinar<\/strong> ter <strong>Jan Kav\u010di\u010d<\/strong> (oba velika pro\u017ena ponjava).<\/p>\n\n\n\n<div class=\"wp-block-jetpack-tiled-gallery aligncenter is-style-rectangular\"><div class=\"tiled-gallery__gallery\"><div class=\"tiled-gallery__row\"><div class=\"tiled-gallery__col\" style=\"flex-basis:67.43168%\"><figure class=\"tiled-gallery__item\"><img decoding=\"async\" alt=\"\" data-height=\"1707\" data-id=\"3726\" data-link=\"https:\/\/www.gimnasticna-zveza.si\/zsg_tjasa-kysseef\/\" data-url=\"https:\/\/www.gimnasticna-zveza.si\/wp-content\/uploads\/2022\/02\/ZSG_TJASA-KYSSEEF-1024x683.jpg\" data-width=\"2560\" src=\"https:\/\/i0.wp.com\/www.gimnasticna-zveza.si\/wp-content\/uploads\/2022\/02\/ZSG_TJASA-KYSSEEF-1024x683.jpg\" data-amp-layout=\"responsive\"\/><\/figure><\/div><div class=\"tiled-gallery__col\" style=\"flex-basis:32.56832%\"><figure class=\"tiled-gallery__item\"><img decoding=\"async\" alt=\"\" data-height=\"1707\" data-id=\"3724\" data-link=\"https:\/\/www.gimnasticna-zveza.si\/vpp-lana-dolinar-1-mlajse-kat\/\" data-url=\"https:\/\/www.gimnasticna-zveza.si\/wp-content\/uploads\/2022\/02\/VPP-LANA-DOLINAR-1-MLAJSE-KAT-1024x683.jpg\" data-width=\"2560\" src=\"https:\/\/i2.wp.com\/www.gimnasticna-zveza.si\/wp-content\/uploads\/2022\/02\/VPP-LANA-DOLINAR-1-MLAJSE-KAT-1024x683.jpg\" data-amp-layout=\"responsive\"\/><\/figure><figure class=\"tiled-gallery__item\"><img decoding=\"async\" alt=\"\" data-height=\"1809\" data-id=\"3725\" data-link=\"https:\/\/www.gimnasticna-zveza.si\/vpp_jan-kavcic\/\" data-url=\"https:\/\/www.gimnasticna-zveza.si\/wp-content\/uploads\/2022\/02\/VPP_Jan-Kavcic-1024x724.jpg\" data-width=\"2560\" src=\"https:\/\/i0.wp.com\/www.gimnasticna-zveza.si\/wp-content\/uploads\/2022\/02\/VPP_Jan-Kavcic-1024x724.jpg\" data-amp-layout=\"responsive\"\/><\/figure><\/div><\/div><div class=\"tiled-gallery__row\"><div class=\"tiled-gallery__col\" style=\"flex-basis:50.00000%\"><figure class=\"tiled-gallery__item\"><img decoding=\"async\" alt=\"\" data-height=\"1707\" data-id=\"3722\" data-link=\"https:\/\/www.gimnasticna-zveza.si\/msg_saso-1-m-absolutna\/\" data-url=\"https:\/\/www.gimnasticna-zveza.si\/wp-content\/uploads\/2022\/02\/MSG_SASO-1-M-ABSOLUTNA-1024x683.jpg\" data-width=\"2560\" src=\"https:\/\/i0.wp.com\/www.gimnasticna-zveza.si\/wp-content\/uploads\/2022\/02\/MSG_SASO-1-M-ABSOLUTNA-1024x683.jpg\" data-amp-layout=\"responsive\"\/><\/figure><\/div><div class=\"tiled-gallery__col\" style=\"flex-basis:50.00000%\"><figure class=\"tiled-gallery__item\"><img decoding=\"async\" alt=\"\" data-height=\"1707\" data-id=\"3723\" data-link=\"https:\/\/www.gimnasticna-zveza.si\/elena-in-ekaterina-6\/\" data-url=\"https:\/\/www.gimnasticna-zveza.si\/wp-content\/uploads\/2022\/02\/Elena-in-Ekaterina-6-1024x683.jpg\" data-width=\"2560\" src=\"https:\/\/i1.wp.com\/www.gimnasticna-zveza.si\/wp-content\/uploads\/2022\/02\/Elena-in-Ekaterina-6-1024x683.jpg\" data-amp-layout=\"responsive\"\/><\/figure><\/div><\/div><\/div><\/div>\n\n\n\n<p>Ob Sa\u0161u Bertonclju, ki je v letu 2021 sklenil svojo profesionalno pot v \u0161portu, sta na 2. in 3. mestu stala <strong>Jure Podobnik<\/strong> (\u0160D Narodni dom Ljubljana) in <strong>An\u017ee Hribar<\/strong> (\u0160D Sokol Be\u017eigrad). Tja\u0161i sta se na odru za najbolj\u0161e pridru\u017eili <strong>Lucija Hribar<\/strong> (GD Zelena jama) in <strong>Gaja \u017dabnikar<\/strong> (\u0160D GIB Ljubljana \u0160i\u0161ka). V ritmi\u010dni gimnastiki sta nagradi za najbolj\u0161e prejeli \u0161e <strong>Aleksandra Podgor\u0161ek<\/strong> (KRG Narodni dom Ljubljana) in <strong>Brigita Kra\u0161ovec<\/strong> (\u0160D Moste). V skokih na veliki pro\u017eni ponjavi sta drugi mesti zasedla <strong>Pia Ban<\/strong> (\u0160D Sokol Be\u017eigrad) in <strong>Enej Lango<\/strong> (\u0160D Partizan Ren\u010de), tretji mesti pa <strong>So\u010da Sr\u0161en<\/strong> (\u0160D Sokol Be\u017eigrad) in <strong>Ga\u0161per Marseti\u010d<\/strong> (\u0160K Salto Koper).<\/p>\n\n\n\n<p>Nagrajeni so bili tudi najbolj\u0161i sodniki. V mo\u0161ki \u0161portni gimnastiki je naziv najbolj\u0161ega prejel <strong>Enes Hod\u017ei\u0107 Lederer<\/strong>, v \u017eenski \u0161portni gimnastiki <strong>Vesna Stare Crnjac<\/strong>, najbolj\u0161a sodnica v ritmi\u010dni gimnastiki je bila <strong>Alena Yakubouskaya<\/strong>.<\/p>\n\n\n\n<figure class=\"wp-block-pullquote\"><blockquote><p><a href=\"https:\/\/www.gimnasticna-zveza.si\/wp-content\/uploads\/2022\/02\/GZS-sportnik-leta-2021-TISK.pdf\">Publikacija z vsemi nagrajenci in predstavitev gimnasti\u010dnih reprezentanc 2022<\/a><\/p><\/blockquote><\/figure>\n\n\n\n<p>V <strong>mladinski kategoriji mo\u0161ke \u0161portne gimnastike<\/strong> so priznanja najbolj\u0161ih prejeli:<\/p>\n\n\n\n<ol class=\"wp-block-list\"><li>mesto: Jure Podobnik (\u0160D Narodni dom Ljubljana),<\/li><li>mesto: An\u017ee Hribar (\u0160D Sokol Be\u017eigrad),<\/li><li>mesto: Gregor Rakovi\u010d (\u0160D Center Maribor).<\/li><\/ol>\n\n\n\n<p>V <strong>mlaj\u0161i kategoriji mo\u0161ke \u0161portne gimnastike<\/strong> so priznanja najbolj\u0161ih prejeli:<\/p>\n\n\n\n<ol class=\"wp-block-list\"><li>mesto: Max Bizjan (Partizan Vi\u010d),<\/li><li>mesto: Timon Sternad Hiter (\u0160D Ru\u0161e),<\/li><li>mesto: Matej Maru\u0161i\u010d (\u0160D Narodni dom Ljubljana).<\/li><\/ol>\n\n\n\n<div class=\"wp-block-jetpack-tiled-gallery aligncenter is-style-rectangular\"><div class=\"tiled-gallery__gallery\"><div class=\"tiled-gallery__row\"><div class=\"tiled-gallery__col\" style=\"flex-basis:66.78742%\"><figure class=\"tiled-gallery__item\"><img decoding=\"async\" alt=\"\" data-height=\"1707\" data-id=\"3731\" data-link=\"https:\/\/www.gimnasticna-zveza.si\/?attachment_id=3731\" data-url=\"https:\/\/www.gimnasticna-zveza.si\/wp-content\/uploads\/2022\/02\/Gregor-Rakovic-1024x683.jpg\" data-width=\"2560\" src=\"https:\/\/i0.wp.com\/www.gimnasticna-zveza.si\/wp-content\/uploads\/2022\/02\/Gregor-Rakovic-1024x683.jpg\" data-amp-layout=\"responsive\"\/><\/figure><\/div><div class=\"tiled-gallery__col\" style=\"flex-basis:33.21258%\"><figure class=\"tiled-gallery__item\"><img decoding=\"async\" alt=\"\" data-height=\"1707\" data-id=\"3732\" data-link=\"https:\/\/www.gimnasticna-zveza.si\/?attachment_id=3732\" data-url=\"https:\/\/www.gimnasticna-zveza.si\/wp-content\/uploads\/2022\/02\/MSG_ANZE-HRIBAR-1024x683.jpg\" data-width=\"2560\" src=\"https:\/\/i2.wp.com\/www.gimnasticna-zveza.si\/wp-content\/uploads\/2022\/02\/MSG_ANZE-HRIBAR-1024x683.jpg\" data-amp-layout=\"responsive\"\/><\/figure><figure class=\"tiled-gallery__item\"><img decoding=\"async\" alt=\"\" data-height=\"1707\" data-id=\"3733\" data-link=\"https:\/\/www.gimnasticna-zveza.si\/?attachment_id=3733\" data-url=\"https:\/\/www.gimnasticna-zveza.si\/wp-content\/uploads\/2022\/02\/MSG_Jure-Podobnik-1024x683.jpg\" data-width=\"2560\" src=\"https:\/\/i0.wp.com\/www.gimnasticna-zveza.si\/wp-content\/uploads\/2022\/02\/MSG_Jure-Podobnik-1024x683.jpg\" data-amp-layout=\"responsive\"\/><\/figure><\/div><\/div><div class=\"tiled-gallery__row\"><div class=\"tiled-gallery__col\" style=\"flex-basis:33.33333%\"><figure class=\"tiled-gallery__item\"><img decoding=\"async\" alt=\"\" data-height=\"1707\" data-id=\"3734\" data-link=\"https:\/\/www.gimnasticna-zveza.si\/?attachment_id=3734\" data-url=\"https:\/\/www.gimnasticna-zveza.si\/wp-content\/uploads\/2022\/02\/MSG_Matej-Marusic-1024x683.jpg\" data-width=\"2560\" src=\"https:\/\/i0.wp.com\/www.gimnasticna-zveza.si\/wp-content\/uploads\/2022\/02\/MSG_Matej-Marusic-1024x683.jpg\" data-amp-layout=\"responsive\"\/><\/figure><\/div><div class=\"tiled-gallery__col\" style=\"flex-basis:33.33333%\"><figure class=\"tiled-gallery__item\"><img decoding=\"async\" alt=\"\" data-height=\"1707\" data-id=\"3735\" data-link=\"https:\/\/www.gimnasticna-zveza.si\/?attachment_id=3735\" data-url=\"https:\/\/www.gimnasticna-zveza.si\/wp-content\/uploads\/2022\/02\/MSG_Max-Bizjan-1024x683.jpg\" data-width=\"2560\" src=\"https:\/\/i0.wp.com\/www.gimnasticna-zveza.si\/wp-content\/uploads\/2022\/02\/MSG_Max-Bizjan-1024x683.jpg\" data-amp-layout=\"responsive\"\/><\/figure><\/div><div class=\"tiled-gallery__col\" style=\"flex-basis:33.33333%\"><figure class=\"tiled-gallery__item\"><img decoding=\"async\" alt=\"\" data-height=\"1707\" data-id=\"3736\" data-link=\"https:\/\/www.gimnasticna-zveza.si\/?attachment_id=3736\" data-url=\"https:\/\/www.gimnasticna-zveza.si\/wp-content\/uploads\/2022\/02\/MSG_Timon-Sternad-Hiter-1024x683.jpg\" data-width=\"2560\" src=\"https:\/\/i2.wp.com\/www.gimnasticna-zveza.si\/wp-content\/uploads\/2022\/02\/MSG_Timon-Sternad-Hiter-1024x683.jpg\" data-amp-layout=\"responsive\"\/><\/figure><\/div><\/div><\/div><\/div>\n\n\n\n<p>V <strong>mladinski kategoriji \u017eenske \u0161portne gimnastike<\/strong> so priznanja najbolj\u0161ih prejele:<\/p>\n\n\n\n<ol class=\"wp-block-list\"><li>mesto: Zala Trtnik (\u0160D GIB Ljubljana \u0160i\u0161ka),<\/li><li>mesto: Lu\u010dka Ravnihar (\u0160D GIB Ljubljana \u0160i\u0161ka),<\/li><li>mesto: Tia Pavlin Zako\u0161ek (\u0160D GIB Ljubljana \u0160i\u0161ka).<\/li><\/ol>\n\n\n\n<p>V <strong>mlaj\u0161i kategoriji \u017eenske \u0161portne gimnastike<\/strong> so priznanja najbolj\u0161ih prejele:<\/p>\n\n\n\n<ol class=\"wp-block-list\"><li>mesto: Luna Babi\u0107 (\u0160K Salto Koper),<\/li><li>mesto: Vita Prijanovi\u010d (GD Zelena jama),<\/li><li>mesto: Hana Rebec (GD Zelena jama).<\/li><\/ol>\n\n\n\n<div class=\"wp-block-jetpack-tiled-gallery aligncenter is-style-rectangular\"><div class=\"tiled-gallery__gallery\"><div class=\"tiled-gallery__row\"><div class=\"tiled-gallery__col\" style=\"flex-basis:66.78742%\"><figure class=\"tiled-gallery__item\"><img decoding=\"async\" alt=\"\" data-height=\"1707\" data-id=\"3737\" data-link=\"https:\/\/www.gimnasticna-zveza.si\/?attachment_id=3737\" data-url=\"https:\/\/www.gimnasticna-zveza.si\/wp-content\/uploads\/2022\/02\/ZSG_Hana-Rebec-1024x683.jpg\" data-width=\"2560\" src=\"https:\/\/i1.wp.com\/www.gimnasticna-zveza.si\/wp-content\/uploads\/2022\/02\/ZSG_Hana-Rebec-1024x683.jpg\" data-amp-layout=\"responsive\"\/><\/figure><\/div><div class=\"tiled-gallery__col\" style=\"flex-basis:33.21258%\"><figure class=\"tiled-gallery__item\"><img decoding=\"async\" alt=\"\" data-height=\"1707\" data-id=\"3738\" data-link=\"https:\/\/www.gimnasticna-zveza.si\/?attachment_id=3738\" data-url=\"https:\/\/www.gimnasticna-zveza.si\/wp-content\/uploads\/2022\/02\/ZSG_LUCKA-RAVNIHAR-1024x683.jpg\" data-width=\"2560\" src=\"https:\/\/i1.wp.com\/www.gimnasticna-zveza.si\/wp-content\/uploads\/2022\/02\/ZSG_LUCKA-RAVNIHAR-1024x683.jpg\" data-amp-layout=\"responsive\"\/><\/figure><figure class=\"tiled-gallery__item\"><img decoding=\"async\" alt=\"\" data-height=\"1707\" data-id=\"3739\" data-link=\"https:\/\/www.gimnasticna-zveza.si\/?attachment_id=3739\" data-url=\"https:\/\/www.gimnasticna-zveza.si\/wp-content\/uploads\/2022\/02\/ZSG_LUNA-BABIC-1024x683.jpg\" data-width=\"2560\" src=\"https:\/\/i0.wp.com\/www.gimnasticna-zveza.si\/wp-content\/uploads\/2022\/02\/ZSG_LUNA-BABIC-1024x683.jpg\" data-amp-layout=\"responsive\"\/><\/figure><\/div><\/div><div class=\"tiled-gallery__row\"><div class=\"tiled-gallery__col\" style=\"flex-basis:33.33333%\"><figure class=\"tiled-gallery__item\"><img decoding=\"async\" alt=\"\" data-height=\"1707\" data-id=\"3740\" data-link=\"https:\/\/www.gimnasticna-zveza.si\/?attachment_id=3740\" data-url=\"https:\/\/www.gimnasticna-zveza.si\/wp-content\/uploads\/2022\/02\/ZSG_Tia-Pavlin-Zakovsek-1024x683.jpg\" data-width=\"2560\" src=\"https:\/\/i1.wp.com\/www.gimnasticna-zveza.si\/wp-content\/uploads\/2022\/02\/ZSG_Tia-Pavlin-Zakovsek-1024x683.jpg\" data-amp-layout=\"responsive\"\/><\/figure><\/div><div class=\"tiled-gallery__col\" style=\"flex-basis:33.33333%\"><figure class=\"tiled-gallery__item\"><img decoding=\"async\" alt=\"\" data-height=\"1707\" data-id=\"3741\" data-link=\"https:\/\/www.gimnasticna-zveza.si\/?attachment_id=3741\" data-url=\"https:\/\/www.gimnasticna-zveza.si\/wp-content\/uploads\/2022\/02\/ZSG_VITA-PRIJANOVIC-1024x683.jpg\" data-width=\"2560\" src=\"https:\/\/i0.wp.com\/www.gimnasticna-zveza.si\/wp-content\/uploads\/2022\/02\/ZSG_VITA-PRIJANOVIC-1024x683.jpg\" data-amp-layout=\"responsive\"\/><\/figure><\/div><div class=\"tiled-gallery__col\" style=\"flex-basis:33.33333%\"><figure class=\"tiled-gallery__item\"><img decoding=\"async\" alt=\"\" data-height=\"1707\" data-id=\"3742\" data-link=\"https:\/\/www.gimnasticna-zveza.si\/?attachment_id=3742\" data-url=\"https:\/\/www.gimnasticna-zveza.si\/wp-content\/uploads\/2022\/02\/ZSG_ZALA-TRTNIK-1024x683.jpg\" data-width=\"2560\" src=\"https:\/\/i0.wp.com\/www.gimnasticna-zveza.si\/wp-content\/uploads\/2022\/02\/ZSG_ZALA-TRTNIK-1024x683.jpg\" data-amp-layout=\"responsive\"\/><\/figure><\/div><\/div><\/div><\/div>\n\n\n\n<p>V <strong>mladinski kategoriji ritmi\u010dne gimnastike<\/strong> so priznanja najbolj\u0161ih prejele:<\/p>\n\n\n\n<ol class=\"wp-block-list\"><li>mesto: Ela Polak (KRG \u0160i\u0161ka),<\/li><li>mesto: Nika Zajc (KRG Narodni dom Ljubljana),<\/li><li>mesto: Karina Gerkman Salauyova (KRG Narodni dom Ljubljana).<\/li><\/ol>\n\n\n\n<p>V <strong>mlaj\u0161i kategoriji ritmi\u010dne gimnastike<\/strong> so priznanja najbolj\u0161ih prejele:<\/p>\n\n\n\n<ol class=\"wp-block-list\"><li>mesto: Alja Ponikvar (KRG Narodni dom Ljubljana),<\/li><li>mesto: Tja\u0161a Jagodi\u010d (\u0160K Favorit),<\/li><li>mesto: Luna Gregor\u010di\u010d (\u0160D Moste).<\/li><\/ol>\n\n\n\n<div class=\"wp-block-jetpack-tiled-gallery aligncenter is-style-rectangular\"><div class=\"tiled-gallery__gallery\"><div class=\"tiled-gallery__row\"><div class=\"tiled-gallery__col\" style=\"flex-basis:57.37521%\"><figure class=\"tiled-gallery__item\"><img decoding=\"async\" alt=\"\" data-height=\"2560\" data-id=\"3743\" data-link=\"https:\/\/www.gimnasticna-zveza.si\/?attachment_id=3743\" data-url=\"https:\/\/www.gimnasticna-zveza.si\/wp-content\/uploads\/2022\/02\/Nika-Zajc-683x1024.jpg\" data-width=\"1707\" src=\"https:\/\/i1.wp.com\/www.gimnasticna-zveza.si\/wp-content\/uploads\/2022\/02\/Nika-Zajc-683x1024.jpg\" data-amp-layout=\"responsive\"\/><\/figure><\/div><div class=\"tiled-gallery__col\" style=\"flex-basis:42.62479%\"><figure class=\"tiled-gallery__item\"><img decoding=\"async\" alt=\"\" data-height=\"1707\" data-id=\"3744\" data-link=\"https:\/\/www.gimnasticna-zveza.si\/?attachment_id=3744\" data-url=\"https:\/\/www.gimnasticna-zveza.si\/wp-content\/uploads\/2022\/02\/RG_Alja-Ponikvar-1024x683.jpg\" data-width=\"2560\" src=\"https:\/\/i2.wp.com\/www.gimnasticna-zveza.si\/wp-content\/uploads\/2022\/02\/RG_Alja-Ponikvar-1024x683.jpg\" data-amp-layout=\"responsive\"\/><\/figure><figure class=\"tiled-gallery__item\"><img decoding=\"async\" alt=\"\" data-height=\"1707\" data-id=\"3745\" data-link=\"https:\/\/www.gimnasticna-zveza.si\/?attachment_id=3745\" data-url=\"https:\/\/www.gimnasticna-zveza.si\/wp-content\/uploads\/2022\/02\/RG_ELA-POLAK-1024x683.jpg\" data-width=\"2560\" src=\"https:\/\/i1.wp.com\/www.gimnasticna-zveza.si\/wp-content\/uploads\/2022\/02\/RG_ELA-POLAK-1024x683.jpg\" data-amp-layout=\"responsive\"\/><\/figure><figure class=\"tiled-gallery__item\"><img decoding=\"async\" alt=\"\" data-height=\"1707\" data-id=\"3746\" data-link=\"https:\/\/www.gimnasticna-zveza.si\/?attachment_id=3746\" data-url=\"https:\/\/www.gimnasticna-zveza.si\/wp-content\/uploads\/2022\/02\/RG_Karina-GS-1024x683.jpg\" data-width=\"2560\" src=\"https:\/\/i1.wp.com\/www.gimnasticna-zveza.si\/wp-content\/uploads\/2022\/02\/RG_Karina-GS-1024x683.jpg\" data-amp-layout=\"responsive\"\/><\/figure><\/div><\/div><div class=\"tiled-gallery__row\"><div class=\"tiled-gallery__col\" style=\"flex-basis:50.00000%\"><figure class=\"tiled-gallery__item\"><img decoding=\"async\" alt=\"\" data-height=\"1707\" data-id=\"3747\" data-link=\"https:\/\/www.gimnasticna-zveza.si\/?attachment_id=3747\" data-url=\"https:\/\/www.gimnasticna-zveza.si\/wp-content\/uploads\/2022\/02\/RG_Luna-Gegoric-1024x683.jpg\" data-width=\"2560\" src=\"https:\/\/i2.wp.com\/www.gimnasticna-zveza.si\/wp-content\/uploads\/2022\/02\/RG_Luna-Gegoric-1024x683.jpg\" data-amp-layout=\"responsive\"\/><\/figure><\/div><div class=\"tiled-gallery__col\" style=\"flex-basis:50.00000%\"><figure class=\"tiled-gallery__item\"><img decoding=\"async\" alt=\"\" data-height=\"1707\" data-id=\"3748\" data-link=\"https:\/\/www.gimnasticna-zveza.si\/?attachment_id=3748\" data-url=\"https:\/\/www.gimnasticna-zveza.si\/wp-content\/uploads\/2022\/02\/RG_TASA-JAGODIC-1024x683.jpg\" data-width=\"2560\" src=\"https:\/\/i1.wp.com\/www.gimnasticna-zveza.si\/wp-content\/uploads\/2022\/02\/RG_TASA-JAGODIC-1024x683.jpg\" data-amp-layout=\"responsive\"\/><\/figure><\/div><\/div><\/div><\/div>\n\n\n\n<p>V <strong>\u017eenski mladinski kategoriji \u0161portna akrobatika<\/strong> je bila za najbolj\u0161o razgla\u0161ena So\u010da Sr\u0161en (\u0160D Sokol Be\u017eigrad), v <strong>\u017eenski mlaj\u0161i kategoriji <strong>\u0161portna akrobatika<\/strong><\/strong> pa Lana Dolinar (\u0160K FlipCapris). V <strong>mo\u0161ki mladinski kategoriji <strong>\u0161portna akrobatika<\/strong><\/strong> je bil za najbolj\u0161ega razgla\u0161en Patrik Nemec (\u0160D Partizan Ren\u010de), v <strong>mo\u0161ki mlaj\u0161i kategoriji <strong>\u0161portna akrobatika<\/strong><\/strong> pa Jan Kav\u010di\u010d (\u0160K Salto Koper).<\/p>\n\n\n\n<div class=\"wp-block-jetpack-tiled-gallery aligncenter is-style-rectangular\"><div class=\"tiled-gallery__gallery\"><div class=\"tiled-gallery__row\"><div class=\"tiled-gallery__col\" style=\"flex-basis:67.43168%\"><figure class=\"tiled-gallery__item\"><img decoding=\"async\" alt=\"\" data-height=\"1707\" data-id=\"3749\" data-link=\"https:\/\/www.gimnasticna-zveza.si\/?attachment_id=3749\" data-url=\"https:\/\/www.gimnasticna-zveza.si\/wp-content\/uploads\/2022\/02\/VPP-LANA-DOLINAR-1-MLAJSE-KAT-1-1024x683.jpg\" data-width=\"2560\" src=\"https:\/\/i1.wp.com\/www.gimnasticna-zveza.si\/wp-content\/uploads\/2022\/02\/VPP-LANA-DOLINAR-1-MLAJSE-KAT-1-1024x683.jpg\" data-amp-layout=\"responsive\"\/><\/figure><\/div><div class=\"tiled-gallery__col\" style=\"flex-basis:32.56832%\"><figure class=\"tiled-gallery__item\"><img decoding=\"async\" alt=\"\" data-height=\"1809\" data-id=\"3750\" data-link=\"https:\/\/www.gimnasticna-zveza.si\/?attachment_id=3750\" data-url=\"https:\/\/www.gimnasticna-zveza.si\/wp-content\/uploads\/2022\/02\/VPP_Jan-Kavcic-1-1024x724.jpg\" data-width=\"2560\" src=\"https:\/\/i0.wp.com\/www.gimnasticna-zveza.si\/wp-content\/uploads\/2022\/02\/VPP_Jan-Kavcic-1-1024x724.jpg\" data-amp-layout=\"responsive\"\/><\/figure><figure class=\"tiled-gallery__item\"><img decoding=\"async\" alt=\"\" data-height=\"1707\" data-id=\"3751\" data-link=\"https:\/\/www.gimnasticna-zveza.si\/?attachment_id=3751\" data-url=\"https:\/\/www.gimnasticna-zveza.si\/wp-content\/uploads\/2022\/02\/VPP_Patrik-Nemec-1024x683.jpg\" data-width=\"2560\" src=\"https:\/\/i1.wp.com\/www.gimnasticna-zveza.si\/wp-content\/uploads\/2022\/02\/VPP_Patrik-Nemec-1024x683.jpg\" data-amp-layout=\"responsive\"\/><\/figure><\/div><\/div><div class=\"tiled-gallery__row\"><div class=\"tiled-gallery__col\" style=\"flex-basis:100.00000%\"><figure class=\"tiled-gallery__item\"><img decoding=\"async\" alt=\"\" data-height=\"1707\" data-id=\"3752\" data-link=\"https:\/\/www.gimnasticna-zveza.si\/?attachment_id=3752\" data-url=\"https:\/\/www.gimnasticna-zveza.si\/wp-content\/uploads\/2022\/02\/VPP_SOCA-SRSEN-1024x683.jpg\" data-width=\"2560\" src=\"https:\/\/i1.wp.com\/www.gimnasticna-zveza.si\/wp-content\/uploads\/2022\/02\/VPP_SOCA-SRSEN-1024x683.jpg\" data-amp-layout=\"responsive\"\/><\/figure><\/div><\/div><\/div><\/div>\n\n\n\n<p>Za najuspe\u0161nej\u0161e dru\u0161tvo gimnastike za vse v letu 2021 je bil razgla\u0161en <strong>\u0160K Flip Piran<\/strong>. <\/p>\n\n\n\n<h4 class=\"wp-block-heading\" id=\"posnetek-celotne-prireditve\">Posnetek celotne prireditve<\/h4>\n\n\n\n<figure class=\"wp-block-embed is-type-video is-provider-youtube wp-block-embed-youtube wp-embed-aspect-16-9 wp-has-aspect-ratio\"><div class=\"wp-block-embed__wrapper\">\n<iframe title=\"\u0160portnik leta 2021 in predstavitev gimnasti\u010dnih reprezentanc 2022\" width=\"1220\" height=\"686\" src=\"https:\/\/www.youtube.com\/embed\/P01ELWsW5Uw?feature=oembed\" frameborder=\"0\" allow=\"accelerometer; autoplay; clipboard-write; encrypted-media; gyroscope; picture-in-picture\" allowfullscreen><\/iframe>\n<\/div><\/figure>\n","protected":false},"excerpt":{"rendered":"<p>Gimnasti\u010dna zveza Slovenije je podelila priznanja najbolj\u0161im \u0161portnikom pretekle sezone.<span class=\"excerpt-hellip\"> [\u2026]<\/span><\/p>\n","protected":false},"author":3,"featured_media":3729,"comment_status":"open","ping_status":"open","sticky":false,"template":"","format":"standard","meta":{"_monsterinsights_skip_tracking":false,"_monsterinsights_sitenote_active":false,"_monsterinsights_sitenote_note":"","_monsterinsights_sitenote_category":0,"footnotes":""},"categories":[31,28],"tags":[],"class_list":["post-3718","post","type-post","status-publish","format-standard","has-post-thumbnail","hentry","category-gimnastika","category-vrhunski-sport"],"_links":{"self":[{"href":"https:\/\/www.gimnasticna-zveza.si\/index.php\/wp-json\/wp\/v2\/posts\/3718","targetHints":{"allow":["GET"]}}],"collection":[{"href":"https:\/\/www.gimnasticna-zveza.si\/index.php\/wp-json\/wp\/v2\/posts"}],"about":[{"href":"https:\/\/www.gimnasticna-zveza.si\/index.php\/wp-json\/wp\/v2\/types\/post"}],"author":[{"embeddable":true,"href":"https:\/\/www.gimnasticna-zveza.si\/index.php\/wp-json\/wp\/v2\/users\/3"}],"replies":[{"embeddable":true,"href":"https:\/\/www.gimnasticna-zveza.si\/index.php\/wp-json\/wp\/v2\/comments?post=3718"}],"version-history":[{"count":7,"href":"https:\/\/www.gimnasticna-zveza.si\/index.php\/wp-json\/wp\/v2\/posts\/3718\/revisions"}],"predecessor-version":[{"id":3826,"href":"https:\/\/www.gimnasticna-zveza.si\/index.php\/wp-json\/wp\/v2\/posts\/3718\/revisions\/3826"}],"wp:featuredmedia":[{"embeddable":true,"href":"https:\/\/www.gimnasticna-zveza.si\/index.php\/wp-json\/wp\/v2\/media\/3729"}],"wp:attachment":[{"href":"https:\/\/www.gimnasticna-zveza.si\/index.php\/wp-json\/wp\/v2\/media?parent=3718"}],"wp:term":[{"taxonomy":"category","embeddable":true,"href":"https:\/\/www.gimnasticna-zveza.si\/index.php\/wp-json\/wp\/v2\/categories?post=3718"},{"taxonomy":"post_tag","embeddable":true,"href":"https:\/\/www.gimnasticna-zveza.si\/index.php\/wp-json\/wp\/v2\/tags?post=3718"}],"curies":[{"name":"wp","href":"https:\/\/api.w.org\/{rel}","templated":true}]}}