{"id":3695,"date":"2022-02-01T19:30:48","date_gmt":"2022-02-01T17:30:48","guid":{"rendered":"http:\/\/www.gimnasticna-zveza.si\/?p=3695"},"modified":"2022-02-01T19:30:53","modified_gmt":"2022-02-01T17:30:53","slug":"vabilo-k-oddaji-prijave-za-udelezbo-na-young-leaders-forumu","status":"publish","type":"post","link":"https:\/\/www.gimnasticna-zveza.si\/index.php\/2022\/02\/01\/vabilo-k-oddaji-prijave-za-udelezbo-na-young-leaders-forumu\/","title":{"rendered":"Vabilo k oddaji prijave za udele\u017ebo na Young Leaders forumu"},"content":{"rendered":"\n<p>Evropska gimnasti\u010dna zveza (EG) je svoje \u010dlanice pozvala, da oddajo predloge kandidatov za sodelovanje na <strong>European Athletics Young Leaders Forum M\u00fcnchen 2022, ki bo potekal v sklopu <\/strong>skupnega evropskega prvenstva desetih \u0161portov med 19. in 22. avgustom 2022 v M\u00fcnchnu v Nem\u010diji, gostitelj pa bo Lokalni organizacijski odbor evropskih prvenstev M\u00fcnchen 2022.<\/p>\n\n\n\n<h3 class=\"wp-block-heading\" id=\"splosno-o-forumu\">Splo\u0161no o forumu<\/h3>\n\n\n\n<p><strong>European Athletics Young Leaders Forum M\u00fcnchen 2022<\/strong> bo naslavljal razli\u010dne teme, pomembne za mlade vodje v \u0161portu in \u0161portnih organizacijah. Te teme bodo med drugim vklju\u010devale vodstvene ve\u0161\u010dine in znanje, organizacijo dogodkov, tehnologije, krizno upravljanje, upravljanje, varovanje in trajnost. Udele\u017eenci bodo poglobljeno seznanjeni z vrednotami v \u0161portu in dru\u017ebeno koristnega dela ter nato spodbujeni, da svoje ideje spremenijo v dejanja.<\/p>\n\n\n\n<p>V M\u00fcnchnu bo potekala \u017ee osma izvedba, pretekle pa so potekale skorajda izklju\u010dno s slu\u0161atelji, ki prihajajo iz atletike, saj je idejni vodja projekta Evropska atletska zveza (EA). Na podlagi uspeha prej\u0161njih izvedb leta 2006 (G\u00f6teborg), 2010 (Barcelona), Helsinki (2012), Z\u00fcrich (2014), Amsterdam (2016), Berlin (2018) in Pariz e-YLF (2020) bo tudi leto\u0161nji program Foruma vklju\u010deval gostujo\u010de predavatelje, delavnice razvoja razli\u010dnih ve\u0161\u010din, primere projektov, ki so jih \u017ee izvedli mladi vodje in skupinske razprave, v katerih udele\u017eenci izmenjujejo poglede na na\u010drtovanje, izvedbo in delijo rezultate svojih projektov in dejavnosti.<\/p>\n\n\n\n<p>Letos bo forum raz\u0161irjen na vseh devet \u0161portov, zastopanih na evropskem prvenstvu v M\u00fcnchnu 2022. To bo mladim vodjem dalo edinstveno prilo\u017enost za med\u0161portno izmenjavo najbolj\u0161ih praks in mre\u017eenje.<\/p>\n\n\n\n<p>Po dnevnih delovnih sre\u010danjih bodo udele\u017eenci povabljeni na ve\u010derna sre\u010danja prvenstva. Za dokaz svoje predanosti \u0161portu bodo vsi udele\u017eenci dobili nalogo, da pripravijo uvodni video, ki ga bodo delili z ostalimi udele\u017eenci foruma.<\/p>\n\n\n\n<h3 class=\"wp-block-heading\" id=\"splosno-o-forumu\">O udele\u017eencih, ki prihajajo iz gimnastike<\/h3>\n\n\n\n<p>Ker je organizator, torej Lokalni organizacijski odbor evropskih prvenstev M\u00fcnchen 2022, \u017eelel izkoristiti edinstveno prilo\u017enost, je po dogovoru z Evropsko atletsko zvezo odprl forum tudi za druge \u0161porte. Evropska gimnasti\u010dna zveza ima tako mo\u017enost, da na forum prijavi \u0161est predstavnikov (tri mo\u0161ke in tri \u017eenske predstavnike) iz celotne Evrope. <\/p>\n\n\n\n<h3 class=\"wp-block-heading\" id=\"splosno-o-forumu\">Kdo se lahko prijavi?<\/h3>\n\n\n\n<p>S strani Evropske gimnasti\u010dne zveze smo bili pozvani, da po\u0161ljemo predlog enega kandidata, za katerega Gimnasti\u010dna zveza Slovenije meni, da bi bil primeren kandidat in ima mo\u017enosti, da bi bil izbran med \u0161est predstavnikov evropske gimnastike.<\/p>\n\n\n\n<p><strong>Za\u017eelen profil kandidatov je slede\u010d<\/strong>: kandidati morajo biti aktivni v gimnastiki, od aktivnega \u0161portnika do delavca v klubu, na zvezi ali prostovoljcu, ki dela v \u0161portu in imeti naslednje zna\u010dilnosti:<\/p>\n\n\n\n<ul class=\"wp-block-list\"><li>starost med 20 in 30 let,<\/li><li>zelo dobro znanje angle\u0161\u010dine (vsa predavanja potekajo v angle\u0161\u010dini),<\/li><li>mo\u010dna povezava s zvezo in pripravljenost za nadaljnje delo za zvezo (\u017eelja Gimnasti\u010dne zveze Slovenije je, da bi udele\u017eba na forumu predstavljala mo\u017enost za zagon skupnosti mladih vodij v Sloveniji),<\/li><li>aktiven \u010dlan gimnasti\u010dne skupnosti v Sloveniji,<\/li><li>izkazani potencial za vodenje drugih,<\/li><li>v preteklosti izra\u017eena pripravljenost za vodenje in pomo\u010d pri izvedbi projektov na ravni Gimnasti\u010dne zveze Slovenije.<\/li><\/ul>\n\n\n\n<h3 class=\"wp-block-heading\" id=\"splosno-o-forumu\">Kako se prijaviti?<\/h3>\n\n\n\n<p>Prijavijo se lahko vsi, ki izpolnjujejo zgoraj na\u0161tete pogoje. Prijava zajema slede\u010de elemente:<\/p>\n\n\n\n<ul class=\"wp-block-list\"><li>video v angle\u0161\u010dini, v katerem se predstavite, pojasnite va\u0161e izku\u0161nje v \u0161portu in kak\u0161na so va\u0161a pri\u010dakovanja o forumu. Dol\u017eina videa je predvidena od 60 do 120 sekund.<\/li><li>\u017eivljenjepis, v angle\u0161kem in slovenskem jeziku,<\/li><li>motivacijsko pismo, v angle\u0161kem in slovenskem jeziku.<\/li><\/ul>\n\n\n\n<p><strong>Rok za prijavo je ponedeljek, 21. februar 2022, do 23.59 ure na elektronski naslov <a href=\"mailto:info@gimnasticna-zveza.si\">info@gimnasticna-zveza.si<\/a>. <\/strong><\/p>\n\n\n\n<p>Gimnasti\u010dna zveza Slovenije bo predlagala enega kandidata oz. kandidatko, kon\u010dno odlo\u010ditev o \u0161estih potnikih na forum ima Evropska gimnasti\u010dna zveza. Lokalni organizacijski odbor evropskih prvenstev M\u00fcnchen 2022 ima mo\u017enost, da kandidata zavrne.<\/p>\n\n\n\n<p>V primeru izbire morajo udele\u017eenci na razli\u010dne na\u010dine sodelovati \u017ee pred prihodom na forum. O teh nalogah bodo obve\u0161\u010deni naknadno.<\/p>\n\n\n\n<p>Ve\u010d o forumu lahko preberete <strong><a href=\"https:\/\/www.munich2022.com\/en\/young-leaders-forum-all-set-for-munich-2022\">TUKAJ<\/a><\/strong>.<\/p>\n","protected":false},"excerpt":{"rendered":"<p>Evropska gimnasti\u010dna zveza (EG) je svoje \u010dlanice pozvala, da oddajo<span class=\"excerpt-hellip\"> [\u2026]<\/span><\/p>\n","protected":false},"author":3,"featured_media":3698,"comment_status":"open","ping_status":"open","sticky":false,"template":"","format":"standard","meta":{"_monsterinsights_skip_tracking":false,"_monsterinsights_sitenote_active":false,"_monsterinsights_sitenote_note":"","_monsterinsights_sitenote_category":0,"footnotes":""},"categories":[34,31,29],"tags":[],"class_list":["post-3695","post","type-post","status-publish","format-standard","has-post-thumbnail","hentry","category-fig-in-ueg","category-gimnastika","category-projekti-gzs"],"_links":{"self":[{"href":"https:\/\/www.gimnasticna-zveza.si\/index.php\/wp-json\/wp\/v2\/posts\/3695","targetHints":{"allow":["GET"]}}],"collection":[{"href":"https:\/\/www.gimnasticna-zveza.si\/index.php\/wp-json\/wp\/v2\/posts"}],"about":[{"href":"https:\/\/www.gimnasticna-zveza.si\/index.php\/wp-json\/wp\/v2\/types\/post"}],"author":[{"embeddable":true,"href":"https:\/\/www.gimnasticna-zveza.si\/index.php\/wp-json\/wp\/v2\/users\/3"}],"replies":[{"embeddable":true,"href":"https:\/\/www.gimnasticna-zveza.si\/index.php\/wp-json\/wp\/v2\/comments?post=3695"}],"version-history":[{"count":2,"href":"https:\/\/www.gimnasticna-zveza.si\/index.php\/wp-json\/wp\/v2\/posts\/3695\/revisions"}],"predecessor-version":[{"id":3699,"href":"https:\/\/www.gimnasticna-zveza.si\/index.php\/wp-json\/wp\/v2\/posts\/3695\/revisions\/3699"}],"wp:featuredmedia":[{"embeddable":true,"href":"https:\/\/www.gimnasticna-zveza.si\/index.php\/wp-json\/wp\/v2\/media\/3698"}],"wp:attachment":[{"href":"https:\/\/www.gimnasticna-zveza.si\/index.php\/wp-json\/wp\/v2\/media?parent=3695"}],"wp:term":[{"taxonomy":"category","embeddable":true,"href":"https:\/\/www.gimnasticna-zveza.si\/index.php\/wp-json\/wp\/v2\/categories?post=3695"},{"taxonomy":"post_tag","embeddable":true,"href":"https:\/\/www.gimnasticna-zveza.si\/index.php\/wp-json\/wp\/v2\/tags?post=3695"}],"curies":[{"name":"wp","href":"https:\/\/api.w.org\/{rel}","templated":true}]}}