{"id":3578,"date":"2021-12-09T13:46:20","date_gmt":"2021-12-09T11:46:20","guid":{"rendered":"http:\/\/www.gimnasticna-zveza.si\/?p=3578"},"modified":"2021-12-09T17:34:38","modified_gmt":"2021-12-09T15:34:38","slug":"mag-damjan-kralj-s-podporo-vseh-delegatov-izvoljen-za-nov-mandat-na-celu-gimnasticne-zveze-slovenije-izvoljena-tudi-prva-podpredsednica","status":"publish","type":"post","link":"https:\/\/www.gimnasticna-zveza.si\/index.php\/2021\/12\/09\/mag-damjan-kralj-s-podporo-vseh-delegatov-izvoljen-za-nov-mandat-na-celu-gimnasticne-zveze-slovenije-izvoljena-tudi-prva-podpredsednica\/","title":{"rendered":"Mag. Damjan Kralj s podporo vseh delegatov izvoljen za nov mandat na \u010delu Gimnasti\u010dne zveze Slovenije, izvoljena tudi prva podpredsednica"},"content":{"rendered":"\n<p>Gimnasti\u010dna zveza Slovenije je v\u010deraj, 8. decembra 2021, izvolila predstavnike v organe in delovna telesa zveze. Ob visoki udele\u017ebi (skup\u0161\u010dine se je udele\u017eilo 52 delegatov iz 63 \u010dlanic Gimnasti\u010dne zveze Slovenije) je bil za nov, drugi mandat na \u010delu krovne gimnasti\u010dne organizacije v Sloveniji s 100 % podporo izvoljen <strong>mag. Damjan Kralj<\/strong>, glavni izvr\u0161ni direktor dru\u017ebe BTC. Ob izvolitvi je povedal: \u00bb<em>Veseli me tolik\u0161na podpora delegatov. Verjamem, da smo v zadnjem mandatu naredili veliko dobrega, kar so dru\u0161tva tudi prepoznala. Uspe\u0161no saniramo poslovanje zveze in verjamem, da bomo s tem procesom kmalu zaklju\u010dili. Nastavili smo dobre temelje za dobro prihodnje poslovanje, kjer bomo sloneli na treh stebrih delovanja: \u0161portnem stebru, marketin\u0161kem stebru in poslovnem stebru. Verjamem, da smo GZS lahko primer zelo dobre prakse nacionalne pano\u017ene \u0161portne zveze, ki je vzor ostalim.\u00ab<\/em><\/p>\n\n\n\n<p>Izvoljeni so bili trije podpredsedniki, med njimi tudi prva podpredsednica. Podpredsednik za gospodarsko-organizacijsko podro\u010dje je postal <strong>Alja\u017e Pegan<\/strong>, podpredsednik za strokovno podro\u010dje <strong>dr. Edvard Kolar<\/strong> in podpredsednica za stike z regijami <strong>Alenka \u0160enk Erpi\u010d<\/strong>.<\/p>\n\n\n\n<p>Izjemno nas veseli skorajda <strong>enakovredna zastopanost spolov v organih vodenja zveze<\/strong>. Na 21 mest je bilo izvoljenih 11 mo\u0161kih kandidatov in 10 \u017eensk. Kar nas najbolj veseli je dejstvo, da je bilo tak\u0161no razmerje dose\u017eeno brez vpeljave obveznih kvot.<\/p>\n\n\n\n<p>V <strong>Izvr\u0161ni odbor Gimnasti\u010dne zveze Slovenije<\/strong> so bili izvoljeni \u0161e:<\/p>\n\n\n\n<ul class=\"wp-block-list\"><li>Sebastijan Pileti\u010d (predstavnik vrhunskega \u0161porta),<\/li><li>Jerneja Fi\u0161er Kurnik (predstavnik gimnastike za vse),<\/li><li>Ur\u0161a Jakin in mag. Klemen Bedenik (predstavnika regij),<\/li><li>Luka Bojanc (predstavnik aktivnih \u0161portnikov),<\/li><li>Sa\u0161o Bertoncelj (predsednik odbora za gospodarsko dejavnost).<\/li><\/ul>\n\n\n\n<p>Po dolgoletnih mandatih je pri\u0161lo do sprememb pri predsednikih strokovnih odborov Gimnasti\u010dne zveze Slovenije. Predsednik Strokovnega odbora mo\u0161ke \u0161portne gimnastike je ob podpori vseh delegatov postal <strong>Alja\u017e Vogrinec<\/strong>, en glas manj je prejel <strong>mag. Klemen Bedenik<\/strong>, ki je tako postal predsednik Strokovnega odbora \u017eenske \u0161portne gimnastike. Za predsednico strokovnega odbora ritmi\u010dne gimnastike sta se potegovali dve kandidatki, zmagala pa je dosedanja predsednica, <strong>Alena Yakubouskaya<\/strong>. Kot predsednica Strokovnega odbora gimnastike za vse je po dolgih letih vodenja Stasje Mehora ob podpori vseh delegatov postala <strong>\u0160pela Vasi\u0107 Stepan\u010di\u010d<\/strong>. Za predsednika Strokovnega odbora za \u0161portni akrobatiko sta se potegovala dva kandidata. Zmagala je novinka <strong>Ur\u0161a Vrbec<\/strong>.<\/p>\n\n\n\n<p>V <strong>Nadzorni odbor Gimnasti\u010dne zveze Slovenije<\/strong> so bili izvoljeni:<\/p>\n\n\n\n<ul class=\"wp-block-list\"><li>Gorazd Podbev\u0161ek,<\/li><li>Ana Rebov,<\/li><li>dr. Peter Glavi\u010d,<\/li><li>Mitja Petkov\u0161ek (nadomestni \u010dlan).<\/li><\/ul>\n\n\n\n<p>\u010clani <strong>Disciplinske komisije Gimnasti\u010dne zveze Slovenije<\/strong> so postali:<\/p>\n\n\n\n<ul class=\"wp-block-list\"><li>Ur\u0161a Cvetko Rebov,<\/li><li>Jamnik Teja,<\/li><li>Alena Salauyovova,<\/li><li>Sandra Turk (nadomestna \u010dlanica).<\/li><\/ul>\n\n\n\n<p>Mandat izvoljenih se bo za\u010del 1. januarja 2022 in se kon\u010da 31. decembra 2025. Na Gimnasti\u010dni zvezi Slovenije verjamemo, da bo v tem \u0161tiriletnem obdobju zveza, ki bo \u017ee leto\u0161nje leto kon\u010dala s predvidenimi prihodki v vi\u0161ini 1,1 milijona EUR, postala \u0161e bolj kredibilna, stabilna in moderna organizacija.<\/p>\n","protected":false},"excerpt":{"rendered":"<p>Gimnasti\u010dna zveza Slovenije je v\u010deraj, 8. decembra 2021, izvolila predstavnike<span class=\"excerpt-hellip\"> [\u2026]<\/span><\/p>\n","protected":false},"author":3,"featured_media":3581,"comment_status":"open","ping_status":"open","sticky":false,"template":"","format":"standard","meta":{"_monsterinsights_skip_tracking":false,"_monsterinsights_sitenote_active":false,"_monsterinsights_sitenote_note":"","_monsterinsights_sitenote_category":0,"footnotes":""},"categories":[31],"tags":[],"class_list":["post-3578","post","type-post","status-publish","format-standard","has-post-thumbnail","hentry","category-gimnastika"],"_links":{"self":[{"href":"https:\/\/www.gimnasticna-zveza.si\/index.php\/wp-json\/wp\/v2\/posts\/3578","targetHints":{"allow":["GET"]}}],"collection":[{"href":"https:\/\/www.gimnasticna-zveza.si\/index.php\/wp-json\/wp\/v2\/posts"}],"about":[{"href":"https:\/\/www.gimnasticna-zveza.si\/index.php\/wp-json\/wp\/v2\/types\/post"}],"author":[{"embeddable":true,"href":"https:\/\/www.gimnasticna-zveza.si\/index.php\/wp-json\/wp\/v2\/users\/3"}],"replies":[{"embeddable":true,"href":"https:\/\/www.gimnasticna-zveza.si\/index.php\/wp-json\/wp\/v2\/comments?post=3578"}],"version-history":[{"count":3,"href":"https:\/\/www.gimnasticna-zveza.si\/index.php\/wp-json\/wp\/v2\/posts\/3578\/revisions"}],"predecessor-version":[{"id":3582,"href":"https:\/\/www.gimnasticna-zveza.si\/index.php\/wp-json\/wp\/v2\/posts\/3578\/revisions\/3582"}],"wp:featuredmedia":[{"embeddable":true,"href":"https:\/\/www.gimnasticna-zveza.si\/index.php\/wp-json\/wp\/v2\/media\/3581"}],"wp:attachment":[{"href":"https:\/\/www.gimnasticna-zveza.si\/index.php\/wp-json\/wp\/v2\/media?parent=3578"}],"wp:term":[{"taxonomy":"category","embeddable":true,"href":"https:\/\/www.gimnasticna-zveza.si\/index.php\/wp-json\/wp\/v2\/categories?post=3578"},{"taxonomy":"post_tag","embeddable":true,"href":"https:\/\/www.gimnasticna-zveza.si\/index.php\/wp-json\/wp\/v2\/tags?post=3578"}],"curies":[{"name":"wp","href":"https:\/\/api.w.org\/{rel}","templated":true}]}}