{"id":3441,"date":"2021-11-07T08:44:45","date_gmt":"2021-11-07T06:44:45","guid":{"rendered":"http:\/\/www.gimnasticna-zveza.si\/?p=3441"},"modified":"2021-11-07T08:44:47","modified_gmt":"2021-11-07T06:44:47","slug":"morinari-izvoljen-za-nov-mandat-na-celu-fig-podpredsedniku-kolarju-mandat-v-svetu-fig","status":"publish","type":"post","link":"https:\/\/www.gimnasticna-zveza.si\/index.php\/2021\/11\/07\/morinari-izvoljen-za-nov-mandat-na-celu-fig-podpredsedniku-kolarju-mandat-v-svetu-fig\/","title":{"rendered":"Morinari izvoljen za nov mandat na \u010delu FIG, podpredsedniku Kolarju mandat v Svetu FIG"},"content":{"rendered":"\n<p>Antalya, 06. novembra (STA) &#8211; Morinari Watanabe ostaja predsednik Mednarodne gimnasti\u010dne zveze (Fig). Na dana\u0161njem 83. volilnem kongresu v tur\u0161ki Antalyi je za \u010dlana izvr\u0161nega odbora vnovi\u010d kandidiral tudi slovenski \u0161portni delavec Edvard Kolar, vendar je bil v tretjem krogu za en glas prekratek. Zato pa je bil Kolar izvoljen v 21-\u010dlanski svet mednarodne zveze.<\/p>\n\n\n\n<p>Dvain\u0161estdesetletni Japonec, ki je v sklopu kandidature septembra obiskal tudi Slovenijo in kot \u010dastni gost sodeloval na svetovnem pokalu v Kopru, je danes na volilnem kongresu v tur\u0161ki Antalyi zanesljivo s 87 glasovi premagal svojega protikandidata, predsednika Evropske gimnastike (UEG) Farida Gajibova. Azerbajd\u017eanec je prejel 41 glasov.<\/p>\n\n\n\n<p>Slovenija je sicer podprla Gajibova. \u010cetudi je Azerbajd\u017eanec leta 2017 v Splitu v boju za predsedni\u0161ki stol\u010dek UEG z 28:20 premagal Kolarja, ga je v Antalyi slovenska zveza podprla, saj bi se v primeru njegove zmage sprostil polo\u017eaj prvega mo\u017ea evropske zveze.<\/p>\n\n\n\n<p>Da pa Slovenija ne bo povsem brez zastopstva v IO, je minuli mesec poskrbel Alja\u017e Pegan. Nekdanji slovenski gimnasti\u010dni as bo namre\u010d \u0161e naprej predstavnik \u0161portnikov v IO Figa. Ob robu 50. svetovnega prvenstva v japonskem Kitakyushuju so namre\u010d potekale volitve, telovadci pa so Peganu izkazali zaupanje za opravljeno delo, saj so ga izvolili za \u0161e en mandat.<\/p>\n\n\n\n<p>Pegan, ki sicer kot svetovalec vrsto let deluje v tur\u0161ki reprezentanci, vlogo predstavnika \u0161portnikov pri Figu opravlja od leta 2017 in SP v Montrealu. Predstavnik \u0161portnikov pa bo do leta 2025.<\/p>\n\n\n\n<p>Watanabe je sicer deveti predsednik v zgodovini Figa, na \u010delu mednarodne zveze je od januarja 2017, potem ko je zdaj \u017ee preminuli Italijan Bruno Grandi to funkcijo opravljal kar 20 let. Japonski poslovne\u017e je od leta 2018 tudi \u010dlan Mednarodnega olimpijskega komiteja.<\/p>\n\n\n\n<p>Na volitvah za tri podpredsednike Figa je bila vnovi\u010d uspe\u0161na nekdanja olimpijska prvakinja Belorusinja Neli Kim, na novo sta podpredsednika postala Katarec Ali Al-Hitmi in Turek Suat Celen.<\/p>\n\n\n\n<p>Mednarodna sezona se je z volilnim kongresom kon\u010dala. Doma\u010da pa \u0161e ne, saj telovadce \u010daka \u0161e dr\u017eavno prvenstvo, na sporedu pa so tudi volitve v Gimnasti\u010dno zvezo Slovenije. \u017de zdaj pa je bolj kot ne jasno, da predsednik slovenske zveze ostaja Damjan Kralj.<\/p>\n\n\n\n<p><\/p>\n\n\n\n<div class=\"wp-block-image\"><figure class=\"aligncenter size-large\"><img fetchpriority=\"high\" decoding=\"async\" width=\"680\" height=\"1024\" src=\"https:\/\/www.gimnasticna-zveza.si\/wp-content\/uploads\/2021\/11\/Edi-Council-FIG-680x1024.png\" alt=\"\" class=\"wp-image-3443\" srcset=\"https:\/\/www.gimnasticna-zveza.si\/wp-content\/uploads\/2021\/11\/Edi-Council-FIG-680x1024.png 680w, https:\/\/www.gimnasticna-zveza.si\/wp-content\/uploads\/2021\/11\/Edi-Council-FIG-199x300.png 199w, https:\/\/www.gimnasticna-zveza.si\/wp-content\/uploads\/2021\/11\/Edi-Council-FIG-768x1157.png 768w, https:\/\/www.gimnasticna-zveza.si\/wp-content\/uploads\/2021\/11\/Edi-Council-FIG-1019x1536.png 1019w, https:\/\/www.gimnasticna-zveza.si\/wp-content\/uploads\/2021\/11\/Edi-Council-FIG-1359x2048.png 1359w, https:\/\/www.gimnasticna-zveza.si\/wp-content\/uploads\/2021\/11\/Edi-Council-FIG-97x146.png 97w, https:\/\/www.gimnasticna-zveza.si\/wp-content\/uploads\/2021\/11\/Edi-Council-FIG-33x50.png 33w, https:\/\/www.gimnasticna-zveza.si\/wp-content\/uploads\/2021\/11\/Edi-Council-FIG-50x75.png 50w, https:\/\/www.gimnasticna-zveza.si\/wp-content\/uploads\/2021\/11\/Edi-Council-FIG-800x1205.png 800w, https:\/\/www.gimnasticna-zveza.si\/wp-content\/uploads\/2021\/11\/Edi-Council-FIG.png 1938w\" sizes=\"(max-width:767px) 480px, 680px\" \/><\/figure><\/div>\n","protected":false},"excerpt":{"rendered":"<p>Antalya, 06. novembra (STA) &#8211; Morinari Watanabe ostaja predsednik Mednarodne<span class=\"excerpt-hellip\"> [\u2026]<\/span><\/p>\n","protected":false},"author":3,"featured_media":3442,"comment_status":"open","ping_status":"open","sticky":false,"template":"","format":"standard","meta":{"_monsterinsights_skip_tracking":false,"_monsterinsights_sitenote_active":false,"_monsterinsights_sitenote_note":"","_monsterinsights_sitenote_category":0,"footnotes":""},"categories":[34,31],"tags":[],"class_list":["post-3441","post","type-post","status-publish","format-standard","has-post-thumbnail","hentry","category-fig-in-ueg","category-gimnastika"],"_links":{"self":[{"href":"https:\/\/www.gimnasticna-zveza.si\/index.php\/wp-json\/wp\/v2\/posts\/3441","targetHints":{"allow":["GET"]}}],"collection":[{"href":"https:\/\/www.gimnasticna-zveza.si\/index.php\/wp-json\/wp\/v2\/posts"}],"about":[{"href":"https:\/\/www.gimnasticna-zveza.si\/index.php\/wp-json\/wp\/v2\/types\/post"}],"author":[{"embeddable":true,"href":"https:\/\/www.gimnasticna-zveza.si\/index.php\/wp-json\/wp\/v2\/users\/3"}],"replies":[{"embeddable":true,"href":"https:\/\/www.gimnasticna-zveza.si\/index.php\/wp-json\/wp\/v2\/comments?post=3441"}],"version-history":[{"count":2,"href":"https:\/\/www.gimnasticna-zveza.si\/index.php\/wp-json\/wp\/v2\/posts\/3441\/revisions"}],"predecessor-version":[{"id":7314,"href":"https:\/\/www.gimnasticna-zveza.si\/index.php\/wp-json\/wp\/v2\/posts\/3441\/revisions\/7314"}],"wp:featuredmedia":[{"embeddable":true,"href":"https:\/\/www.gimnasticna-zveza.si\/index.php\/wp-json\/wp\/v2\/media\/3442"}],"wp:attachment":[{"href":"https:\/\/www.gimnasticna-zveza.si\/index.php\/wp-json\/wp\/v2\/media?parent=3441"}],"wp:term":[{"taxonomy":"category","embeddable":true,"href":"https:\/\/www.gimnasticna-zveza.si\/index.php\/wp-json\/wp\/v2\/categories?post=3441"},{"taxonomy":"post_tag","embeddable":true,"href":"https:\/\/www.gimnasticna-zveza.si\/index.php\/wp-json\/wp\/v2\/tags?post=3441"}],"curies":[{"name":"wp","href":"https:\/\/api.w.org\/{rel}","templated":true}]}}