{"id":3435,"date":"2021-11-04T12:45:00","date_gmt":"2021-11-04T10:45:00","guid":{"rendered":"http:\/\/www.gimnasticna-zveza.si\/?p=3435"},"modified":"2021-11-04T12:40:14","modified_gmt":"2021-11-04T10:40:14","slug":"obvestilo-o-pricetku-postopka-evidentiranja-kandidatov-za-volitve-v-organe-gimnasticne-zveze-slovenije","status":"publish","type":"post","link":"https:\/\/www.gimnasticna-zveza.si\/index.php\/2021\/11\/04\/obvestilo-o-pricetku-postopka-evidentiranja-kandidatov-za-volitve-v-organe-gimnasticne-zveze-slovenije\/","title":{"rendered":"Obvestilo o pri\u010detku postopka evidentiranja kandidatov za volitve v organe Gimnasti\u010dne zveze Slovenije"},"content":{"rendered":"\n<p>S tem dopisom dru\u0161tva, \u010dlanice Gimnasti\u010dne zveze Slovenije, obve\u0161\u010damo, da 31. 12. 2021 pote\u010de mandat vsem organom in delovnim telesom Gimnasti\u010dne zveze Slovenije. Skladno s 33. \u010dlenom Statuta Gimnasti\u010dne zveze Slovenije in sklepom Izvr\u0161nega odbora Gimnasti\u010dne zveze Slovenije \u0161t. 13\/8 s 13. redne seje organa z dne 3. november 2021 vas obve\u0161\u010damo, da se s <strong>\u010detrtkom, 4. novembrom 2021 ob 8. uri<\/strong> pri\u010denja evidentiranje kandidatov za volitve v organe Gimnasti\u010dne zveze Slovenije.<\/p>\n\n\n\n<p>Evidentiranje bo potekalo do vklju\u010dno \u010d<span style=\"text-decoration: underline;\">etrtka, 18. novembra 2021, do 16. ure<\/span>. Evidentiranje poteka za naslednje funkcije:<\/p>\n\n\n\n<p><em>\u010clani Izvr\u0161nega odbora Gimnasti\u010dne zveze Slovenije<\/em><\/p>\n\n\n\n<ul class=\"wp-block-list\"><li>predsednik GZS,<\/li><li>podpredsednik GZS za gospodarsko \u2013 organizacijsko podro\u010dje,<\/li><li>podpredsednik GZS za strokovno podro\u010dje,<\/li><li>podpredsednik GZS za stike z regijam,<\/li><li>predstavnik vrhunskega \u0161porta,<\/li><li>predstavnik gimnastike za vse,<\/li><li>dva (2) predstavnika regij,<\/li><li>predstavnik aktivnih \u0161portnikov in<\/li><li>predsednik Odbora za gospodarske dejavnosti.<\/li><\/ul>\n\n\n\n<p><em>\u010clani Nadzornega odbora Gimnasti\u010dne zveze Slovenije<\/em><\/p>\n\n\n\n<p>Skup\u0161\u010dina izvoli:<\/p>\n\n\n\n<ul class=\"wp-block-list\"><li>tri (3) \u010dlane Nadzornega odbora.<\/li><li>tri (3) nadomestne \u010dlane Nadzornega odbora.<\/li><\/ul>\n\n\n\n<p>Skladno s 27. \u010dlenom Poslovnika o delu Skup\u0161\u010dine Gimnasti\u010dne zveze Slovenije \u010dlani organa na svoji prvi seji med seboj izvolijo predsednika.<\/p>\n\n\n\n<p><em>\u010clani Disciplinske komisije Gimnasti\u010dne zveze Slovenije<\/em><\/p>\n\n\n\n<p>Skup\u0161\u010dina izvoli:<\/p>\n\n\n\n<ul class=\"wp-block-list\"><li>tri (3) \u010dlane Disciplinske komisije,<\/li><li>tri (3) nadomestne \u010dlane Disciplinske komisije.<\/li><\/ul>\n\n\n\n<p>Skladno s 27. \u010dlenom Poslovnika o delu Skup\u0161\u010dine Gimnasti\u010dne zveze Slovenije \u010dlani organa na svoji prvi seji med seboj izvolijo predsednika.<\/p>\n\n\n\n<p><em>Predsedniki pano\u017enih strokovnih odborov<\/em><\/p>\n\n\n\n<ul class=\"wp-block-list\"><li>predsednik strokovnega odbora mo\u0161ke \u0161portne gimnastike,<\/li><li>predsednik strokovnega odbora \u017eenske \u0161portne gimnastike,<\/li><li>predsednik strokovnega odbora ritmi\u010dne gimnastike,<\/li><li>predsednik strokovnega odbora za aerobiko,<\/li><li>predsednik strokovnega odbora gimnastike za vse,<\/li><li>predsednik strokovnega odbora \u0161portne akrobatike.<\/li><\/ul>\n\n\n\n<p><em>Predsednika odbora za organizacijo, nagrade in priznanja<\/em><\/p>\n\n\n\n<p>Kandidati za predsednika Gimnasti\u010dne zveze Slovenije, podpredsednike Gimnasti\u010dne zveze Slovenije in predsednike pano\u017enih strokovnih odborov morajo skladno s 34. \u010dlenom Statuta Gimnasti\u010dne zveze Slovenije ob kandidaturi predlo\u017eiti program dela v pisni obliki.<\/p>\n\n\n\n<p>Pri oddaji kandidatur velja omejitev iz 35. \u010dlena Statuta Gimnasti\u010dne zveze Slovenije, ki navaja \u00bb<em>V vsakem organu zveze lahko sodelujeta najve\u010d po dva \u010dlana posamezne \u010dlanice GZS. Vsak kandidat lahko kandidira najve\u010d za dve funkciji hkrati.<\/em>\u00ab<\/p>\n\n\n\n<p>Izvoljeni kandidati bodo funkcije opravljali od 1. 1. 2022 do izteka \u0161tiriletnega mandata, torej 31. 12. 2025. Skup\u0161\u010dina bo izvedena v <strong>sredo, 8. decembra 2021<\/strong>.<\/p>\n\n\n\n<p>Kandidature lahko vlo\u017eijo \u010dlanice Gimnasti\u010dne zveze Slovenije, Izvr\u0161ni odbor Gimnasti\u010dne zveze Slovenije in posamezniki.<\/p>\n\n\n\n<p><strong>\u010clane pozivamo, da predloge kandidatov za zgoraj navedene funkcije z izpolnjenim soglasjem kandidatov h kandidaturi in morebitnim programom po\u0161ljejo na naslov Gimnasti\u010dne zveze Slovenije, Koprska ulica 29, 1000 Ljubljana. Na sprednjo stran ovojnice navedite \u00bbKANDIDATURA, NE ODPIRAJ\u00ab.<\/strong><\/p>\n\n\n\n<p>Upo\u0161tevali bomo vse kandidature, oddane priporo\u010deno na po\u0161ti do vklju\u010dno <strong>\u010detrtka, 18. novembra 2021<\/strong>.<\/p>\n\n\n\n<p>Ovojnice bo v ponedeljek, 22. novembra 2021, odprla Komisija za validacijo kandidatur, ki jo je imenoval Izvr\u0161ni odbor GZS, v sestavi:<\/p>\n\n\n\n<ul class=\"wp-block-list\"><li>\u0160pela Hus, predsednica,<\/li><li>Sebastijan Pileti\u010d, \u010dlan in<\/li><li>Nu\u0161a Semi\u010d, \u010dlanica.<\/li><\/ul>\n\n\n\n<p>Komisija bo upo\u0161tevala le popolne in pravo\u010dasno oddane kandidature.<\/p>\n\n\n\n<p>Za dodatna vpra\u0161anja ostajamo na voljo in vas lepo pozdravljamo,<\/p>\n\n\n\n<p class=\"has-text-align-right\">mag. Damjan Kralj<\/p>\n\n\n\n<p class=\"has-text-align-right\">predsednik<\/p>\n\n\n\n<p class=\"has-text-align-right\">Gimnasti\u010dna zveza Slovenije<\/p>\n\n\n\n<p><em>Datoteke:<\/em><\/p>\n\n\n\n<ul class=\"wp-block-list\"><li><em><a href=\"https:\/\/www.gimnasticna-zveza.si\/wp-content\/uploads\/2021\/11\/zacetek-evidentiranja-kandidatov-za-volitve-GZS.pdf\">dopis o pri\u010detku postopka evidentiranja kandidatov za volitve v organe Gimnasti\u010dne zveze Slovenije<\/a>,<\/em><\/li><li><em><a href=\"https:\/\/www.gimnasticna-zveza.si\/wp-content\/uploads\/2021\/11\/evidentiranje-kandidatov.pdf\">obrazec za evidentiranje kandidatov za volitve v organe Gimnasti\u010dne zveze Slovenije<\/a>,<\/em><\/li><li><em><a href=\"https:\/\/www.gimnasticna-zveza.si\/wp-content\/uploads\/2021\/11\/soglasje-kandidatov.pdf\">soglasje kandidata h kandidaturi za organe in delovna telesa Gimnasti\u010dne zveze Slovenije<\/a>.<\/em><\/li><\/ul>\n","protected":false},"excerpt":{"rendered":"<p>S tem dopisom dru\u0161tva, \u010dlanice Gimnasti\u010dne zveze Slovenije, obve\u0161\u010damo, da<span class=\"excerpt-hellip\"> [\u2026]<\/span><\/p>\n","protected":false},"author":3,"featured_media":3439,"comment_status":"open","ping_status":"open","sticky":false,"template":"","format":"standard","meta":{"_monsterinsights_skip_tracking":false,"_monsterinsights_sitenote_active":false,"_monsterinsights_sitenote_note":"","_monsterinsights_sitenote_category":0,"footnotes":""},"categories":[31],"tags":[],"class_list":["post-3435","post","type-post","status-publish","format-standard","has-post-thumbnail","hentry","category-gimnastika"],"_links":{"self":[{"href":"https:\/\/www.gimnasticna-zveza.si\/index.php\/wp-json\/wp\/v2\/posts\/3435","targetHints":{"allow":["GET"]}}],"collection":[{"href":"https:\/\/www.gimnasticna-zveza.si\/index.php\/wp-json\/wp\/v2\/posts"}],"about":[{"href":"https:\/\/www.gimnasticna-zveza.si\/index.php\/wp-json\/wp\/v2\/types\/post"}],"author":[{"embeddable":true,"href":"https:\/\/www.gimnasticna-zveza.si\/index.php\/wp-json\/wp\/v2\/users\/3"}],"replies":[{"embeddable":true,"href":"https:\/\/www.gimnasticna-zveza.si\/index.php\/wp-json\/wp\/v2\/comments?post=3435"}],"version-history":[{"count":1,"href":"https:\/\/www.gimnasticna-zveza.si\/index.php\/wp-json\/wp\/v2\/posts\/3435\/revisions"}],"predecessor-version":[{"id":3440,"href":"https:\/\/www.gimnasticna-zveza.si\/index.php\/wp-json\/wp\/v2\/posts\/3435\/revisions\/3440"}],"wp:featuredmedia":[{"embeddable":true,"href":"https:\/\/www.gimnasticna-zveza.si\/index.php\/wp-json\/wp\/v2\/media\/3439"}],"wp:attachment":[{"href":"https:\/\/www.gimnasticna-zveza.si\/index.php\/wp-json\/wp\/v2\/media?parent=3435"}],"wp:term":[{"taxonomy":"category","embeddable":true,"href":"https:\/\/www.gimnasticna-zveza.si\/index.php\/wp-json\/wp\/v2\/categories?post=3435"},{"taxonomy":"post_tag","embeddable":true,"href":"https:\/\/www.gimnasticna-zveza.si\/index.php\/wp-json\/wp\/v2\/tags?post=3435"}],"curies":[{"name":"wp","href":"https:\/\/api.w.org\/{rel}","templated":true}]}}