{"id":3352,"date":"2021-10-13T15:20:58","date_gmt":"2021-10-13T13:20:58","guid":{"rendered":"http:\/\/www.gimnasticna-zveza.si\/?p=3352"},"modified":"2021-10-13T15:21:02","modified_gmt":"2021-10-13T13:21:02","slug":"za-telovadce-svetovno-prvenstvo-zadnja-tekma-sezone-za-bertonclja-zadnja-kariere","status":"publish","type":"post","link":"https:\/\/www.gimnasticna-zveza.si\/index.php\/2021\/10\/13\/za-telovadce-svetovno-prvenstvo-zadnja-tekma-sezone-za-bertonclja-zadnja-kariere\/","title":{"rendered":"Za telovadce svetovno prvenstvo zadnja tekma sezone, za Bertonclja zadnja kariere"},"content":{"rendered":"\n<p>Ljubljana, 11. oktobra (STA) &#8211; \u010cet teden dni bo japonski Kitakyushu, od koder je doma predsednik Mednarodne gimnasti\u010dne zveze (Fig) Morinari Watanabe, gostil jubilejno 50. svetovno prvenstvo v \u0161portni gimnastiki. Na zadnji vrhunec sezone bodo odpotovali tudi trije Slovenci, Tja\u0161a Kysselef, Lucija Hribar in Sa\u0161o Bertoncelj, za katerega bo SP zadnja tekma dolge in bogate kariere.<\/p>\n\n\n\n<p>\u017de v torek bo na Japonsko odpotovala majhna slovenska odprava, v kateri so poleg omenjenih tekmovalcev \u0161e trenerja Andrej Mavri\u010d in Sebastijan Pileti\u010d ter fizioterapevt \u017diga Britov\u0161ek.<\/p>\n\n\n\n<p>Kot so telovadci zatrdili na dana\u0161nji novinarski konferenci v ljubljanskem gimnasti\u010dnem centru, so dobro pripravljeni za zadnji vrhunec olimpijske sezone.<\/p>\n\n\n\n<p>&#8220;\u010cetudi grem na svoje \u017ee 13. svetovno prvenstvo (najbolj\u0161i dose\u017eek mu je uspel s \u010detrtim mestom leta 2014 v Nanningu, op. STA), se dobro po\u010dutim. Glede na to, da je za menoj od leta 2018 obdobje, polno po\u0161kodb, sem tokrat zdrav. Prva velika tekma zame po kolajni z EP 2018 in SP istega leta, da se spet &#8216;normalno&#8217; po\u010dutim, sestavo sem natreniral do dovolj visoke ravni, s katero lahko dose\u017eem dober rezultat,&#8221; je pred potjo v de\u017eelo vzhajajo\u010dega sonca dejal 37-letni Bertoncelj, ki ga veseli dejstvo, da bo na Japonsko odpotoval, kor pravi, dobro pripravljen.<\/p>\n\n\n\n<p>&#8220;Razo\u010daran bi bil, \u010de mi ob dobri kvalifikacijski predstavi ne uspe priti do finala,&#8221; je pojasnil izku\u0161eni telovadec Narodnega doma.<\/p>\n\n\n\n<p>&#8220;S Sa\u0161em greva na zadnjo skupno tekmo, to bo njegovo 13., najino pa 12. svetovno prvenstvo. Po moji oceni je kot vedno dobro pripravljen, pridno je treniral in \u010detudi gre za njegovo zadnjo tekmo, se je ni lotil podcenjujo\u010de, temve\u010d s polnimi ambicijami, da sestavo na konju opravi tako, kot se spodobi,&#8221; je dejal selektor mo\u0161ke vrste in Bertoncljev dolgoletni trener Sebastijan Pileti\u010d.<\/p>\n\n\n\n<p>Dobro pripravljenost je potrdila tudi junakinja leto\u0161njega evropskega prvenstva, Kysselefova. &#8220;Kot je povedal trener, sem tudi jaz kar dobro pripravljena. Zadnji teden imam nekaj te\u017eav s kr\u010di v zadnji stegenski mi\u0161ici, zato moram bolj pametno trenirati, te\u017eave pa bom re\u0161evala po koncu sezone. Nimam posebnih rezultatskih te\u017eav, saj sem to sezono po operaciji, rehabilitaciji in vrnitvi na veliko sceno dosegla ve\u010d, kot sem si mislila, a to ne pomeni, da ne bom dala vsega od sebe,&#8221; je dejala 28-letna telovadka, ki bo tekmovala na preskoku in gredi.<\/p>\n\n\n\n<p>&#8220;Moja pri\u010dakovanja so, da naredim celoten mnogoboj brez padca,&#8221; pa je dejala Hribarjeva, ki se bo predstavila na vseh \u0161tirih orodjih.<\/p>\n\n\n\n<p>Dobro pripravljenost je potrdil tudi selektor \u017eenske vrste Andrej Mavri\u010d. &#8220;Obe dekleti sta kar dobro pripravljeni. Lucija je trenirala dobro in vesel sem tudi, da je na zadnjih svetovnih pokalih pokazala dobre nastope in upam, da ji bo tudi na Japonskem to uspelo. Tja\u0161a pa je \u017ee zelo izku\u0161ena in je to \u017ee velikokrat dala skozi. Dobro je trenirala, \u010deprav je imela zadnji teden malo te\u017eav s kr\u010di, a upam, da bomo to re\u0161ili in bo na Japonskem lahko normalno trenirala in seveda tudi tekmovala,&#8221; pa je pred odhodom dejal Mavri\u010d in dodal, da &#8211; kar se ti\u010de rezultatov -, upa na najbolj\u0161e.<\/p>\n\n\n\n<p>&#8220;Te\u017eko povem, kam natan\u010dno merimo, ker ne vemo, kak\u0161na je konkurenca. Veliko telovadk je po olimpijskih igrah kon\u010dalo kariero, nekatere imajo po\u010ditek, a brez dvoma se bodo pojavila \u0161tevilna nova imena. \u010ce bi Tja\u0161i uspelo priti nekje do 16. mesta, bi bilo to dobro, za Lucijo pa si \u017eelimo, da izbolj\u0161a svoj dosedanji najbolj\u0161i mnogobojski dose\u017eek (40. mesto, op. STA),&#8221; je \u0161e dejal Mavri\u010d.<\/p>\n\n\n\n<p>Ob robu SP bodo na prizori\u0161\u010du spet potekale volitve za predstavnika \u0161portnikov v izvr\u0161nem odboru Figa. To vlogo od leta 2017 in SP v Montrealu opravlja nekdanji vrhunski slovenski telovadec Alja\u017e Pegan, ki se bo na Japonskem potegoval za \u0161e en mandat. Njegovi protikandidati so \u010cilenec Tomas Gonzalez, Iranec Saeedreza Keiha in romunski \u0161ampion Marian Dragulescu. Pegan je \u017ee odpotoval na Japonsko, saj vrsto let kot svetovalec uspe\u0161no sodeluje s tur\u0161ko reprezentanco.<\/p>\n\n\n\n<p>2021-10-11\/14:26<\/p>\n\n\n\n<p>zza\/alz<\/p>\n\n\n\n<p>\u00a9 <a href=\"http:\/\/www.sta.si\/\">STA<\/a> 2021<\/p>\n","protected":false},"excerpt":{"rendered":"<p>Ljubljana, 11. oktobra (STA) &#8211; \u010cet teden dni bo japonski<span class=\"excerpt-hellip\"> [\u2026]<\/span><\/p>\n","protected":false},"author":3,"featured_media":3372,"comment_status":"open","ping_status":"open","sticky":false,"template":"","format":"standard","meta":{"_monsterinsights_skip_tracking":false,"_monsterinsights_sitenote_active":false,"_monsterinsights_sitenote_note":"","_monsterinsights_sitenote_category":0,"footnotes":""},"categories":[28],"tags":[],"class_list":["post-3352","post","type-post","status-publish","format-standard","has-post-thumbnail","hentry","category-vrhunski-sport"],"_links":{"self":[{"href":"https:\/\/www.gimnasticna-zveza.si\/index.php\/wp-json\/wp\/v2\/posts\/3352","targetHints":{"allow":["GET"]}}],"collection":[{"href":"https:\/\/www.gimnasticna-zveza.si\/index.php\/wp-json\/wp\/v2\/posts"}],"about":[{"href":"https:\/\/www.gimnasticna-zveza.si\/index.php\/wp-json\/wp\/v2\/types\/post"}],"author":[{"embeddable":true,"href":"https:\/\/www.gimnasticna-zveza.si\/index.php\/wp-json\/wp\/v2\/users\/3"}],"replies":[{"embeddable":true,"href":"https:\/\/www.gimnasticna-zveza.si\/index.php\/wp-json\/wp\/v2\/comments?post=3352"}],"version-history":[{"count":1,"href":"https:\/\/www.gimnasticna-zveza.si\/index.php\/wp-json\/wp\/v2\/posts\/3352\/revisions"}],"predecessor-version":[{"id":3353,"href":"https:\/\/www.gimnasticna-zveza.si\/index.php\/wp-json\/wp\/v2\/posts\/3352\/revisions\/3353"}],"wp:featuredmedia":[{"embeddable":true,"href":"https:\/\/www.gimnasticna-zveza.si\/index.php\/wp-json\/wp\/v2\/media\/3372"}],"wp:attachment":[{"href":"https:\/\/www.gimnasticna-zveza.si\/index.php\/wp-json\/wp\/v2\/media?parent=3352"}],"wp:term":[{"taxonomy":"category","embeddable":true,"href":"https:\/\/www.gimnasticna-zveza.si\/index.php\/wp-json\/wp\/v2\/categories?post=3352"},{"taxonomy":"post_tag","embeddable":true,"href":"https:\/\/www.gimnasticna-zveza.si\/index.php\/wp-json\/wp\/v2\/tags?post=3352"}],"curies":[{"name":"wp","href":"https:\/\/api.w.org\/{rel}","templated":true}]}}