{"id":3094,"date":"2021-09-11T18:29:44","date_gmt":"2021-09-11T16:29:44","guid":{"rendered":"http:\/\/www.gimnasticna-zveza.si\/?p=3094"},"modified":"2021-09-11T18:29:47","modified_gmt":"2021-09-11T16:29:47","slug":"slovenski-telovadki-uspesno-cez-kvalifikacije-mersina","status":"publish","type":"post","link":"https:\/\/www.gimnasticna-zveza.si\/index.php\/2021\/09\/11\/slovenski-telovadki-uspesno-cez-kvalifikacije-mersina\/","title":{"rendered":"Slovenski telovadki uspe\u0161no \u010dez kvalifikacije Mersina"},"content":{"rendered":"\n<p>Mersin, 10. septembra (STA) &#8211; Slovenski telovadki Tja\u0161a Kysselef in Lucija Hribar sta uspe\u0161no opravili dana\u0161nje kvalifikacije svetovnega pokala v tur\u0161kem Mersinu. Kysselefova si je z drugo oceno preskoka pritelovadila nedeljski finale, Hribarjeva pa s tretjo na dvovi\u0161inski bradlji. Medtem sta telovadca Sa\u0161o Bertoncelj in Luka Ki\u0161ek na konju z ro\u010daji \u017ee kon\u010dala nastope.<\/p>\n\n\n\n<p>Telovadci pa se tokrat ne borijo le za kolajne po orodjih na tekmi, temve\u010d gre obenem tudi za finale sezone Mednarodne gimnasti\u010dne zveze (Fig), po katerem bo znana lestvica najbolj\u0161ih.<\/p>\n\n\n\n<p>Med slovenskimi tekmovalci najbolje ka\u017ee Kysselefovi, ki je ta \u010das na skupni lestvici druga na preskoku za Mad\u017earko Mario Csenge Bacskay in ima ob morebitni novi zmagi vse mo\u017enosti tudi za skupno slavje sezone.<\/p>\n\n\n\n<p>Danes si je zmagovalka svetovnega izziva minuli vikend v Kopru zanesljivo priborila nedeljski finale najbolj\u0161e osmerice in je na dobri poti do nove kolajne. Prav tako uspe\u0161na je bila tudi Hribarjeva, je iz Mersina \u0161e sporo\u010dil selektor mo\u0161ke vrste Sebastijan Pileti\u010d.<\/p>\n\n\n\n<p>Mo\u0161ki tabor pa je za zdaj ostal brez finala, potem ko je slovenski adut Bertoncelj, kot je sporo\u010dil iz Tur\u010dije po opravljenem nastopu, med sestavo na konju naredil napako pri vretenu in udaril v orodje. Medtem pa je Ki\u0161ek padel pri seskoku. V soboto \u010dakajo kvalifikacije \u0161e Luko Bojanca na krogih.<\/p>\n\n\n\n<p>Vsi finali po orodjih so na sporedu v nedeljo.<\/p>\n","protected":false},"excerpt":{"rendered":"<p>Mersin, 10. septembra (STA) &#8211; Slovenski telovadki Tja\u0161a Kysselef in<span class=\"excerpt-hellip\"> [\u2026]<\/span><\/p>\n","protected":false},"author":3,"featured_media":3095,"comment_status":"open","ping_status":"open","sticky":false,"template":"","format":"standard","meta":{"_monsterinsights_skip_tracking":false,"_monsterinsights_sitenote_active":false,"_monsterinsights_sitenote_note":"","_monsterinsights_sitenote_category":0,"footnotes":""},"categories":[28],"tags":[],"class_list":["post-3094","post","type-post","status-publish","format-standard","has-post-thumbnail","hentry","category-vrhunski-sport"],"_links":{"self":[{"href":"https:\/\/www.gimnasticna-zveza.si\/index.php\/wp-json\/wp\/v2\/posts\/3094","targetHints":{"allow":["GET"]}}],"collection":[{"href":"https:\/\/www.gimnasticna-zveza.si\/index.php\/wp-json\/wp\/v2\/posts"}],"about":[{"href":"https:\/\/www.gimnasticna-zveza.si\/index.php\/wp-json\/wp\/v2\/types\/post"}],"author":[{"embeddable":true,"href":"https:\/\/www.gimnasticna-zveza.si\/index.php\/wp-json\/wp\/v2\/users\/3"}],"replies":[{"embeddable":true,"href":"https:\/\/www.gimnasticna-zveza.si\/index.php\/wp-json\/wp\/v2\/comments?post=3094"}],"version-history":[{"count":1,"href":"https:\/\/www.gimnasticna-zveza.si\/index.php\/wp-json\/wp\/v2\/posts\/3094\/revisions"}],"predecessor-version":[{"id":3096,"href":"https:\/\/www.gimnasticna-zveza.si\/index.php\/wp-json\/wp\/v2\/posts\/3094\/revisions\/3096"}],"wp:featuredmedia":[{"embeddable":true,"href":"https:\/\/www.gimnasticna-zveza.si\/index.php\/wp-json\/wp\/v2\/media\/3095"}],"wp:attachment":[{"href":"https:\/\/www.gimnasticna-zveza.si\/index.php\/wp-json\/wp\/v2\/media?parent=3094"}],"wp:term":[{"taxonomy":"category","embeddable":true,"href":"https:\/\/www.gimnasticna-zveza.si\/index.php\/wp-json\/wp\/v2\/categories?post=3094"},{"taxonomy":"post_tag","embeddable":true,"href":"https:\/\/www.gimnasticna-zveza.si\/index.php\/wp-json\/wp\/v2\/tags?post=3094"}],"curies":[{"name":"wp","href":"https:\/\/api.w.org\/{rel}","templated":true}]}}