{"id":2353,"date":"2021-04-22T07:27:35","date_gmt":"2021-04-22T06:27:35","guid":{"rendered":"http:\/\/www.gimnasticna-zveza.si\/?p=2353"},"modified":"2021-04-22T07:27:41","modified_gmt":"2021-04-22T06:27:41","slug":"tjasa-kysselef-prvic-v-karieri-finalistka-evropskega-prvenstva","status":"publish","type":"post","link":"https:\/\/www.gimnasticna-zveza.si\/index.php\/2021\/04\/22\/tjasa-kysselef-prvic-v-karieri-finalistka-evropskega-prvenstva\/","title":{"rendered":"Tja\u0161a Kysselef prvi\u010d v karieri finalistka evropskega prvenstva"},"content":{"rendered":"\n<p>Basel, 21. aprila (STA) &#8211; Slovenska telovadka Tja\u0161a Kysselef, ki se je na veliko sceno vrnila po letu dni odsotnosti zaradi po\u0161kodbe, je z odliko opravila dana\u0161nji kvalifikacijski nastop evropskega prvenstva. Sedemindvajsetletna reprezentantka je v Baslu oba skoka opravila uspe\u0161no. S povpre\u010djem 13,633 to\u010dke si je s sedmo oceno zagotovila finale preskoka.<\/p>\n\n\n\n<p>Na evropskem prvenstvu, ki \u0161teje tudi kot kvalifikacije za poletne olimpijske igre, je Kysselefova uresni\u010dila sanje in se bo v sobotnem finalu med evropsko elito \u0161e borila tudi za visoka mesta.<\/p>\n\n\n\n<p>&#8220;Uspelo mi je,&#8221; je iz Basla po nastopu, ko je \u017ee bilo jasno, da bo prvi\u010d \u010dlanica elitne osmerice EP, sporo\u010dila Kysselefova.<\/p>\n\n\n\n<p>&#8220;Ne morem verjeti, kaj se dogaja. Zdi se mi, kot da sanjam,&#8221; je prve vtise za STA sku\u0161ala zbrati telovadka, ki \u0161e pred tedni ni verjela, da se lahko po po\u0161kodbi in operaciji gle\u017enja sploh tako dobro pripravi za EP. \u0160e pred odhodom v \u0160vico je opozarjala, da bi ji gotovo prav pri\u0161el \u0161e kak\u0161en trening ali dva, vendar se bo sku\u0161ala zanesti na izku\u0161nje s prej\u0161njih velikih tekmovanj.<\/p>\n\n\n\n<p>&#8220;Presre\u010dna sem, da nisem obupala in ostala doma. Nisem bila prepri\u010dana, \u010de sodim na to prvenstvo &#8230; Zdaj pa vem, da je bilo vse vredno. \u0160e dobro, da me je Andrej (Mavri\u010d, trener reprezentance, op. STA) prepri\u010dal, naj vseeno grem na EP in sku\u0161am vsaj &#8216;oddelati&#8217; normo. O\u010ditno so vsi verjeli vame bolj, kot sem verjela jaz,&#8221; je razmi\u0161ljala Kysselefova, ki je priznala, da je imela kar precej treme po letu dni premora zaradi po\u0161kodbe.<\/p>\n\n\n\n<p>&#8220;Treme je bilo veliko. Najbr\u017e ne samo zato, ker leto dni nisem tekmovala, ampak tudi zato, ker sem ravno kon\u010dala rehabilitacijo. V pripravah sem lahko naredila zelo malo skokov, da ne bi preobremenila noge. A vse se mi je poklopilo. Tole je res uresni\u010denje sanj,&#8221; je \u0161e dejala presre\u010dna telovadka Zelene jame.<\/p>\n\n\n\n<p>\u010ceprav je sicer redna finalistka svetovnih pokalov, je to zanjo prvi finale EP v karieri. Med elitno osmerico se je s prvo oceno uvrstila mlada Britanka Jessica Gadirova (14,516 to\u010dke) pred ekipno olimpijsko podprvakinjo iz Ria Rusinjo Angelino Melnikovo (14,450), ki je bila danes najbolj\u0161a v kvalifikacijah mnogoboja, in doma\u010dinko Giulio Steingruber (13,833), nekdanjo mnogobojsko evropsko prvakinjo.<\/p>\n\n\n\n<p>Za Slovenijo sta na tem prvenstvu nastopili \u0161e Lucija Hribar, ki je lovila finale mnogoboja, ter debitantka Lara Crnjac, ki se je predstavila na dvovi\u0161inski bradlji. Po besedah selektorja Andreja Mavri\u010da je Hribarjeva tri orodja v mnogoboju naredila dobro, nato pa je enkrat padla z gredi in sanj o finalu mnogoboja je bilo konec. S skupnim zbirom 47,598 to\u010dke je zasedla 50. mesto med 107 kvalifikantkami. Medtem pa je Crnja\u010deva (10,400) na bradlji ob prvencu nabrala dva padca in zasedla 77. mesto med 96 telovadkami na tem orodju.<\/p>\n\n\n\n<p>&#8220;Tja\u0161a je res naredila to, kar zna. Vesel sem, saj je pokazala svoj trenutni maksimum,&#8221; je dejal Mavri\u010d.<\/p>\n\n\n\n<p>V \u010detrtek kvalifikacije \u010dakajo \u0161e telovadce. Najve\u010d v slovenskem taboru pri\u010dakujejo od obeh asov Sa\u0161a Bertonclja na konju z ro\u010daji ter Roka Klavore na parterju. Poleg njiju bosta nastopila \u0161e Luka Bojanc na krogih ter Nikolaj Bo\u017ei\u010d na parterju.<\/p>\n","protected":false},"excerpt":{"rendered":"<p>Basel, 21. aprila (STA) &#8211; Slovenska telovadka Tja\u0161a Kysselef, ki<span class=\"excerpt-hellip\"> [\u2026]<\/span><\/p>\n","protected":false},"author":3,"featured_media":2354,"comment_status":"open","ping_status":"open","sticky":false,"template":"","format":"standard","meta":{"_monsterinsights_skip_tracking":false,"_monsterinsights_sitenote_active":false,"_monsterinsights_sitenote_note":"","_monsterinsights_sitenote_category":0,"footnotes":""},"categories":[28],"tags":[],"class_list":["post-2353","post","type-post","status-publish","format-standard","has-post-thumbnail","hentry","category-vrhunski-sport"],"_links":{"self":[{"href":"https:\/\/www.gimnasticna-zveza.si\/index.php\/wp-json\/wp\/v2\/posts\/2353","targetHints":{"allow":["GET"]}}],"collection":[{"href":"https:\/\/www.gimnasticna-zveza.si\/index.php\/wp-json\/wp\/v2\/posts"}],"about":[{"href":"https:\/\/www.gimnasticna-zveza.si\/index.php\/wp-json\/wp\/v2\/types\/post"}],"author":[{"embeddable":true,"href":"https:\/\/www.gimnasticna-zveza.si\/index.php\/wp-json\/wp\/v2\/users\/3"}],"replies":[{"embeddable":true,"href":"https:\/\/www.gimnasticna-zveza.si\/index.php\/wp-json\/wp\/v2\/comments?post=2353"}],"version-history":[{"count":1,"href":"https:\/\/www.gimnasticna-zveza.si\/index.php\/wp-json\/wp\/v2\/posts\/2353\/revisions"}],"predecessor-version":[{"id":2355,"href":"https:\/\/www.gimnasticna-zveza.si\/index.php\/wp-json\/wp\/v2\/posts\/2353\/revisions\/2355"}],"wp:featuredmedia":[{"embeddable":true,"href":"https:\/\/www.gimnasticna-zveza.si\/index.php\/wp-json\/wp\/v2\/media\/2354"}],"wp:attachment":[{"href":"https:\/\/www.gimnasticna-zveza.si\/index.php\/wp-json\/wp\/v2\/media?parent=2353"}],"wp:term":[{"taxonomy":"category","embeddable":true,"href":"https:\/\/www.gimnasticna-zveza.si\/index.php\/wp-json\/wp\/v2\/categories?post=2353"},{"taxonomy":"post_tag","embeddable":true,"href":"https:\/\/www.gimnasticna-zveza.si\/index.php\/wp-json\/wp\/v2\/tags?post=2353"}],"curies":[{"name":"wp","href":"https:\/\/api.w.org\/{rel}","templated":true}]}}