{"id":2254,"date":"2021-03-27T08:51:00","date_gmt":"2021-03-27T07:51:00","guid":{"rendered":"http:\/\/www.gimnasticna-zveza.si\/?p=2254"},"modified":"2021-03-29T08:52:01","modified_gmt":"2021-03-29T07:52:01","slug":"vedenejeva-12-v-sofiji-z-obrocem-in-s-trakom-v-finalu","status":"publish","type":"post","link":"https:\/\/www.gimnasticna-zveza.si\/index.php\/2021\/03\/27\/vedenejeva-12-v-sofiji-z-obrocem-in-s-trakom-v-finalu\/","title":{"rendered":"Vedenejeva 12. v Sofiji, z obro\u010dem in s trakom v finalu"},"content":{"rendered":"\n<p>Sofija, 27. marca (STA) &#8211; Rusinja Jekaterina Vedenejeva, ki v ritmi\u010dni gimnastiki zastopa slovensko reprezentanco, je po drugem dnevu svetovnega pokala v Sofiji, ki \u0161teje kot kvalifikacije za olimpijske igre v Tokiu, v mnogoboju z osmega nazadovala na kon\u010dno 12. mesto. Zmagala je Izraelka Linoy Ashram. V nedeljo se bo Vedenejeva predstavila \u0161e v finalih z obro\u010dem in trakom.<\/p>\n\n\n\n<p>Tekmovanje, ki so ga zaradi koronske pandemije in z njo povezanih omejitev tako kot \u017ee jesensko evropsko prvenstvo izpustile ve\u010dkratne olimpijske, svetovne in evropske prvakinje Rusinje, se je danes za posameznice nadaljevalo z nastopi s kiji in trakom.<\/p>\n\n\n\n<p>Vedenejeva se je prvi dan z obro\u010dem z osmim dose\u017ekom uvrstila v finale najbolj\u0161e osmerice, z \u017eogo pa je z enajstim ostala zunaj finalistk. Danes pa je imela s kiji (21,300 to\u010dke) 25. dose\u017eek, s trakom (20,200) pa je bila 26-letna tekmovalka iz Irkutska sedma.<\/p>\n\n\n\n<p>Z 98,450 to\u010dke je zmagala Ashramova, druga je bila Bolgarka Borjana Kalein (98,250), tretja pa Belorusinja Alina Harnasko (96,150). Vedenejeva je skupno zbrala 87,050 to\u010dke, kar je zadostovalo za kon\u010dno 12. mesto.<\/p>\n\n\n\n<p>Na svetovnem pokalu v Sofiji je Slovenijo zastopala tudi mlada Brigita Kra\u0161evec, ki je bila po prvem dnevu na 54. mestu med 60 tekmovalkami, po drugem pa je z mnogbojskim zbirom 63,900 to\u010dke zasedla kon\u010dno 51. mesto. Najbolj\u0161i dose\u017eek ji je uspel z \u017eogo in s kiji, z obema rekvizitoma je imela 48. dose\u017eek.<\/p>\n\n\n\n<p>Vedenejevo v nedeljo \u010dakata \u0161e finalna nastopa z obro\u010dem in trakom.<\/p>\n","protected":false},"excerpt":{"rendered":"<p>Sofija, 27. marca (STA) &#8211; Rusinja Jekaterina Vedenejeva, ki v<span class=\"excerpt-hellip\"> [\u2026]<\/span><\/p>\n","protected":false},"author":3,"featured_media":2255,"comment_status":"open","ping_status":"open","sticky":false,"template":"","format":"standard","meta":{"_monsterinsights_skip_tracking":false,"_monsterinsights_sitenote_active":false,"_monsterinsights_sitenote_note":"","_monsterinsights_sitenote_category":0,"footnotes":""},"categories":[28],"tags":[],"class_list":["post-2254","post","type-post","status-publish","format-standard","has-post-thumbnail","hentry","category-vrhunski-sport"],"_links":{"self":[{"href":"https:\/\/www.gimnasticna-zveza.si\/index.php\/wp-json\/wp\/v2\/posts\/2254","targetHints":{"allow":["GET"]}}],"collection":[{"href":"https:\/\/www.gimnasticna-zveza.si\/index.php\/wp-json\/wp\/v2\/posts"}],"about":[{"href":"https:\/\/www.gimnasticna-zveza.si\/index.php\/wp-json\/wp\/v2\/types\/post"}],"author":[{"embeddable":true,"href":"https:\/\/www.gimnasticna-zveza.si\/index.php\/wp-json\/wp\/v2\/users\/3"}],"replies":[{"embeddable":true,"href":"https:\/\/www.gimnasticna-zveza.si\/index.php\/wp-json\/wp\/v2\/comments?post=2254"}],"version-history":[{"count":1,"href":"https:\/\/www.gimnasticna-zveza.si\/index.php\/wp-json\/wp\/v2\/posts\/2254\/revisions"}],"predecessor-version":[{"id":2257,"href":"https:\/\/www.gimnasticna-zveza.si\/index.php\/wp-json\/wp\/v2\/posts\/2254\/revisions\/2257"}],"wp:featuredmedia":[{"embeddable":true,"href":"https:\/\/www.gimnasticna-zveza.si\/index.php\/wp-json\/wp\/v2\/media\/2255"}],"wp:attachment":[{"href":"https:\/\/www.gimnasticna-zveza.si\/index.php\/wp-json\/wp\/v2\/media?parent=2254"}],"wp:term":[{"taxonomy":"category","embeddable":true,"href":"https:\/\/www.gimnasticna-zveza.si\/index.php\/wp-json\/wp\/v2\/categories?post=2254"},{"taxonomy":"post_tag","embeddable":true,"href":"https:\/\/www.gimnasticna-zveza.si\/index.php\/wp-json\/wp\/v2\/tags?post=2254"}],"curies":[{"name":"wp","href":"https:\/\/api.w.org\/{rel}","templated":true}]}}