{"id":1913,"date":"2020-12-11T12:37:00","date_gmt":"2020-12-11T10:37:00","guid":{"rendered":"http:\/\/www.gimnasticna-zveza.si\/?p=1913"},"modified":"2021-01-13T12:51:11","modified_gmt":"2021-01-13T10:51:11","slug":"kevin-buckley-in-anze-hribar-uspesno-opravila-prvi-finale-evropskega-prvenstva","status":"publish","type":"post","link":"https:\/\/www.gimnasticna-zveza.si\/index.php\/2020\/12\/11\/kevin-buckley-in-anze-hribar-uspesno-opravila-prvi-finale-evropskega-prvenstva\/","title":{"rendered":"Kevin Buckley in An\u017ee Hribar uspe\u0161no opravila prvi finale evropskega prvenstva"},"content":{"rendered":"\n<p>Mersin, 11. decembra (STA) &#8211; Potem ko sta tako Sa\u0161o Bertoncelj na konju z ro\u010daji kot Rok Klavora na parterju zavoljo napak obstala \u017ee v kvalifikacijah evropskega prvenstva v \u0161portni gimnastiki v Mersinu, sta slovensko \u010dast re\u0161evala mladinca Kevin Buckley in An\u017ee Hribar. Prvi\u010d je imela namre\u010d Slovenija dva finalista mnogoboja; Buckley je kon\u010dal na 21., Hribar pa na 22. mestu.<\/p>\n\n\n\n<p>Potem ko sta Bertoncelj in Klavora presenetljivo ostala brez finalnih nastopov in boja za kolajne; zadnja slovenska kolajna z velikih tekmovanj tako ostaja srebro Bertonclja na EP 2018, so uspe\u0161neje nastopili mladinci in dodobra unov\u010dili koronske razmere, ki so povzro\u010dile odpoved \u0161tevilnih reprezentanc.<\/p>\n\n\n\n<p>Celotna mladinska vrsta je kvalifikacije opravila brez padca, najbolj\u0161a pa sta bila Buckley in Hribar, ki bosta zavoljo mladosti lahko nastopila tudi \u0161e na enem mladinskem EP \u010dez dve leti.<\/p>\n\n\n\n<p>V dana\u0161njem finalu mnogoboja je imel Hribar na parterju celo \u010detrto oceno med vsemi telovadci, Buckley je bil deveti na konju z ro\u010daji.<\/p>\n\n\n\n<p>Slovenski telovadci so tako danes \u017ee kon\u010dali nastope na EP, saj Slovenija \u010dlanske ekipe ni sestavila, nima tudi finalista po posameznih orodjih.<\/p>\n\n\n\n<p>Naslednji teden bodo v Mersinu na vrsti \u0161e telovadke; \u010dlansko reprezentanco bosta zastopali Lucija Hribar in Zala Bedenik, v Tur\u010diji bo tekmovala tudi mladinska ekipa.<\/p>\n","protected":false},"excerpt":{"rendered":"<p>Mersin, 11. decembra (STA) &#8211; Potem ko sta tako Sa\u0161o<span class=\"excerpt-hellip\"> [\u2026]<\/span><\/p>\n","protected":false},"author":3,"featured_media":1916,"comment_status":"open","ping_status":"open","sticky":false,"template":"","format":"standard","meta":{"_monsterinsights_skip_tracking":false,"_monsterinsights_sitenote_active":false,"_monsterinsights_sitenote_note":"","_monsterinsights_sitenote_category":0,"footnotes":""},"categories":[28],"tags":[],"class_list":["post-1913","post","type-post","status-publish","format-standard","has-post-thumbnail","hentry","category-vrhunski-sport"],"_links":{"self":[{"href":"https:\/\/www.gimnasticna-zveza.si\/index.php\/wp-json\/wp\/v2\/posts\/1913","targetHints":{"allow":["GET"]}}],"collection":[{"href":"https:\/\/www.gimnasticna-zveza.si\/index.php\/wp-json\/wp\/v2\/posts"}],"about":[{"href":"https:\/\/www.gimnasticna-zveza.si\/index.php\/wp-json\/wp\/v2\/types\/post"}],"author":[{"embeddable":true,"href":"https:\/\/www.gimnasticna-zveza.si\/index.php\/wp-json\/wp\/v2\/users\/3"}],"replies":[{"embeddable":true,"href":"https:\/\/www.gimnasticna-zveza.si\/index.php\/wp-json\/wp\/v2\/comments?post=1913"}],"version-history":[{"count":1,"href":"https:\/\/www.gimnasticna-zveza.si\/index.php\/wp-json\/wp\/v2\/posts\/1913\/revisions"}],"predecessor-version":[{"id":1915,"href":"https:\/\/www.gimnasticna-zveza.si\/index.php\/wp-json\/wp\/v2\/posts\/1913\/revisions\/1915"}],"wp:featuredmedia":[{"embeddable":true,"href":"https:\/\/www.gimnasticna-zveza.si\/index.php\/wp-json\/wp\/v2\/media\/1916"}],"wp:attachment":[{"href":"https:\/\/www.gimnasticna-zveza.si\/index.php\/wp-json\/wp\/v2\/media?parent=1913"}],"wp:term":[{"taxonomy":"category","embeddable":true,"href":"https:\/\/www.gimnasticna-zveza.si\/index.php\/wp-json\/wp\/v2\/categories?post=1913"},{"taxonomy":"post_tag","embeddable":true,"href":"https:\/\/www.gimnasticna-zveza.si\/index.php\/wp-json\/wp\/v2\/tags?post=1913"}],"curies":[{"name":"wp","href":"https:\/\/api.w.org\/{rel}","templated":true}]}}