{"id":1388,"date":"2020-12-18T20:10:37","date_gmt":"2020-12-18T18:10:37","guid":{"rendered":"http:\/\/www.gimnasticna-zveza.si\/?p=1388"},"modified":"2020-12-18T20:10:39","modified_gmt":"2020-12-18T18:10:39","slug":"zala-trtnik-finalistka-mladinskega-evropskega-prvenstva","status":"publish","type":"post","link":"https:\/\/www.gimnasticna-zveza.si\/index.php\/2020\/12\/18\/zala-trtnik-finalistka-mladinskega-evropskega-prvenstva\/","title":{"rendered":"Zala Trtnik finalistka mladinskega evropskega prvenstva"},"content":{"rendered":"\n<p>Mersin, 18. decembra (STA) &#8211; Mlada slovenska telovadka Zala Trtnik je uspe\u0161no opravila kvalifikacije evropskega prvenstva v Mersinu. Mladinski naslov je osvojila Romunka Ana Barbosu, ki je zmagala v mnogoboju in z ekipo. Trtnikova je bila kljub trem padcem v mnogoboju 15., na parterju pa se je poskrbela za zgodovinski dose\u017eek in se uvrstila v finale najbolj\u0161e osmerice.<\/p>\n\n\n\n<p>\u0160e nikoli doslej se slovenskim mladinkam ni uspelo prebiti med finalistke po orodjih. V Mersinu pa bo Trtnikova v nedeljo nastopila med najbolj\u0161imi stare celine na parterju.<\/p>\n\n\n\n<p>Kot je iz Tur\u010dije sporo\u010dil \u010dlanski selektor Andrej Mavri\u010d, so pri Trtnikovi potihoma bolj ra\u010dunali na gred, saj sicer velja za zelo stabilno telovadko, ki redko gre\u0161i.<\/p>\n\n\n\n<p>&#8220;Zala skoraj nikoli ne pade, danes pa so se ji zatresle noge in je z gredi padla kar dvakrat. Pa enkrat tudi z dvovi\u0161inske bradlje. Zanjo je pravzaprav slabo tekmovala, \u010deprav je bila res dobro pripravljena. Preostala dekleta so bolje opravila nastope, ekipno smo bili sedmi. A Trtnikova je pokazala, da je zelo kakovostna telovadka. Kljub padcem je bila 15. v mnogoboju, za name\u010dek pa se je prebila med finalistke in naredila vrhunski rezultat,&#8221; je dejal Mavri\u010d.<\/p>\n\n\n\n<p>Sam meni, da je vzrok padcev pri Trtnikovi morda malo res pritisk velike tekme; prvi\u010d so dekleta nastopila na tako velikem tekmovanju, \u0161e bolj, kot to, pa dolgotrajna odsotnost s tekmovanj zaradi koronske pandemije.<\/p>\n\n\n\n<p>&#8220;Punce niso tekmovale vse leto, nato pa smo jih postavili na veliki oder evropskega prvenstva. Dolga odsotnost s tekmovanj se je vsekakor poznala,&#8221; je \u0161e pojasnil selektor.<\/p>\n\n\n\n<p>V soboto je na EP finale \u010dlanskih ekip, kjer Slovenija ni sodelovala, v nedeljo pa se bo Trtnikova predstavila \u0161e enkrat v finalu parterja.<\/p>\n\n\n\n<figure class=\"wp-block-image size-large\"><img fetchpriority=\"high\" decoding=\"async\" width=\"1024\" height=\"770\" src=\"https:\/\/www.gimnasticna-zveza.si\/wp-content\/uploads\/2020\/12\/44D4F23D-562F-4972-A7B4-D1387D521657-1024x770.jpg\" alt=\"\" class=\"wp-image-1389\" srcset=\"https:\/\/www.gimnasticna-zveza.si\/wp-content\/uploads\/2020\/12\/44D4F23D-562F-4972-A7B4-D1387D521657-1024x770.jpg 1024w, https:\/\/www.gimnasticna-zveza.si\/wp-content\/uploads\/2020\/12\/44D4F23D-562F-4972-A7B4-D1387D521657-300x226.jpg 300w, https:\/\/www.gimnasticna-zveza.si\/wp-content\/uploads\/2020\/12\/44D4F23D-562F-4972-A7B4-D1387D521657-768x578.jpg 768w, https:\/\/www.gimnasticna-zveza.si\/wp-content\/uploads\/2020\/12\/44D4F23D-562F-4972-A7B4-D1387D521657-194x146.jpg 194w, https:\/\/www.gimnasticna-zveza.si\/wp-content\/uploads\/2020\/12\/44D4F23D-562F-4972-A7B4-D1387D521657-50x38.jpg 50w, https:\/\/www.gimnasticna-zveza.si\/wp-content\/uploads\/2020\/12\/44D4F23D-562F-4972-A7B4-D1387D521657-100x75.jpg 100w, https:\/\/www.gimnasticna-zveza.si\/wp-content\/uploads\/2020\/12\/44D4F23D-562F-4972-A7B4-D1387D521657-600x451.jpg 600w, https:\/\/www.gimnasticna-zveza.si\/wp-content\/uploads\/2020\/12\/44D4F23D-562F-4972-A7B4-D1387D521657.jpg 1203w\" sizes=\"(max-width:767px) 480px, (max-width:1024px) 100vw, 1024px\" \/><\/figure>\n","protected":false},"excerpt":{"rendered":"<p>Mersin, 18. decembra (STA) &#8211; Mlada slovenska telovadka Zala Trtnik<span class=\"excerpt-hellip\"> [\u2026]<\/span><\/p>\n","protected":false},"author":3,"featured_media":1390,"comment_status":"open","ping_status":"open","sticky":false,"template":"","format":"standard","meta":{"_monsterinsights_skip_tracking":false,"_monsterinsights_sitenote_active":false,"_monsterinsights_sitenote_note":"","_monsterinsights_sitenote_category":0,"footnotes":""},"categories":[28],"tags":[],"class_list":["post-1388","post","type-post","status-publish","format-standard","has-post-thumbnail","hentry","category-vrhunski-sport"],"_links":{"self":[{"href":"https:\/\/www.gimnasticna-zveza.si\/index.php\/wp-json\/wp\/v2\/posts\/1388","targetHints":{"allow":["GET"]}}],"collection":[{"href":"https:\/\/www.gimnasticna-zveza.si\/index.php\/wp-json\/wp\/v2\/posts"}],"about":[{"href":"https:\/\/www.gimnasticna-zveza.si\/index.php\/wp-json\/wp\/v2\/types\/post"}],"author":[{"embeddable":true,"href":"https:\/\/www.gimnasticna-zveza.si\/index.php\/wp-json\/wp\/v2\/users\/3"}],"replies":[{"embeddable":true,"href":"https:\/\/www.gimnasticna-zveza.si\/index.php\/wp-json\/wp\/v2\/comments?post=1388"}],"version-history":[{"count":1,"href":"https:\/\/www.gimnasticna-zveza.si\/index.php\/wp-json\/wp\/v2\/posts\/1388\/revisions"}],"predecessor-version":[{"id":1391,"href":"https:\/\/www.gimnasticna-zveza.si\/index.php\/wp-json\/wp\/v2\/posts\/1388\/revisions\/1391"}],"wp:featuredmedia":[{"embeddable":true,"href":"https:\/\/www.gimnasticna-zveza.si\/index.php\/wp-json\/wp\/v2\/media\/1390"}],"wp:attachment":[{"href":"https:\/\/www.gimnasticna-zveza.si\/index.php\/wp-json\/wp\/v2\/media?parent=1388"}],"wp:term":[{"taxonomy":"category","embeddable":true,"href":"https:\/\/www.gimnasticna-zveza.si\/index.php\/wp-json\/wp\/v2\/categories?post=1388"},{"taxonomy":"post_tag","embeddable":true,"href":"https:\/\/www.gimnasticna-zveza.si\/index.php\/wp-json\/wp\/v2\/tags?post=1388"}],"curies":[{"name":"wp","href":"https:\/\/api.w.org\/{rel}","templated":true}]}}