{"id":1308,"date":"2020-12-08T16:42:53","date_gmt":"2020-12-08T14:42:53","guid":{"rendered":"http:\/\/www.gimnasticna-zveza.si\/?p=1308"},"modified":"2020-12-09T00:18:44","modified_gmt":"2020-12-08T22:18:44","slug":"saso-bertoncelj-prvi-adut-slovenske-vrste-na-evropskem-prvenstvu","status":"publish","type":"post","link":"https:\/\/www.gimnasticna-zveza.si\/index.php\/2020\/12\/08\/saso-bertoncelj-prvi-adut-slovenske-vrste-na-evropskem-prvenstvu\/","title":{"rendered":"Sa\u0161o Bertoncelj prvi adut slovenske vrste na evropskem prvenstvu"},"content":{"rendered":"\n<p>Ljubljana\/Mersin, 08. decembra (STA) &#8211; Slovenski telovadci so pri\u010dakali edini vrhunec koronske sezone 2020 &#8211; evropsko prvenstvo za mladince in \u010dlane. Po odpovedih in dveh prelo\u017eitvah je izvedbo sprejel tur\u0161ki Mersin, ki je bil v preteklosti \u017ee nekajkrat sre\u010den kraj za slovensko gimnastiko. Prvi adut bo tudi tokrat Sa\u0161o Bertoncelj, ki bo na konju z ro\u010daji lovil novo kolajno.<\/p>\n\n\n\n<p>Evropska gimnastika UEG je dolgo izbirala gostitelja leto\u0161njega EP. Sprva so tako mo\u0161ko kot \u017eensko prvenstvo stare celine spomladi zaradi koronavirusne pandemije prestavili na jesen in v Baku, ta pa je tik pred zdajci odpovedal organizacijo. Novi organizator je postal Mersin, ki bo poleg olimpijske generalke v Tokiu tako gostil edino veliko gimnasti\u010dno tekmo koronskega leta 2020.<\/p>\n\n\n\n<p><strong>Tur\u0161ki prireditelji sprejeli organizacijo tik pred zdajci<\/strong><\/p>\n\n\n\n<p>Dolgo \u010dasa je prvenstvo viselo v zraku, na koncu pa so vsko\u010dili tur\u0161ki prireditelji in na nek na\u010din re\u0161ili gimnasti\u010dno sezono. \u010ceprav so imeli za priprave na voljo le dober mesec dni, so slovenski reprezentanti iz Tur\u010dije sporo\u010dili, da je organizacija dobra. Konkurenca bo seveda mo\u010dno okrnjena, saj so nastop odpovedale \u0161tevilne reprezentance, EP tudi ne bo \u0161telo za olimpijske kvalifikacije.<\/p>\n\n\n\n<p>&#8220;Za zdaj nam gre vse po na\u010drtih. \u010ceprav so imeli prireditelji na voljo bolj malo \u010dasa, vse poteka brez te\u017eav. Veseli smo, da je z nami tudi fizioterapevt \u017diga Britov\u0161ek, ki je fantom v veliko pomo\u010d,&#8221; je iz Mersina povedal \u010dlanski selektor Sebastijan Pileti\u010d in dodal, da so mladinci na prizori\u0161\u010du \u017ee dva tedna, saj imajo odli\u010dne pogoje za vadbo, medtem ko v domovini zaradi omejitev za zajezitev novega koronavirusa sploh niso smeli trenirati.<\/p>\n\n\n\n<p><strong>Slovenski vrsti v veliko pomo\u010d tudi Alja\u017e Pegan<\/strong><\/p>\n\n\n\n<p>&#8220;Turki so zelo dosledni z maskami, pa tudi na\u0161e gibanje je res omejeno na hotel in dvorano. Pogoje za trening imamo res dobre,&#8221; je \u0161e dodal selektor in pojasnil, da je ekipi v veliko pomo\u010d tudi nekdanji evropski prvak Pegan, ki \u017ee vrsto let sodeluje s tur\u0161ko reprezentanco. &#8220;Alja\u017e nam zelo pomaga in tudi po njegovi zaslugi smo lahko izpeljali priprave za mladince in s \u010dlani prej pri\u0161li na prizori\u0161\u010de EP.&#8221;<\/p>\n\n\n\n<p><strong>Cilj je kolajna<\/strong><\/p>\n\n\n\n<p>Poleg Bertonclja bo slovensko vrsto zastopal \u0161e Rok Klavora na parterju. Oba telovadca sta zelo izku\u0161ena in se zavedata, da se njuni karieri po\u010dasi bli\u017eata koncu.<\/p>\n\n\n\n<p>Klavora je to sezono oktobra na edinem svetovnem pokalu po prekinitvi zaradi novega koronavirusa zmagal in potrdil, da je v koronski sezoni dobro pripravljen. Bertoncelj pa se je odlo\u010dil za druga\u010dne priprave; nastopal je na tekmah nem\u0161ke lige.<\/p>\n\n\n\n<p>Kot glavni cilj prvenstva stare celine je selektor Pileti\u010d za Bertonclja izpostavil kolajno, za Klavoro pa finale. &#8220;Oba sta res dobro pripravljena pri\u010dakala prvenstvo. \u017de \u010de bi \u0161lo za normalne razmere in ne bi bilo pandemije, bi rekel, da sta v dobri formi. Nekako bolj mirno kot sicer sta vadila in se pripravljala na tekmo.&#8221;<\/p>\n\n\n\n<p><strong>Bertoncelj: Ne glede na konkurenco bo treba narediti dve lepi sestavi<\/strong><\/p>\n\n\n\n<p>&#8220;Prvenstvo sem pri\u010dakal dobro pripravljen, nekaj te\u017eav imam sicer z ramo, a ni\u010desar huj\u0161ega. Za kvalifikacije pripravljam sestavo s te\u017eavnostjo 15,7 to\u010dke. \u010ce bo vse normalno, bom v finalu pove\u010dal te\u017eavnost na 16,1,&#8221; je pojasnil 36-letni Bertoncelj, ki poudarja, da se s tem, koliko tekmecev zaradi pandemije manjka, no\u010de ukvarjati.<\/p>\n\n\n\n<p>&#8220;To je ta hip povsem nepomembno. Manjka jih veliko, prilo\u017enost je res lepa. A teh sem imel \u017ee veliko, v\u010dasih sem jih izkoristil, drugi\u010d spet ne. Zato o tem ne razmi\u0161ljam. Za mene ne bo ni\u010d druga\u010de. \u010ce ne bom sestave prikazal brez napak, bom ostal praznih rok. To je dejstvo,&#8221; pred prvenstvom &#8211; danes telovadce \u010daka uradni trening &#8211; razmi\u0161lja najizku\u0161enej\u0161i \u010dlan slovenske vrste. &#8220;\u010ce pa bom opravil svoje delo tako, kot je treba, imam lepe mo\u017enosti za kolajno. A tako je vedno, ne glede na konkurenco.&#8221;<\/p>\n\n\n\n<p><strong>Klavora se zaveda, da tak\u0161nih prilo\u017enosti ne bo ve\u010d veliko<\/strong><\/p>\n\n\n\n<p>Tudi Klavora meni podobno. &#8220;Dobro sem pripravljen, treningi potekajo po \u017eeljah. Super je, da so nam organizatorji dali mo\u017enost, da \u0161e pred uradnim za\u010detkom preizkusimo tekmovalna orodja. Komaj \u017ee \u010dakam, da se za\u010dne zares, saj imam res velika pri\u010dakovanja.&#8221;<\/p>\n\n\n\n<p>&#8220;Konkurenca je res okrnjena, a tu je veliko dobrih fantov. Sam se moram osredoto\u010diti na \u010dim lep\u0161e doskoke. \u017de dolgo nisem bil tako dobro pripravljen. Na vsako tekmo grem po finale in upam, da bom tokrat izkoristil prilo\u017enost. Zavedam se, da jih nimam ve\u010d veliko pred seboj, zato je treba vsako dobro izkoristiti,&#8221; je dodal 32-letni Ljubljan\u010dan, ki je bil doslej \u017ee nekajkrat prva rezerva za finale EP, \u0161e nikoli pa se ni prebil med najbolj\u0161o osmerico.<\/p>\n\n\n\n<p><strong>Mersin se je \u017ee nekajkrat izkazal kot sre\u010dno prizori\u0161\u010de za slovensko gimnastiko<\/strong><\/p>\n\n\n\n<p>Tur\u0161ko prizori\u0161\u010de je po godu slovenskim telovadcem. Leta 2013 je gostilo sredozemske igre, na katerih je Bertoncelj osvojil zlato na konju z ro\u010daji. Lani pa sta na tekmi svetovnega pokala zmagala tako Teja Belak na preskoku kot Bertoncelj na konju, Klavora pa je bil na parterju tretji.<\/p>\n\n\n\n<p>Mo\u0161kemu EP bo od 17. do 20. decembra sledilo \u0161e \u017eensko. A tokrat brez ve\u010dkratne finalistke Belakove. Dolga leta najbolj\u0161a slovenska telovadka je namre\u010d potrdila, da s partnerjem pri\u010dakujeta nara\u0161\u010daj. Slovenijo bosta zastopali Lucija Hribar in Zala Bedenik.<\/p>\n","protected":false},"excerpt":{"rendered":"<p>Ljubljana\/Mersin, 08. decembra (STA) &#8211; Slovenski telovadci so pri\u010dakali edini<span class=\"excerpt-hellip\"> [\u2026]<\/span><\/p>\n","protected":false},"author":3,"featured_media":1309,"comment_status":"closed","ping_status":"open","sticky":false,"template":"","format":"standard","meta":{"_monsterinsights_skip_tracking":false,"_monsterinsights_sitenote_active":false,"_monsterinsights_sitenote_note":"","_monsterinsights_sitenote_category":0,"footnotes":""},"categories":[28],"tags":[],"class_list":["post-1308","post","type-post","status-publish","format-standard","has-post-thumbnail","hentry","category-vrhunski-sport"],"_links":{"self":[{"href":"https:\/\/www.gimnasticna-zveza.si\/index.php\/wp-json\/wp\/v2\/posts\/1308","targetHints":{"allow":["GET"]}}],"collection":[{"href":"https:\/\/www.gimnasticna-zveza.si\/index.php\/wp-json\/wp\/v2\/posts"}],"about":[{"href":"https:\/\/www.gimnasticna-zveza.si\/index.php\/wp-json\/wp\/v2\/types\/post"}],"author":[{"embeddable":true,"href":"https:\/\/www.gimnasticna-zveza.si\/index.php\/wp-json\/wp\/v2\/users\/3"}],"replies":[{"embeddable":true,"href":"https:\/\/www.gimnasticna-zveza.si\/index.php\/wp-json\/wp\/v2\/comments?post=1308"}],"version-history":[{"count":1,"href":"https:\/\/www.gimnasticna-zveza.si\/index.php\/wp-json\/wp\/v2\/posts\/1308\/revisions"}],"predecessor-version":[{"id":1310,"href":"https:\/\/www.gimnasticna-zveza.si\/index.php\/wp-json\/wp\/v2\/posts\/1308\/revisions\/1310"}],"wp:featuredmedia":[{"embeddable":true,"href":"https:\/\/www.gimnasticna-zveza.si\/index.php\/wp-json\/wp\/v2\/media\/1309"}],"wp:attachment":[{"href":"https:\/\/www.gimnasticna-zveza.si\/index.php\/wp-json\/wp\/v2\/media?parent=1308"}],"wp:term":[{"taxonomy":"category","embeddable":true,"href":"https:\/\/www.gimnasticna-zveza.si\/index.php\/wp-json\/wp\/v2\/categories?post=1308"},{"taxonomy":"post_tag","embeddable":true,"href":"https:\/\/www.gimnasticna-zveza.si\/index.php\/wp-json\/wp\/v2\/tags?post=1308"}],"curies":[{"name":"wp","href":"https:\/\/api.w.org\/{rel}","templated":true}]}}