{"id":1271,"date":"2020-12-03T11:59:11","date_gmt":"2020-12-03T09:59:11","guid":{"rendered":"http:\/\/www.gimnasticna-zveza.si\/?p=1271"},"modified":"2020-12-03T11:59:17","modified_gmt":"2020-12-03T09:59:17","slug":"telovadci-v-dveh-etapah-ze-na-prizoriscu-evropskega-prvenstva","status":"publish","type":"post","link":"https:\/\/www.gimnasticna-zveza.si\/index.php\/2020\/12\/03\/telovadci-v-dveh-etapah-ze-na-prizoriscu-evropskega-prvenstva\/","title":{"rendered":"Telovadci v dveh etapah \u017ee na prizori\u0161\u010du evropskega prvenstva"},"content":{"rendered":"\n<p>Ljubljana\/Mersin, 03. decembra (STA) &#8211; Slovenska \u010dlanska in mladinska reprezentanca v \u0161portni gimnastiki sta v dveh etapah \u017ee prispeli na prizori\u0161\u010de evropskega prvenstva, ki bo prihodnji teden v tur\u0161kem Mersinu. Gre za prvo veliko gimnasti\u010dno tekmo v koronski sezoni, prvi slovenski adut pa bo tudi tokrat Sa\u0161o Bertoncelj, ki bo na konju z ro\u010daji lovil novo kolajno.<\/p>\n\n\n\n<p>Poleg Bertonclja bo slovensko vrsto med \u010dlani zastopal le \u0161e Rok Klavora na parterju, ki je to sezono oktobra na edinem svetovnem pokalu po prekinitvi zaradi novega koronavirusa, svetovnem izzivu v Sombotelu zmagal.<\/p>\n\n\n\n<p>To je bila za 32-letnega Ljubljan\u010dana po Mariboru 2011, Ljubljani 2016 in Cottbusu 2017 \u010detrta zmaga na tekmah svetovnega pokala, s katero je potrdil, da je v koronski sezoni dobro pripravljen.<\/p>\n\n\n\n<p>Oba \u010dlanska reprezentanta sta se na prvenstvo skupaj s trenerjema Sebastijanom Pileti\u010dem in Dejanom Jovanovi\u0107em po negativnih testih na covid-19 odpravila v sredo, kar je nekoliko prej kot obi\u010dajno. Mladinska vrsta pa na prizori\u0161\u010du trenira \u017ee dober teden.<\/p>\n\n\n\n<p>&#8220;Ker je pred 14 dnevi vlada zaostrila pogoje v boju proti koronavirusu in prepovedala treninge mladincem, so se ti na evropsko prvenstvo sprva pripravljali doma s pomo\u010djo treningov on-line, kar seveda ne gre pri gimnastiki, kjer so klju\u010dna orodja. Zato smo jim organizirali priprave v Mersinu, kjer lahko normalno trenirajo,&#8221; je za STA pojasnil selektor gimnasti\u010dne reprezentance Pileti\u010d.<\/p>\n\n\n\n<p>&#8220;Mi smo imeli tu v Ljubljani 1.000 kvadratnih metrov veliko dvorano prazno, ker mladinci zaradi vladnega odloka niso smeli trenirati in se pripravljati na evropsko prvenstvo, v Mersinu pa imajo odli\u010dne pogoje za vadbo,&#8221; je pred odhodom v Tur\u010dijo \u0161e pojasnil Pileti\u010d.<\/p>\n\n\n\n<p>Kot glavni cilj prvenstva stare celine, kjer je vrsta dr\u017eav zaradi koronskih omejitev \u017ee odpovedala nastop, je za Bertonclja izpostavil kolajno, za Klavoro pa finale. &#8220;Oba sta res dobro pripravljena pri\u010dakala prvenstvo. \u017de \u010de bi \u0161lo za normalne razmere in ne bi bilo pandemije, bi rekel, da sta v dobri formi, nekako bolj mirno sta vadila in se pripravljala na tekmo.&#8221;<\/p>\n\n\n\n<p>Dobro formo je potrdil tudi Bertoncelj. &#8220;Seveda imam mo\u017enosti za kolajno, a gremo korak za korakom. V vsakem primeru bo treba narediti dve dobri sestavi. Pripravljen sem zelo dobro, za nas, pe\u0161\u010dico izbrancev, je bila ena redkih dobrih stvari koronske pandemije to, da smo lahko trenirali umirjeno, brez motenj. Ker smo smeli. Za druge je bilo slabo, to mi je jasno,&#8221; je pred odhodom v Tur\u010dijo dejal najbolj\u0161i slovenski telovadec.<\/p>\n\n\n\n<p>Mersin je bil leta 2013 tudi prireditelj sredozemskih iger, na katerih je Bertoncelj osvojil zlato na konju z ro\u010daji.<\/p>\n\n\n\n<p>Mo\u0161kemu EP, ki bo od 9. do 13. decembra, bo nato na istem prizori\u0161\u010du, kjer sta na lanski tekmi svetovnega pokala zmagala tako Teja Belak na preskoku kot Bertoncelj na konju z ro\u010daji, sledilo \u0161e EP v \u017eenski \u0161portni gimnastiki.<\/p>\n\n\n\n<p>A tokrat bo EP minilo brez ve\u010dkratne finalistke Belakove. Dolga leta najbolj\u0161a slovenska telovadka je namre\u010d potrdila, da s partnerjem, nekdanjim reprezentantom \u017digo \u0160ilcem pri\u010dakujeta nara\u0161\u010daj.<\/p>\n","protected":false},"excerpt":{"rendered":"<p>Ljubljana\/Mersin, 03. decembra (STA) &#8211; Slovenska \u010dlanska in mladinska reprezentanca<span class=\"excerpt-hellip\"> [\u2026]<\/span><\/p>\n","protected":false},"author":3,"featured_media":1274,"comment_status":"open","ping_status":"open","sticky":false,"template":"","format":"standard","meta":{"_monsterinsights_skip_tracking":false,"_monsterinsights_sitenote_active":false,"_monsterinsights_sitenote_note":"","_monsterinsights_sitenote_category":0,"footnotes":""},"categories":[28],"tags":[],"class_list":["post-1271","post","type-post","status-publish","format-standard","has-post-thumbnail","hentry","category-vrhunski-sport"],"_links":{"self":[{"href":"https:\/\/www.gimnasticna-zveza.si\/index.php\/wp-json\/wp\/v2\/posts\/1271","targetHints":{"allow":["GET"]}}],"collection":[{"href":"https:\/\/www.gimnasticna-zveza.si\/index.php\/wp-json\/wp\/v2\/posts"}],"about":[{"href":"https:\/\/www.gimnasticna-zveza.si\/index.php\/wp-json\/wp\/v2\/types\/post"}],"author":[{"embeddable":true,"href":"https:\/\/www.gimnasticna-zveza.si\/index.php\/wp-json\/wp\/v2\/users\/3"}],"replies":[{"embeddable":true,"href":"https:\/\/www.gimnasticna-zveza.si\/index.php\/wp-json\/wp\/v2\/comments?post=1271"}],"version-history":[{"count":2,"href":"https:\/\/www.gimnasticna-zveza.si\/index.php\/wp-json\/wp\/v2\/posts\/1271\/revisions"}],"predecessor-version":[{"id":1275,"href":"https:\/\/www.gimnasticna-zveza.si\/index.php\/wp-json\/wp\/v2\/posts\/1271\/revisions\/1275"}],"wp:featuredmedia":[{"embeddable":true,"href":"https:\/\/www.gimnasticna-zveza.si\/index.php\/wp-json\/wp\/v2\/media\/1274"}],"wp:attachment":[{"href":"https:\/\/www.gimnasticna-zveza.si\/index.php\/wp-json\/wp\/v2\/media?parent=1271"}],"wp:term":[{"taxonomy":"category","embeddable":true,"href":"https:\/\/www.gimnasticna-zveza.si\/index.php\/wp-json\/wp\/v2\/categories?post=1271"},{"taxonomy":"post_tag","embeddable":true,"href":"https:\/\/www.gimnasticna-zveza.si\/index.php\/wp-json\/wp\/v2\/tags?post=1271"}],"curies":[{"name":"wp","href":"https:\/\/api.w.org\/{rel}","templated":true}]}}