{"id":1023,"date":"2020-10-06T11:05:00","date_gmt":"2020-10-06T09:05:00","guid":{"rendered":"http:\/\/www.gimnasticna-zveza.si\/?p=1023"},"modified":"2020-10-16T11:21:54","modified_gmt":"2020-10-16T09:21:54","slug":"saso-bertoncelj-v-nemciji-z-odliko-zacel-sezono","status":"publish","type":"post","link":"https:\/\/www.gimnasticna-zveza.si\/index.php\/2020\/10\/06\/saso-bertoncelj-v-nemciji-z-odliko-zacel-sezono\/","title":{"rendered":"Sa\u0161o Bertoncelj v Nem\u010diji z odliko za\u010del sezono"},"content":{"rendered":"\n<p>Ljubljana, 06. oktobra (STA) &#8211; Konec tedna je bila v Sombotelu prva velika gimnasti\u010dna tekma po koronavirusnem premoru, svetovni izziv, ki pa ga je najbolj\u0161i slovenski telovadec Sa\u0161o Bertoncelj izpustil. Razlog pa ni bila po\u0161kodba, temve\u010d odlo\u010ditev, da bo nastopil na tekmah nem\u0161ke lige. Na prvi je z odliko opravil sestavo na konju z ro\u010daji in svoji ekipi pomagal do zmage.<\/p>\n\n\n\n<p>&#8220;Sa\u0161o po tako dolgem premoru potrebuje tekme, a je v trenutnih okoli\u0161\u010dinah povsem vseeno, kak\u0161ne. Tako sva se odlo\u010dila, da bo raje odpotoval na nem\u0161ko ligo, kjer bo za svoj nem\u0161ki klub tekmoval na treh preizku\u0161njah zaporedoma. Obenem pa je sprostil eno mesto v Sombotelu za mlaj\u0161e telovadce,&#8221; je odlo\u010ditev pojasnil dolgoletni trener Bertonclja in selektor slovenske reprezentance Sebastijan Pileti\u010d.<\/p>\n\n\n\n<p>Tudi Bertoncelj je v pogovoru za STA povedal, da mu ni \u017eal, ker je edini jesenski svetovni pokal letos izpustil, in da glede tega ni veliko razmi\u0161ljal.<\/p>\n\n\n\n<p>&#8220;Spremljal sem tudi Sombotel, a mi ni prav ni\u010d \u017eal, da sem ga izpustil. Odlo\u010dil sem se z vidika odgovornosti in solidarnosti. Nenazadnje sem \u010dlan nem\u0161kega kluba in imam v dveh tednih tri zaporedne tekme. Poleg tega je bila za na\u0161e mlaj\u0161e telovadce to morda edina ve\u010dja letos, tako da sem z veseljem svoje mesto na svetovnem pokalu namenil enemu od njih,&#8221; je pojasnil Bertoncelj.<\/p>\n\n\n\n<p>O razpletu Sombotela je povedal, da na konju z ro\u010daji, njegovem paradnem orodju, ni ni\u010d novega. &#8220;Na vrhu so kon\u010dali sami stari ma\u010dki,&#8221; je v smehu povedal \u0160kofjelo\u010dan, ki je bil zelo vesel tudi slovenskega uspeha na Mad\u017earskem.<\/p>\n\n\n\n<p>&#8220;Zelo sem vesel za Roka Klavoro, da se mu je tako lepo iz\u0161lo, presenetil me je Luka Bojanc, da je naredil tako lepo vajo na krogih za prvi finale v karieri. Pri obeh fantih na konju, Luki Ki\u0161ku in Juretu Pavlici, se pozna, da \u0161e nimata veliko izku\u0161enj s psiholo\u0161ko igro, ki je zna\u010dilna za konja in \u0161e kako pomembna. Oba sta na treningih res dobra, lepo telovadita, tekma pa prinese veliko psiholo\u0161ko breme, saj je konj zelo tvegano orodje. No\u010dem nanju pritiskati, a menim, da se nam za prihodnost tega orodja ni treba bati,&#8221; je reprezentan\u010dne kolege po uspehu v Sombotelu, kjer je Klavora zmagal na parterju, Bojanc pa bil \u0161esti na krogih, pospremil najizku\u0161enej\u0161i slovenski telovadec.<\/p>\n\n\n\n<p>Tudi sam je na uvodni tekmi nem\u0161ke lige sezono po ve\u010d kot \u0161estmese\u010dnem koronskem premoru tekmoval z odliko. Sestavo na konju s te\u017eavnostjo 15,700 to\u010dke je opravil brez ve\u010djih napak, premagal tekmeca in svojemu nem\u0161kemu klubu Siegerl\u00e4nder KV pomagal do zmage nad lanskim prvakom nem\u0161ke lige.<\/p>\n\n\n\n<p>&#8220;Zelo sem zadovoljen s svojo prvo tekmo po dolgem \u010dasu. Premagali smo lanske zmagovalce, tako da je bil to res velik uspeh. Mislim, da najve\u010dji v klubski zgodovini. Tudi na naslednjih dveh tekmah bom vztrajal pri tej sestavi in jo sku\u0161al prikazati \u0161e lep\u0161e. Forma \u0161e ni vrhunska, nisem je \u0161e niti na\u010drtoval, ampak dovolj dobra za to obdobje,&#8221; je bil vesel Bertoncelj, ki je priznal, da je imel nekaj treme na prvi tekmi po dolgem premoru, a manj, kot je mislil, da je bo.<\/p>\n\n\n\n<p>&#8220;Bil sem kar malo presene\u010den. Treme je bilo nekaj, a je bilo vzdu\u0161je zelo spro\u0161\u010deno, tako da so bili ob\u010dutki na prvi tekmi po mar\u010devski prekinitvi prav super,&#8221; je dodal 36-letni telovadec, ki se zaveda, da gre po\u010dasi proti koncu kariere, a se za zdaj tako fizi\u010dno kot psihi\u010dno \u0161e odli\u010dno po\u010duti.<\/p>\n\n\n\n<p>Tudi zato je bil ponedeljkove novice, da je evropsko prvenstvo obstalo v koledarju 2020, zelo vesel, saj je po njegovem za vsakega \u0161portnika pomembno imeti velika tekmovanja. Ne zgolj zaradi motivacije.<\/p>\n\n\n\n<p>&#8220;Ne le zaradi \u0161portnih ciljev, tudi zaradi sponzorjev sem si \u017eelel, da bi tekma obstala, da bi na\u0161li organizatorja. Zavedam pa se, da je zdravstveni polo\u017eaj ta \u010das precej zapleten,&#8221; je menil Bertoncelj, ki pravi, da bo kljub nepredvidljivim \u010dasom pri gimnastiki vztrajal, dokler bo imel voljo in mu bo zdravje dobro slu\u017eilo. In seveda, dokler bo konkuren\u010den najbolj\u0161im.<\/p>\n\n\n\n<p>Novico, da bo decembrsko EP gostil tur\u0161ki Mersin, kjer je Bertoncelj leta 2013 zmagal na sredozemskih igrah, lani pa na istem prizori\u0161\u010du tudi v svetovnem pokalu, je v smehu pospremil z izjavo: &#8220;Grem na tri od tri! Ne preostane mi drugega. Cilji morajo biti visoki.&#8221;<\/p>\n","protected":false},"excerpt":{"rendered":"<p>Ljubljana, 06. oktobra (STA) &#8211; Konec tedna je bila v<span class=\"excerpt-hellip\"> [\u2026]<\/span><\/p>\n","protected":false},"author":3,"featured_media":1027,"comment_status":"open","ping_status":"open","sticky":false,"template":"","format":"standard","meta":{"_monsterinsights_skip_tracking":false,"_monsterinsights_sitenote_active":false,"_monsterinsights_sitenote_note":"","_monsterinsights_sitenote_category":0,"footnotes":""},"categories":[28],"tags":[],"class_list":["post-1023","post","type-post","status-publish","format-standard","has-post-thumbnail","hentry","category-vrhunski-sport"],"_links":{"self":[{"href":"https:\/\/www.gimnasticna-zveza.si\/index.php\/wp-json\/wp\/v2\/posts\/1023","targetHints":{"allow":["GET"]}}],"collection":[{"href":"https:\/\/www.gimnasticna-zveza.si\/index.php\/wp-json\/wp\/v2\/posts"}],"about":[{"href":"https:\/\/www.gimnasticna-zveza.si\/index.php\/wp-json\/wp\/v2\/types\/post"}],"author":[{"embeddable":true,"href":"https:\/\/www.gimnasticna-zveza.si\/index.php\/wp-json\/wp\/v2\/users\/3"}],"replies":[{"embeddable":true,"href":"https:\/\/www.gimnasticna-zveza.si\/index.php\/wp-json\/wp\/v2\/comments?post=1023"}],"version-history":[{"count":1,"href":"https:\/\/www.gimnasticna-zveza.si\/index.php\/wp-json\/wp\/v2\/posts\/1023\/revisions"}],"predecessor-version":[{"id":1026,"href":"https:\/\/www.gimnasticna-zveza.si\/index.php\/wp-json\/wp\/v2\/posts\/1023\/revisions\/1026"}],"wp:featuredmedia":[{"embeddable":true,"href":"https:\/\/www.gimnasticna-zveza.si\/index.php\/wp-json\/wp\/v2\/media\/1027"}],"wp:attachment":[{"href":"https:\/\/www.gimnasticna-zveza.si\/index.php\/wp-json\/wp\/v2\/media?parent=1023"}],"wp:term":[{"taxonomy":"category","embeddable":true,"href":"https:\/\/www.gimnasticna-zveza.si\/index.php\/wp-json\/wp\/v2\/categories?post=1023"},{"taxonomy":"post_tag","embeddable":true,"href":"https:\/\/www.gimnasticna-zveza.si\/index.php\/wp-json\/wp\/v2\/tags?post=1023"}],"curies":[{"name":"wp","href":"https:\/\/api.w.org\/{rel}","templated":true}]}}